{"id":1057,"date":"2013-11-20T22:21:15","date_gmt":"2013-11-20T20:21:15","guid":{"rendered":"http:\/\/www.arqueroszamora.es\/?p=1057"},"modified":"2014-01-28T16:40:56","modified_gmt":"2014-01-28T15:40:56","slug":"ramiro-portales-daniel-garcia-mati-pena-beatriz-y-manso-se-adjudican-el-provincial-de-sala","status":"publish","type":"post","link":"http:\/\/www.arqueroszamora.es\/index.php\/2013\/11\/20\/ramiro-portales-daniel-garcia-mati-pena-beatriz-y-manso-se-adjudican-el-provincial-de-sala\/","title":{"rendered":"RAMIRO PORTALES, DANIEL GARC\u00cdA, MATI PE\u00d1A Y BEATRIZ MANSO SE ADJUDICAN EL PROVINCIAL DE SALA."},"content":{"rendered":"<p style=\"text-align: justify;\">En un ambiente de camarader\u00eda, buen humor y ganas de superar marcas personales, se celebr\u00f3 ayer en la Ciudad deportiva el Campeonato Provincial de Tiro conAarco en Sala de categor\u00eda senior y en las modalidades de arco ol\u00edmpico y compuesto.<br \/>\nLa actividad, con un total de 26 tiradores, sobre una distancia de 18m. y a diana triple vertical de 20cm, estuvo muy bien organizada por el C. Arqueros Zamora Reny Picot y por primera vez hubo participantes del reci\u00e9n creado C. D. Arqueros Benavente que le dieron un plus de competitividad, especialmente en arco compuesto. Adem\u00e1s fue destacable que hubo muchos participantes del club zamorano que se estrenaban en competici\u00f3n lo que da idea de la expansi\u00f3n que este deporte est\u00e1 teniendo en la ciudad.<br \/>\nRealizados los calentamientos y revisi\u00f3n de material a las 9:00h., se pas\u00f3 a la competici\u00f3n con la primera serie de 30 flechas en tandas de tres. Empezaron a sobresalir por sus marcas Carlos Garc\u00eda en compuesto y Ramiro Portales en ol\u00edmpico. La segunda tanda sigui\u00f3 derroteros semejantes y Carlos Garc\u00eda, sublime todo el campeonato, alcanzaba una marca muy alta. Le segu\u00ed a distancia Daniel Garc\u00eda y Jos\u00e9 M\u00aa Flores y los benaventanos Valent\u00edn Fijas y Joaqu\u00edn Marcos que tendr\u00edan que disputarse entre ellos dos una plaza en las eliminatorias, plaza que ser\u00eda para Joaqu\u00edn.<br \/>\nEn la primera eliminatoria Carlos se deshac\u00eda f\u00e1cilmente de Joaqu\u00edn y Daniel de Jos\u00e9 M\u00aa no sin cierto suspense sin nada que decidir hasta la \u00faltima flecha, flecha que dio vencedor a Daniel y pase a la final contra Carlos. En esta final era claramente favorito Carlos y as\u00ed empez\u00f3 a demostrarlo en la primera tanda y segunda, pero una flecha mal tirada le dio aire al rival que se agarr\u00f3 a su \u00fanica posibilidad y punto a punto logr\u00f3 batir a su padre y colgarse el oro contra pron\u00f3stico, algo que casi no pod\u00eda ni creerlo porque sus niveles t\u00e9cnicos est\u00e1n a a\u00f1os luz. Pero la grandeza de este deporte est\u00e1 en que nada es fijo y todo puede cambiar con una flecha si matem\u00e1ticamente hay posibilidades. En la otra eliminatoria por el bronce Jos\u00e9 Mar\u00eda ganaba claramente al benaventano Joaqu\u00edn siendo de esta forma el podio completo para el club zamorano.<br \/>\nEn arco ol\u00edmpico Ramiro Portales junto a Jos\u00e9 Luis Delgado, Jos\u00e9 Manuel Quintano , \u00c1lvaro Artime, Javier Sastre Gonz\u00e1lez, Rufino manso, Pablo Garc\u00eda, Javier Sastre Turrado, Manuel Artime, Antonio Prada,y Mario Diaz y Samuel Dom\u00ednguez ( un senior y un cadete que se estrenaban tambi\u00e9n en competici\u00f3n) peleaban por hacerse un hueco en las eliminatorias, eliminatorias en las que entraron los ocho primeros: Ramiro , Jos\u00e9 Luis, Rufino, Jos\u00e9 Manuel, Manuel , \u00c1lvaro , Javier y Mario. Pasaron a Semifinales Ramiro, Jos\u00e9 Luis, Jos\u00e9 Manuel y Javier. En estas semis Jos\u00e9 Luis ca\u00eda frente a Jos\u00e9 Manuel por un 7 puntos a 1 y Ramiro con un 6 a 0 frente a Javier era el segundo finalista. Esta final tambi\u00e9n la gan\u00f3 c\u00f3modamente Ramiro a Jos\u00e9 Manuel, llev\u00e1ndose con todo merecimiento el oro y la plata respectivamente. El bronce se lo disputaron Jos\u00e9 Luis contra Javier. Ganar\u00eda el primero con comodidad teniendo que conformarse Javier con la medalla de chocolate, pero que le supo a oro despu\u00e9s de un a\u00f1o en el dique seco.<br \/>\nMati Pe\u00f1a, lesionada en una rodilla, tambi\u00e9n hizo unas marcas muy buenas en compuesto que le valieron el oro, seguida de Raquel Sim\u00f3, plata, y Soraya \u00c1lvarez, bronce, muy nerviosas en los minutos previos porque se estrenaban en competici\u00f3n, pero que lo hicieron muy bien superados esos momentos.<br \/>\nBeatriz Manso fue la que tuvo menos oposici\u00f3n, aunque no por eso se relaj\u00f3, y no regal\u00f3 nada a M\u00f3nica Fern\u00e1ndez, valiente infantil que, a instancias de su entrenador, se atrevi\u00f3 a plantarle cara y alcanzar merecidamente la plata seguida del Ascensi\u00f3n Gonz\u00e1lez que se colg\u00f3 un peleado bronce.<br \/>\nAcabada la competici\u00f3n se hizo entrega de premios a los ganadores en la que estuvo presente el Delegado Provincial, Miguel Su\u00e1rez.<\/p>\n<p style=\"text-align: center;\"><a href=\"http:\/\/www.arqueroszamora.es\/wp-content\/uploads\/2013\/11\/DSC05864.jpg\"><img loading=\"lazy\" decoding=\"async\" class=\"aligncenter  wp-image-1058\" alt=\"DSC05864\" src=\"http:\/\/www.arqueroszamora.es\/wp-content\/uploads\/2013\/11\/DSC05864.jpg\" width=\"640\" height=\"480\" srcset=\"http:\/\/www.arqueroszamora.es\/wp-content\/uploads\/2013\/11\/DSC05864.jpg 800w, http:\/\/www.arqueroszamora.es\/wp-content\/uploads\/2013\/11\/DSC05864-300x225.jpg 300w\" sizes=\"auto, (max-width: 640px) 100vw, 640px\" \/><\/a><\/p>\n<p style=\"text-align: center;\"><a title=\"Galer\u00eda fotogr\u00e1fica provincial de sala 2014\" href=\"https:\/\/picasaweb.google.com\/106705070378411861359\/CAMPEONATOPROVINCIALSALA2014\" target=\"_blank\">M\u00c1S FOTOS<\/a><\/p>\n","protected":false},"excerpt":{"rendered":"<p>En un ambiente de camarader\u00eda, buen humor y ganas de superar marcas personales, se celebr\u00f3 ayer en la Ciudad deportiva el Campeonato Provincial de Tiro conAarco en Sala de categor\u00eda senior y en las modalidades de arco ol\u00edmpico y compuesto. La actividad, con un total de 26 tiradores, sobre una distancia de 18m. y a\u2026 <span class=\"read-more\"><a href=\"http:\/\/www.arqueroszamora.es\/index.php\/2013\/11\/20\/ramiro-portales-daniel-garcia-mati-pena-beatriz-y-manso-se-adjudican-el-provincial-de-sala\/\">Leer m\u00e1s &raquo;<\/a><\/span><\/p>\n","protected":false},"author":1,"featured_media":0,"comment_status":"open","ping_status":"open","sticky":false,"template":"","format":"standard","meta":{"footnotes":""},"categories":[7],"tags":[],"class_list":["post-1057","post","type-post","status-publish","format-standard","hentry","category-noticias"],"_links":{"self":[{"href":"http:\/\/www.arqueroszamora.es\/index.php\/wp-json\/wp\/v2\/posts\/1057","targetHints":{"allow":["GET"]}}],"collection":[{"href":"http:\/\/www.arqueroszamora.es\/index.php\/wp-json\/wp\/v2\/posts"}],"about":[{"href":"http:\/\/www.arqueroszamora.es\/index.php\/wp-json\/wp\/v2\/types\/post"}],"author":[{"embeddable":true,"href":"http:\/\/www.arqueroszamora.es\/index.php\/wp-json\/wp\/v2\/users\/1"}],"replies":[{"embeddable":true,"href":"http:\/\/www.arqueroszamora.es\/index.php\/wp-json\/wp\/v2\/comments?post=1057"}],"version-history":[{"count":0,"href":"http:\/\/www.arqueroszamora.es\/index.php\/wp-json\/wp\/v2\/posts\/1057\/revisions"}],"wp:attachment":[{"href":"http:\/\/www.arqueroszamora.es\/index.php\/wp-json\/wp\/v2\/media?parent=1057"}],"wp:term":[{"taxonomy":"category","embeddable":true,"href":"http:\/\/www.arqueroszamora.es\/index.php\/wp-json\/wp\/v2\/categories?post=1057"},{"taxonomy":"post_tag","embeddable":true,"href":"http:\/\/www.arqueroszamora.es\/index.php\/wp-json\/wp\/v2\/tags?post=1057"}],"curies":[{"name":"wp","href":"https:\/\/api.w.org\/{rel}","templated":true}]}}