{"id":1066,"date":"2013-11-20T22:35:48","date_gmt":"2013-11-20T20:35:48","guid":{"rendered":"http:\/\/www.arqueroszamora.es\/?p=1066"},"modified":"2013-12-29T23:00:41","modified_gmt":"2013-12-29T21:00:41","slug":"xv-torneo-nacional-de-navidad-de-tiro-con-arco-y-ii-trofeo-reny-picot-2013","status":"publish","type":"post","link":"http:\/\/www.arqueroszamora.es\/index.php\/2013\/11\/20\/xv-torneo-nacional-de-navidad-de-tiro-con-arco-y-ii-trofeo-reny-picot-2013\/","title":{"rendered":"XV TORNEO NACIONAL DE NAVIDAD DE TIRO CON ARCO  y II TROFEO RENY PICOT 2013."},"content":{"rendered":"<p style=\"text-align: center;\"><a href=\"http:\/\/www.arqueroszamora.es\/wp-content\/uploads\/2013\/11\/CARTEL_NAVIDAD_2013.jpg\"><img loading=\"lazy\" decoding=\"async\" class=\"aligncenter size-full wp-image-1067\" alt=\"CARTEL_NAVIDAD_2013\" src=\"http:\/\/www.arqueroszamora.es\/wp-content\/uploads\/2013\/11\/CARTEL_NAVIDAD_2013.jpg\" width=\"500\" height=\"746\" srcset=\"http:\/\/www.arqueroszamora.es\/wp-content\/uploads\/2013\/11\/CARTEL_NAVIDAD_2013.jpg 500w, http:\/\/www.arqueroszamora.es\/wp-content\/uploads\/2013\/11\/CARTEL_NAVIDAD_2013-201x300.jpg 201w\" sizes=\"auto, (max-width: 500px) 100vw, 500px\" \/><\/a><a title=\"Convocatoria_Navidad_Arqueros_Zamora\" href=\"http:\/\/www.arqueroszamora.es\/wp-content\/uploads\/2013\/11\/CONVOCATORIA-TORNEO-NAVIDAD-2013.pdf\" target=\"_blank\">CONVOCATORIA <\/a>\u00a0 \u00a0 \u00a0 <a title=\"Listado Definitivo de participantes en el torneo de Navidad de tiro con arco. Zamora\" href=\"http:\/\/www.arqueroszamora.es\/wp-content\/uploads\/2013\/11\/Listado_Definitivo.pdf\" target=\"_blank\">LISTADO DEFINITIVO<\/a>\u00a0 &#8211; <a title=\"Reservas torneo de Navidad de tiro con arco. Zamora.\" href=\"http:\/\/www.arqueroszamora.es\/wp-content\/uploads\/2013\/11\/LISTA-DE-ESPERA.pdf\" target=\"_blank\">RESERVAS<\/a> \u00a0 \u00a0\u00a0 <a title=\"Resultados Torneo Navidad Zamora 2013\" href=\"http:\/\/www.arqueroszamora.es\/wp-content\/uploads\/2013\/12\/clasificacion-Torneo-Nacional-de-Navidad-2013.pdf\" target=\"_blank\">RESULTADOS<\/a> \u00a0 \u00a0 \u00a0 \u00a0 \u00a0<a title=\"Fotograf\u00edas Torneo Navidad de Tiro con Arco. Zamora 2013\" href=\"https:\/\/picasaweb.google.com\/106705070378411861359\/TORNEONAVIDAD2013\" target=\"_blank\">FOTOGRAFIAS<\/a><\/p>\n<p style=\"text-align: center;\">ATENCI\u00d3N. -&gt; NO SE PUBLICAR\u00c1N M\u00c1S MODIFICACIONES. LAS QUE PUDIERAN PRODUCIRSE SE COMUNICAR\u00c1N A LOS INTERESADOS.<\/p>\n","protected":false},"excerpt":{"rendered":"<p>CONVOCATORIA \u00a0 \u00a0 \u00a0 LISTADO DEFINITIVO\u00a0 &#8211; RESERVAS \u00a0 \u00a0\u00a0 RESULTADOS \u00a0 \u00a0 \u00a0 \u00a0 \u00a0FOTOGRAFIAS ATENCI\u00d3N. -&gt; NO SE PUBLICAR\u00c1N M\u00c1S MODIFICACIONES. LAS QUE PUDIERAN PRODUCIRSE SE COMUNICAR\u00c1N A LOS INTERESADOS.<\/p>\n","protected":false},"author":1,"featured_media":0,"comment_status":"open","ping_status":"open","sticky":false,"template":"","format":"standard","meta":{"footnotes":""},"categories":[7],"tags":[],"class_list":["post-1066","post","type-post","status-publish","format-standard","hentry","category-noticias"],"_links":{"self":[{"href":"http:\/\/www.arqueroszamora.es\/index.php\/wp-json\/wp\/v2\/posts\/1066","targetHints":{"allow":["GET"]}}],"collection":[{"href":"http:\/\/www.arqueroszamora.es\/index.php\/wp-json\/wp\/v2\/posts"}],"about":[{"href":"http:\/\/www.arqueroszamora.es\/index.php\/wp-json\/wp\/v2\/types\/post"}],"author":[{"embeddable":true,"href":"http:\/\/www.arqueroszamora.es\/index.php\/wp-json\/wp\/v2\/users\/1"}],"replies":[{"embeddable":true,"href":"http:\/\/www.arqueroszamora.es\/index.php\/wp-json\/wp\/v2\/comments?post=1066"}],"version-history":[{"count":0,"href":"http:\/\/www.arqueroszamora.es\/index.php\/wp-json\/wp\/v2\/posts\/1066\/revisions"}],"wp:attachment":[{"href":"http:\/\/www.arqueroszamora.es\/index.php\/wp-json\/wp\/v2\/media?parent=1066"}],"wp:term":[{"taxonomy":"category","embeddable":true,"href":"http:\/\/www.arqueroszamora.es\/index.php\/wp-json\/wp\/v2\/categories?post=1066"},{"taxonomy":"post_tag","embeddable":true,"href":"http:\/\/www.arqueroszamora.es\/index.php\/wp-json\/wp\/v2\/tags?post=1066"}],"curies":[{"name":"wp","href":"https:\/\/api.w.org\/{rel}","templated":true}]}}