{"id":1139,"date":"2014-01-21T00:11:44","date_gmt":"2014-01-20T22:11:44","guid":{"rendered":"http:\/\/www.arqueroszamora.es\/?p=1139"},"modified":"2014-01-21T00:16:31","modified_gmt":"2014-01-20T22:16:31","slug":"zamora-no-se-bajo-del-podio-en-el-territorial-de-tiro-con-arco","status":"publish","type":"post","link":"http:\/\/www.arqueroszamora.es\/index.php\/2014\/01\/21\/zamora-no-se-bajo-del-podio-en-el-territorial-de-tiro-con-arco\/","title":{"rendered":"ZAMORA NO SE BAJ\u00d3 DEL PODIO EN EL TERRITORIAL DE TIRO CON ARCO."},"content":{"rendered":"<div id=\"attachment_1140\" style=\"width: 650px\" class=\"wp-caption aligncenter\"><a href=\"http:\/\/www.arqueroszamora.es\/wp-content\/uploads\/2014\/01\/Linea_De_Tiro.png\" target=\"_blank\"><img loading=\"lazy\" decoding=\"async\" aria-describedby=\"caption-attachment-1140\" class=\" wp-image-1140 \" title=\"Participantes en el Torneo Regional de Sala de tiro con arco. Castilla y Le\u00f3n\" alt=\"Linea_De_Tiro\" src=\"http:\/\/www.arqueroszamora.es\/wp-content\/uploads\/2014\/01\/Linea_De_Tiro.png\" width=\"640\" height=\"218\" srcset=\"http:\/\/www.arqueroszamora.es\/wp-content\/uploads\/2014\/01\/Linea_De_Tiro.png 800w, http:\/\/www.arqueroszamora.es\/wp-content\/uploads\/2014\/01\/Linea_De_Tiro-300x102.png 300w\" sizes=\"auto, (max-width: 640px) 100vw, 640px\" \/><\/a><p id=\"caption-attachment-1140\" class=\"wp-caption-text\">Linea de Tiro &#8211; Salamanca 19 de enero de 2014<\/p><\/div>\n<p style=\"text-align: justify;\">Muy buena la actuaci\u00f3n de los arqueros zamoranos en el campeonato de Castilla y Le\u00f3n de tiro con Arco Junior y Absoluto que se celebr\u00f3 en Salamanca este domingo y que fue organizado por el club La Cuerda Floja y al que asistieron 80 tiradores de toda la regi\u00f3n.<br \/>\nEl formato del campeonato tuvo el mismo que el de los Grandes Premios de Espa\u00f1a: el podio de los junior sali\u00f3 de las tandas clasificatorias, sin eliminatorias, pero su puntuaci\u00f3n era v\u00e1lida para entrar en las eliminatorias de los senior si estaban dentro del corte.<br \/>\nTrece fueron los deportistas zamoranos que se desplazaron a la ciudad charra. <strong>\u00c1lvaro Artime y Javier Sastre Gonz\u00e1lez, <\/strong>que aunque cadetes compitieron como junior y senior<strong>. Beatriz Manso, junior. Jos\u00e9 Manuel Quintano, Javier Sastre Turrado, Ramiro Portales, Rufino Manso, Manuel Artime, Mati Pe\u00f1a, Mario D\u00edaz, Raquel Sim\u00f3, Carlos Garc\u00eda y Daniel Garc\u00eda<\/strong> como senior.<\/p>\n<div id=\"attachment_1142\" style=\"width: 298px\" class=\"wp-caption alignright\"><a href=\"http:\/\/www.arqueroszamora.es\/wp-content\/uploads\/2014\/01\/expedicci\u00f3n-zamorana.jpg\" target=\"_blank\"><img loading=\"lazy\" decoding=\"async\" aria-describedby=\"caption-attachment-1142\" class=\"wp-image-1142  \" title=\"Expedici\u00f3n zamorana junto al juez y delegado provincial de Zamora Miguel Su\u00e1rez\" alt=\"expedicci\u00f3n zamorana\" src=\"http:\/\/www.arqueroszamora.es\/wp-content\/uploads\/2014\/01\/expedicci\u00f3n-zamorana.jpg\" width=\"288\" height=\"216\" srcset=\"http:\/\/www.arqueroszamora.es\/wp-content\/uploads\/2014\/01\/expedicci\u00f3n-zamorana.jpg 800w, http:\/\/www.arqueroszamora.es\/wp-content\/uploads\/2014\/01\/expedicci\u00f3n-zamorana-300x225.jpg 300w\" sizes=\"auto, (max-width: 288px) 100vw, 288px\" \/><\/a><p id=\"caption-attachment-1142\" class=\"wp-caption-text\">Expedici\u00f3n zamorana junto al juez y delegado provincial de Zamora Miguel Su\u00e1rez<\/p><\/div>\n<p>Las marcas que se hicieron no fueron buenas en pr\u00e1cticamente ning\u00fan tirador del campeonato, a\u00fan as\u00ed los m\u00e1s destacados entre los nuestros fueron los cadetes y junior que adem\u00e1s de estar en el podio junior estuvieron tambi\u00e9n en el senior, demostrando que la cantera viene muy fuerte no s\u00f3lo en Zamora, sino en el resto de la regi\u00f3n dado que el campe\u00f3n senior fue un junior burgal\u00e9s.<br \/>\nEn el podio junior recurvo femenino <strong>Beatriz Manso<\/strong>, a pesar de no hacer su mejor tirada, se colg\u00f3 una merecida plata.<br \/>\nEn junior masculino recurvo nuestro representante en el podio fue <strong>Javier Sastre Gonz\u00e1lez<\/strong> que con su bronce confirmaba estar recuperado de la ansiedad que ha sufrido durante un a\u00f1o y que le imped\u00eda rendir a un mayor nivel. Vuelve a disfrutar del tiro con arco y esto es muy positivo para \u00e9l y el arco zamorano. En este mismo podio <strong>\u00c1lvaro Artime<\/strong> tra\u00eda para casa diploma por su cuarto puesto y adem\u00e1s muy buenas sensaciones en la l\u00ednea de tiro que seguro le va a reportar muchos beneficios deportivos a corto plazo.<br \/>\nA las eliminatorias de senior recurvo lograban acceder la cadete <strong>Beatriz Manso<\/strong> y el junior <strong>Javier Sastre<\/strong>. <strong>Beatriz<\/strong> en la primera eliminatoria se deshac\u00eda con facilidad de la burgalesa <strong>Itziar Quevedo<\/strong>. En semifinales no pudo con <strong>Cristina Olalla<\/strong>, otra burgalesa con la que tuvo que desempatar a una flecha y la suerte no se ali\u00f3 con la zamorana. En la lucha por el bronce con <strong>Roc\u00edo Oland\u00eda<\/strong>, otra junior vallisoletana, las espadas estuvieron en todo lo alto y hubo que llegar de nuevo a la flecha desempate. El deporte siempre da una segunda oportunidad y en este caso hizo justicia con <strong>Beatriz<\/strong>. Las dos hicieron un 10, pero el de Beatriz estaba m\u00e1s cerca del centro equidistante. Este bronce le supo a oro y con \u00e9l se convirti\u00f3 en la doble medallista de Zamora.<br \/>\nEn las eliminatorias de senior recurvo masculino, <strong>Ramiro Portales<\/strong>, aunque no pudo hacer una buena marca clasificatoria, en las eliminatorias siempre es un seguro. Pas\u00f3 los cuartos sin problemas. En semis le toc\u00f3 contra el junior burgal\u00e9s <strong>Pablo Acha<\/strong>, posiblemente el arquero m\u00e1s en forma ahora mismo de Castilla y Le\u00f3n. No le dio opci\u00f3n y lo mand\u00f3 a lucha por el bronce contra su compa\u00f1ero, el junior <strong>Javier Sastre<\/strong>, que ya hab\u00eda eliminado en cuartos a uno de los favoritos al podio, el leon\u00e9s <strong>Mario Ca\u00f1\u00f3n<\/strong>. En semis cay\u00f3 frente a otro tirador berciano. En la pelea por el bronce contra <strong>Ramiro Portales<\/strong> el cansancio ya hizo mella en los dos y finalmente el bronce fue para <strong>Ramiro<\/strong> y diploma para <strong>Javier<\/strong> que le supo a medalla.<br \/>\nEn arco compuesto <strong>Mati Pe\u00f1a<\/strong>, fue la \u00fanica que logr\u00f3 entrar en las eliminatorias como segunda clasificada con una buena marca por detr\u00e1s de la excampeona de Espa\u00f1a, la palentina <strong>Mar\u00eda G\u00f3mez<\/strong>. En la primera eliminatoria <strong>Mati<\/strong> se deshac\u00eda sin dificultad de la salmantina <strong>Anabel \u00c1lvarez<\/strong> . En semis ganar\u00eda tambi\u00e9n a otra local, <strong>Juani Pedregosa<\/strong> y la lucha por el oro, s\u00f3lo pod\u00eda ser contra <strong>Mar\u00eda G\u00f3mez<\/strong>. La pelea estuvo re\u00f1ida hasta el final y por s\u00f3lo dos puntos se qued\u00f3 con la plata. No obstante hizo buen campeonato y buenas eliminatorias. Sigue siendo un seguro en arco compuesto y siempre rinde a un gran nivel. En esta misma categor\u00eda y modalidad <strong>Raquel Sim\u00f3<\/strong> se estrenaba en competici\u00f3n oficial y una vez superados los nervios iniciales lo hizo bien y a su nivel.<br \/>\nQuien se iba de este campeonato con mal sabor de boca era <strong>Carlos Garc\u00eda<\/strong> que no pudo estar a la altura. La calefacci\u00f3n de aire le resecaba las lentillas y le imped\u00eda apuntar con claridad, y por tanto sin ritmo adecuado de tiro, algo que en arco compuesto pasa factura si habitualmente se utilizan elementos correctores de la visi\u00f3n dado que para apuntar se usan tambi\u00e9n elementos \u00f3pticos.<br \/>\nTanto \u00e9l como<strong> Daniel Garc\u00eda<\/strong> no pudieron estar en sus niveles habituales y les impidi\u00f3 entrar en las eliminatorias.<br \/>\nEn definitiva, aunque no hubo campeones, si que hubo bastantes podios para los zamoranos que le situaron por cantidad de medallas en el primer lugar del medallero y que hace justicia al trabajo diario con las bases.<br \/>\nLa pr\u00f3xima cita ser\u00e1 en domingo en Burgos donde los menores de 14 a\u00f1os y cadetes se medir\u00e1n para ver qui\u00e9nes son los campeones regionales. Zamora ha inscrito a 14 j\u00f3venes arqueros de todas las categor\u00edas.<\/p>\n<div id=\"attachment_1143\" style=\"width: 610px\" class=\"wp-caption aligncenter\"><a href=\"http:\/\/www.arqueroszamora.es\/wp-content\/uploads\/2014\/01\/medallistas-zamoranos-en-el-podio.jpg\" target=\"_blank\"><img loading=\"lazy\" decoding=\"async\" aria-describedby=\"caption-attachment-1143\" class=\" wp-image-1143 \" title=\"Medallistas Zamoranos en el Regional de Tiro con arco\" alt=\"medallistas zamoranos en el podio\" src=\"http:\/\/www.arqueroszamora.es\/wp-content\/uploads\/2014\/01\/medallistas-zamoranos-en-el-podio.jpg\" width=\"600\" height=\"400\" \/><\/a><p id=\"caption-attachment-1143\" class=\"wp-caption-text\">Alvaro, Mati, Beatriz, Javier y Ramiro.<\/p><\/div>\n<p style=\"text-align: center;\">RESULTADOS -&gt; <a title=\"Resultados ronda clasificatoria\" href=\"http:\/\/www.arqueroszamora.es\/wp-content\/uploads\/2014\/01\/series.pdf\" target=\"_blank\">SERIES<\/a> &#8211; <a title=\"Resumen final de la tirada\" href=\"http:\/\/www.arqueroszamora.es\/wp-content\/uploads\/2014\/01\/resumen-final.pdf\" target=\"_blank\">RESUMEN FINAL<\/a><\/p>\n","protected":false},"excerpt":{"rendered":"<p>Muy buena la actuaci\u00f3n de los arqueros zamoranos en el campeonato de Castilla y Le\u00f3n de tiro con Arco Junior y Absoluto que se celebr\u00f3 en Salamanca este domingo y que fue organizado por el club La Cuerda Floja y al que asistieron 80 tiradores de toda la regi\u00f3n. El formato del campeonato tuvo el\u2026 <span class=\"read-more\"><a href=\"http:\/\/www.arqueroszamora.es\/index.php\/2014\/01\/21\/zamora-no-se-bajo-del-podio-en-el-territorial-de-tiro-con-arco\/\">Leer m\u00e1s &raquo;<\/a><\/span><\/p>\n","protected":false},"author":1,"featured_media":0,"comment_status":"open","ping_status":"open","sticky":false,"template":"","format":"standard","meta":{"footnotes":""},"categories":[7],"tags":[],"class_list":["post-1139","post","type-post","status-publish","format-standard","hentry","category-noticias"],"_links":{"self":[{"href":"http:\/\/www.arqueroszamora.es\/index.php\/wp-json\/wp\/v2\/posts\/1139","targetHints":{"allow":["GET"]}}],"collection":[{"href":"http:\/\/www.arqueroszamora.es\/index.php\/wp-json\/wp\/v2\/posts"}],"about":[{"href":"http:\/\/www.arqueroszamora.es\/index.php\/wp-json\/wp\/v2\/types\/post"}],"author":[{"embeddable":true,"href":"http:\/\/www.arqueroszamora.es\/index.php\/wp-json\/wp\/v2\/users\/1"}],"replies":[{"embeddable":true,"href":"http:\/\/www.arqueroszamora.es\/index.php\/wp-json\/wp\/v2\/comments?post=1139"}],"version-history":[{"count":0,"href":"http:\/\/www.arqueroszamora.es\/index.php\/wp-json\/wp\/v2\/posts\/1139\/revisions"}],"wp:attachment":[{"href":"http:\/\/www.arqueroszamora.es\/index.php\/wp-json\/wp\/v2\/media?parent=1139"}],"wp:term":[{"taxonomy":"category","embeddable":true,"href":"http:\/\/www.arqueroszamora.es\/index.php\/wp-json\/wp\/v2\/categories?post=1139"},{"taxonomy":"post_tag","embeddable":true,"href":"http:\/\/www.arqueroszamora.es\/index.php\/wp-json\/wp\/v2\/tags?post=1139"}],"curies":[{"name":"wp","href":"https:\/\/api.w.org\/{rel}","templated":true}]}}