{"id":1153,"date":"2014-01-28T14:55:10","date_gmt":"2014-01-28T12:55:10","guid":{"rendered":"http:\/\/www.arqueroszamora.es\/?p=1153"},"modified":"2014-02-10T18:17:40","modified_gmt":"2014-02-10T17:17:40","slug":"excelente-actuacion-de-los-joves-arqueros-zamoranos-en-el-territorial-celebrado-en-burgos","status":"publish","type":"post","link":"http:\/\/www.arqueroszamora.es\/index.php\/2014\/01\/28\/excelente-actuacion-de-los-joves-arqueros-zamoranos-en-el-territorial-celebrado-en-burgos\/","title":{"rendered":"EXCELENTE ACTUACI\u00d3N DE LOS J\u00d3VENES ARQUEROS ZAMORANOS EN EL TERRITORIAL CELEBRADO EN BURGOS"},"content":{"rendered":"<p style=\"text-align: justify;\"><a href=\"http:\/\/www.arqueroszamora.es\/wp-content\/uploads\/2014\/01\/ganadores.jpg\" target=\"_blank\"><img loading=\"lazy\" decoding=\"async\" class=\"aligncenter size-full wp-image-1156\" alt=\"Ganadores Arqueros Zamora\" src=\"http:\/\/www.arqueroszamora.es\/wp-content\/uploads\/2014\/01\/ganadores.jpg\" width=\"550\" height=\"368\" srcset=\"http:\/\/www.arqueroszamora.es\/wp-content\/uploads\/2014\/01\/ganadores.jpg 550w, http:\/\/www.arqueroszamora.es\/wp-content\/uploads\/2014\/01\/ganadores-300x200.jpg 300w\" sizes=\"auto, (max-width: 550px) 100vw, 550px\" \/><\/a>Hasta Burgos se desplazaron el domingo 12 j\u00f3venes arqueros del <strong>C.D. Arqueros Zamora Reny Picot<\/strong>\u00a0 de edades comprendidas entra los 8 y 16 a\u00f1os para disputar junto a m\u00e1s de 74 tiradores el Campeonato Territorial de Edades, organizado por el C.D Arco Cid.\u00a0 Estuvieron acompa\u00f1ados por los t\u00e9cnicos <strong>Carlos Garc\u00eda, Javier Sastre y Daniel Garc\u00eda<\/strong>.<br \/>\nCon unas gradas llenas de familiares y amigos, los benjamines, alevines, infantiles y cadetes comenzaron la competici\u00f3n y\u00a0 se las tuvieron tiesas contra rivales duros de pelar que no regalaban nada, por lo que tuvieron que emplearse a fondo para subir al podio.<br \/>\nSiete metales y dos diplomas al cuarto puesto viajaron a Zamora fruto de ese esfuerzo. <strong>Adri\u00e1n Moreira<\/strong> se proclamaba por primera vez campe\u00f3n regional benjam\u00edn al hacer una buena tirada imponi\u00e9ndose claramente a sus rivales haciendo as\u00ed justicia a su trabajo diario y buena actitud ante el deporte. Su compa\u00f1ero <strong>Sergio Lorience<\/strong>, en clara ascensi\u00f3n t\u00e9cnica, tambi\u00e9n sub\u00eda al podio, escoltando a <strong>Adri\u00e1n,<\/strong> con el bronce.<br \/>\n<strong>Jorge \u00c1lvarez<\/strong>, alev\u00edn, volv\u00eda a la ciudad con otro oro. Un oro que ya llevaba un par de a\u00f1os rond\u00e1ndolo y que por\u00a0 fin ayer consigui\u00f3 con todo merecimiento.<br \/>\nUna plata fue para <strong>Mario Mart\u00edn<\/strong> que se ha cambiado de recurvo a poleas hace una semana y ya logr\u00f3 ser plata a s\u00f3lo dos puntos del campe\u00f3n berciano demostrando muy buenas maneras con la nueva modalidad.<br \/>\nEl infantil <strong>Samuel Galv\u00e1n<\/strong>, que\u00a0 hab\u00eda sido segundo en las tandas clasificatorias, se hac\u00eda con otra plata despu\u00e9s de derrotar en las eliminatorias a rivales de entidad y que s\u00f3lo el campe\u00f3n, de Salamanca, impidi\u00f3 colgarse el aureo metal. En esta misma categor\u00eda <strong>Luis Prada<\/strong>, primero en la clasificatoria con una buena marca, no logr\u00f3 deshacerse en semifinales de su rival lo que le llev\u00f3 a pelear por el bronce y ganarlo con relativa facilidad.<br \/>\nLos cadetes <strong>\u00c1lvaro Artime, Gonzalo Vaquero <\/strong>y<strong> Javier Sastre<\/strong> y tuvieron m\u00e1s problemas de la cuenta en las tandas clasificatorias de manera que s\u00f3lo accedieron los dos primeros en segundo y tercer lugar. <strong>\u00c1lvaro<\/strong> estuvo nervioso en semifinales, no obstante se tranquiliz\u00f3 y logr\u00f3 deshacerse del salmantino <strong>Carlos Iglesias<\/strong>, quiz\u00e1 favorito. En la final contra <strong>V\u00edctor Jasp<\/strong>e, otro charro, volvi\u00f3 al estado nervioso: para cuando se tranquiliz\u00f3 ya era tarde y tuvo que conformarse con la plata, plata muy buena a tenor de los problemas habidos en la clasificatoria.<\/p>\n<p style=\"text-align: justify;\">Por su parte a <strong>Gonzalo<\/strong>, aunque m\u00e1s tranquilo, le tocaron los rivales m\u00e1s fuertes: Primero <strong>V\u00edctor<\/strong> y luego <strong>Carlos<\/strong>. No lo hizo mal pero sus rivales est\u00e1n en un nivel superior, no le dieron opci\u00f3n y se vino con un honroso diploma.<br \/>\nDestacaron tambi\u00e9n en recurvo los alevines <strong>Sara Criado<\/strong> que consigui\u00f3 el cuarto lugar alcanzando una buena marca en la segunda ronda clasificatoria. Tambi\u00e9n <strong>Raquel Gonz\u00e1lez<\/strong>, en franca mejor\u00eda se colocaba quinta. Otro arquero que ha experimentado una gran mejor\u00eda t\u00e9cnica es <strong>Marcos Cabrero<\/strong> que qued\u00f3 octavo en una categor\u00eda, alev\u00edn, de las m\u00e1s pobladas del campeonato.<br \/>\nEste campeonato era tambi\u00e9n valedero para la Liga Territorial de Edades y Cadetes, que consta de tres tiradas. La segunda ser\u00e1 en Zamora el 9 de marzo y culminar\u00e1 el 22 de junio.<br \/>\nEsta actuaci\u00f3n supone para el <strong>C.D.Arqueros Zamora<\/strong> la segunda posici\u00f3n en el medallero por clubes, detr\u00e1s del <strong>C.D. La Flecha, de Salamanca<\/strong>.<\/p>\n<div id=\"attachment_1158\" style=\"width: 650px\" class=\"wp-caption aligncenter\"><a href=\"http:\/\/www.arqueroszamora.es\/wp-content\/uploads\/2014\/01\/Expedicion.jpg\" target=\"_blank\"><img loading=\"lazy\" decoding=\"async\" aria-describedby=\"caption-attachment-1158\" class=\" wp-image-1158\" title=\"Arqueros de Zamora en Burgos\" alt=\"Arqueros Zamoranos en Burgos\" src=\"http:\/\/www.arqueroszamora.es\/wp-content\/uploads\/2014\/01\/Expedicion.jpg\" width=\"640\" height=\"309\" srcset=\"http:\/\/www.arqueroszamora.es\/wp-content\/uploads\/2014\/01\/Expedicion.jpg 800w, http:\/\/www.arqueroszamora.es\/wp-content\/uploads\/2014\/01\/Expedicion-300x144.jpg 300w\" sizes=\"auto, (max-width: 640px) 100vw, 640px\" \/><\/a><p id=\"caption-attachment-1158\" class=\"wp-caption-text\">Todos los participantes acompa\u00f1ados de sus entrenadores<\/p><\/div>\n<p style=\"text-align: center;\"><a title=\"Fotografias del campeonato territorial de tiro con arco\" href=\"https:\/\/picasaweb.google.com\/106705070378411861359\/REGIONALMENORESYCADETESBURGOS\" target=\"_blank\">M\u00c1S FOTOS<\/a><\/p>\n","protected":false},"excerpt":{"rendered":"<p>Hasta Burgos se desplazaron el domingo 12 j\u00f3venes arqueros del C.D. Arqueros Zamora Reny Picot\u00a0 de edades comprendidas entra los 8 y 16 a\u00f1os para disputar junto a m\u00e1s de 74 tiradores el Campeonato Territorial de Edades, organizado por el C.D Arco Cid.\u00a0 Estuvieron acompa\u00f1ados por los t\u00e9cnicos Carlos Garc\u00eda, Javier Sastre y Daniel Garc\u00eda.\u2026 <span class=\"read-more\"><a href=\"http:\/\/www.arqueroszamora.es\/index.php\/2014\/01\/28\/excelente-actuacion-de-los-joves-arqueros-zamoranos-en-el-territorial-celebrado-en-burgos\/\">Leer m\u00e1s &raquo;<\/a><\/span><\/p>\n","protected":false},"author":1,"featured_media":0,"comment_status":"open","ping_status":"closed","sticky":false,"template":"","format":"standard","meta":{"footnotes":""},"categories":[4,7],"tags":[],"class_list":["post-1153","post","type-post","status-publish","format-standard","hentry","category-competiciones","category-noticias"],"_links":{"self":[{"href":"http:\/\/www.arqueroszamora.es\/index.php\/wp-json\/wp\/v2\/posts\/1153","targetHints":{"allow":["GET"]}}],"collection":[{"href":"http:\/\/www.arqueroszamora.es\/index.php\/wp-json\/wp\/v2\/posts"}],"about":[{"href":"http:\/\/www.arqueroszamora.es\/index.php\/wp-json\/wp\/v2\/types\/post"}],"author":[{"embeddable":true,"href":"http:\/\/www.arqueroszamora.es\/index.php\/wp-json\/wp\/v2\/users\/1"}],"replies":[{"embeddable":true,"href":"http:\/\/www.arqueroszamora.es\/index.php\/wp-json\/wp\/v2\/comments?post=1153"}],"version-history":[{"count":0,"href":"http:\/\/www.arqueroszamora.es\/index.php\/wp-json\/wp\/v2\/posts\/1153\/revisions"}],"wp:attachment":[{"href":"http:\/\/www.arqueroszamora.es\/index.php\/wp-json\/wp\/v2\/media?parent=1153"}],"wp:term":[{"taxonomy":"category","embeddable":true,"href":"http:\/\/www.arqueroszamora.es\/index.php\/wp-json\/wp\/v2\/categories?post=1153"},{"taxonomy":"post_tag","embeddable":true,"href":"http:\/\/www.arqueroszamora.es\/index.php\/wp-json\/wp\/v2\/tags?post=1153"}],"curies":[{"name":"wp","href":"https:\/\/api.w.org\/{rel}","templated":true}]}}