{"id":1167,"date":"2014-02-10T18:15:17","date_gmt":"2014-02-10T17:15:17","guid":{"rendered":"http:\/\/www.arqueroszamora.es\/?p=1167"},"modified":"2014-02-10T18:15:17","modified_gmt":"2014-02-10T17:15:17","slug":"sabor-zamorano-en-el-i-campeonato-territorial-de-tiro-con-arco-de-veteranos-en-sala","status":"publish","type":"post","link":"http:\/\/www.arqueroszamora.es\/index.php\/2014\/02\/10\/sabor-zamorano-en-el-i-campeonato-territorial-de-tiro-con-arco-de-veteranos-en-sala\/","title":{"rendered":"SABOR ZAMORANO EN EL I CAMPEONATO TERRITORIAL DE TIRO CON ARCO DE VETERANOS EN SALA."},"content":{"rendered":"<div id=\"attachment_1169\" style=\"width: 658px\" class=\"wp-caption aligncenter\"><a href=\"http:\/\/www.arqueroszamora.es\/wp-content\/uploads\/2014\/02\/Foto1.png\" target=\"_blank\"><img loading=\"lazy\" decoding=\"async\" aria-describedby=\"caption-attachment-1169\" class=\"size-full wp-image-1169 \" alt=\"Tano, Ramiro, Manuel, Javier, Daniel y Mati\" src=\"http:\/\/www.arqueroszamora.es\/wp-content\/uploads\/2014\/02\/Foto1.png\" width=\"648\" height=\"175\" srcset=\"http:\/\/www.arqueroszamora.es\/wp-content\/uploads\/2014\/02\/Foto1.png 648w, http:\/\/www.arqueroszamora.es\/wp-content\/uploads\/2014\/02\/Foto1-300x81.png 300w\" sizes=\"auto, (max-width: 648px) 100vw, 648px\" \/><\/a><p id=\"caption-attachment-1169\" class=\"wp-caption-text\">Tano, Ramiro, Manuel, Javier, Daniel y Mati<\/p><\/div>\n<p style=\"text-align: justify;\">Los Arqueros del C.D. Arqueros Zamora Reny Picot est\u00e1n demostrando que hay cantera entre sus deportistas, pero tambi\u00e9n hay presente aunque muchos de ellos sean veteranos. Lo demostraron <strong>Jos\u00e9 Manuel Quintano, Mati Pe\u00f1a, Daniel Garc\u00eda, Ramiro Portales, Manuel Artime y Javier Sastre<\/strong> en Burgos este domingo en el reci\u00e9n estrenado I Cto de Castilla y Le\u00f3n de Veteranos\u00a0 en Sala que organiz\u00f3 el Club Arco Cid, de Burgos y al que acudieron medio centenar de arqueros.<br \/>\n<a href=\"http:\/\/www.arqueroszamora.es\/wp-content\/uploads\/2014\/02\/Foto2.png\" target=\"_blank\"><img loading=\"lazy\" decoding=\"async\" class=\"alignright size-medium wp-image-1171\" alt=\"Medallistas\" src=\"http:\/\/www.arqueroszamora.es\/wp-content\/uploads\/2014\/02\/Foto2-217x300.png\" width=\"217\" height=\"300\" srcset=\"http:\/\/www.arqueroszamora.es\/wp-content\/uploads\/2014\/02\/Foto2-217x300.png 217w, http:\/\/www.arqueroszamora.es\/wp-content\/uploads\/2014\/02\/Foto2.png 604w\" sizes=\"auto, (max-width: 217px) 100vw, 217px\" \/><\/a><\/p>\n<p>Los zamoranos demostraron desde el primer momento que eran rivales a batir y quiz\u00e1 la consciencia de ser favoritos atenaz\u00f3 m\u00e1s de la cuenta a algunos. No hicieron buenas marcas a excepci\u00f3n de <strong>Mati<\/strong> que no s\u00f3lo logr\u00f3 marca personal sino que obtuvo la mejor marca absoluta del campeonato y que\u00a0 finalmente le reportar\u00eda el oro en arco compuesto. En esta misma modalidad <strong>Daniel Garc\u00eda<\/strong>, uno de los favoritos, se sobrepon\u00eda a un nulo en las tandas clasificatorias y lograba colocarse tercero de cara a la eliminatoria de cuartos, eliminatoria que le cost\u00f3 m\u00e1s de lo previsto pero que gan\u00f3. Ya en semifinales estuvo m\u00e1s relajado y la gan\u00f3 m\u00e1s f\u00e1cilmente pasando as\u00ed a disputar la final. En esta final volvi\u00f3 a estar inestable y aunque su rival le dio opciones no pudo aprovecharlas y tuvo que conformarse con la plata pero con la sensaci\u00f3n de haber regalado el oro.<br \/>\nEn arco recurvo, fue <strong>Jos\u00e9 Manuel Quintano<\/strong> quien estuvo m\u00e1s fuerte mentalmente en las eliminatorias. Se deshizo f\u00e1cilmente\u00a0 de su\u00a0 contrincante de cuartos para en semifinales enfrentarse y ganar\u00a0 a su compa\u00f1ero <strong>Ramiro Portales<\/strong>, (uno de los favoritos pero que tampoco estuvo a la altura) pasando as\u00ed a la final contra el representante burgal\u00e9s, al que derrot\u00f3 limpiamente y con ese oro hac\u00eda justicia a su trabajo diario.<br \/>\nEn la lucha por el bronce en arco recurvo, <strong>Ramiro<\/strong> derrotaba claramente a su rival y se colgaba la cuarta medalla para Zamora.<br \/>\n<strong>Manuel Artime<\/strong> y <strong>Javier Sastre<\/strong> hicieron una buena tirada pero no lograron acceder al podio quedando octavo y und\u00e9cimo respectivamente.<br \/>\nSatisfacci\u00f3n final entre la expedici\u00f3n zamorana que fue primera en el medallero del campeonato.<\/p>\n","protected":false},"excerpt":{"rendered":"<p>Los Arqueros del C.D. Arqueros Zamora Reny Picot est\u00e1n demostrando que hay cantera entre sus deportistas, pero tambi\u00e9n hay presente aunque muchos de ellos sean veteranos. Lo demostraron Jos\u00e9 Manuel Quintano, Mati Pe\u00f1a, Daniel Garc\u00eda, Ramiro Portales, Manuel Artime y Javier Sastre en Burgos este domingo en el reci\u00e9n estrenado I Cto de Castilla y\u2026 <span class=\"read-more\"><a href=\"http:\/\/www.arqueroszamora.es\/index.php\/2014\/02\/10\/sabor-zamorano-en-el-i-campeonato-territorial-de-tiro-con-arco-de-veteranos-en-sala\/\">Leer m\u00e1s &raquo;<\/a><\/span><\/p>\n","protected":false},"author":1,"featured_media":0,"comment_status":"open","ping_status":"open","sticky":false,"template":"","format":"standard","meta":{"footnotes":""},"categories":[7],"tags":[],"class_list":["post-1167","post","type-post","status-publish","format-standard","hentry","category-noticias"],"_links":{"self":[{"href":"http:\/\/www.arqueroszamora.es\/index.php\/wp-json\/wp\/v2\/posts\/1167","targetHints":{"allow":["GET"]}}],"collection":[{"href":"http:\/\/www.arqueroszamora.es\/index.php\/wp-json\/wp\/v2\/posts"}],"about":[{"href":"http:\/\/www.arqueroszamora.es\/index.php\/wp-json\/wp\/v2\/types\/post"}],"author":[{"embeddable":true,"href":"http:\/\/www.arqueroszamora.es\/index.php\/wp-json\/wp\/v2\/users\/1"}],"replies":[{"embeddable":true,"href":"http:\/\/www.arqueroszamora.es\/index.php\/wp-json\/wp\/v2\/comments?post=1167"}],"version-history":[{"count":0,"href":"http:\/\/www.arqueroszamora.es\/index.php\/wp-json\/wp\/v2\/posts\/1167\/revisions"}],"wp:attachment":[{"href":"http:\/\/www.arqueroszamora.es\/index.php\/wp-json\/wp\/v2\/media?parent=1167"}],"wp:term":[{"taxonomy":"category","embeddable":true,"href":"http:\/\/www.arqueroszamora.es\/index.php\/wp-json\/wp\/v2\/categories?post=1167"},{"taxonomy":"post_tag","embeddable":true,"href":"http:\/\/www.arqueroszamora.es\/index.php\/wp-json\/wp\/v2\/tags?post=1167"}],"curies":[{"name":"wp","href":"https:\/\/api.w.org\/{rel}","templated":true}]}}