{"id":1183,"date":"2014-03-16T22:35:46","date_gmt":"2014-03-16T21:35:46","guid":{"rendered":"http:\/\/www.arqueroszamora.es\/?p=1183"},"modified":"2014-03-16T22:35:46","modified_gmt":"2014-03-16T21:35:46","slug":"asamblea-general-ordinaria","status":"publish","type":"post","link":"http:\/\/www.arqueroszamora.es\/index.php\/2014\/03\/16\/asamblea-general-ordinaria\/","title":{"rendered":"Asamblea General Ordinaria"},"content":{"rendered":"<p>Se convoca todos lo socios del C.D. ARQUEROS ZAMORA\u00a0 a la <strong> Asamblea General Ordinaria<\/strong> que se celebrar\u00e1 el pr\u00f3ximo d\u00eda <strong>20 de marzo<\/strong> de 2014 en la <strong>Sala A de reuniones de la Casa del Deporte de la Ciudad Deportiva<\/strong> de Zamora a las 19:30 h.\u00a0 en primera Convocatoria y a las 20:00h. en segunda convocatoria.<br \/>\nLos menores de edad podr\u00e1n estar representados por sus padres o tutores legales que tendr\u00e1n voz pero no voto, siendo \u00e9ste derecho\u00a0 para los socios mayores de edad\u00bb. En Zamora, a 16 de marzo de 2014.<br \/>\nDaniel Valentin Garc\u00eda Ferrero.<br \/>\nPresidente del C.D. ARQUEROS ZAMORA.<\/p>\n","protected":false},"excerpt":{"rendered":"<p>Se convoca todos lo socios del C.D. ARQUEROS ZAMORA\u00a0 a la Asamblea General Ordinaria que se celebrar\u00e1 el pr\u00f3ximo d\u00eda 20 de marzo de 2014 en la Sala A de reuniones de la Casa del Deporte de la Ciudad Deportiva de Zamora a las 19:30 h.\u00a0 en primera Convocatoria y a las 20:00h. en segunda\u2026 <span class=\"read-more\"><a href=\"http:\/\/www.arqueroszamora.es\/index.php\/2014\/03\/16\/asamblea-general-ordinaria\/\">Leer m\u00e1s &raquo;<\/a><\/span><\/p>\n","protected":false},"author":1,"featured_media":0,"comment_status":"open","ping_status":"open","sticky":false,"template":"","format":"standard","meta":{"footnotes":""},"categories":[7],"tags":[],"class_list":["post-1183","post","type-post","status-publish","format-standard","hentry","category-noticias"],"_links":{"self":[{"href":"http:\/\/www.arqueroszamora.es\/index.php\/wp-json\/wp\/v2\/posts\/1183","targetHints":{"allow":["GET"]}}],"collection":[{"href":"http:\/\/www.arqueroszamora.es\/index.php\/wp-json\/wp\/v2\/posts"}],"about":[{"href":"http:\/\/www.arqueroszamora.es\/index.php\/wp-json\/wp\/v2\/types\/post"}],"author":[{"embeddable":true,"href":"http:\/\/www.arqueroszamora.es\/index.php\/wp-json\/wp\/v2\/users\/1"}],"replies":[{"embeddable":true,"href":"http:\/\/www.arqueroszamora.es\/index.php\/wp-json\/wp\/v2\/comments?post=1183"}],"version-history":[{"count":0,"href":"http:\/\/www.arqueroszamora.es\/index.php\/wp-json\/wp\/v2\/posts\/1183\/revisions"}],"wp:attachment":[{"href":"http:\/\/www.arqueroszamora.es\/index.php\/wp-json\/wp\/v2\/media?parent=1183"}],"wp:term":[{"taxonomy":"category","embeddable":true,"href":"http:\/\/www.arqueroszamora.es\/index.php\/wp-json\/wp\/v2\/categories?post=1183"},{"taxonomy":"post_tag","embeddable":true,"href":"http:\/\/www.arqueroszamora.es\/index.php\/wp-json\/wp\/v2\/tags?post=1183"}],"curies":[{"name":"wp","href":"https:\/\/api.w.org\/{rel}","templated":true}]}}