{"id":1190,"date":"2014-04-15T16:55:45","date_gmt":"2014-04-15T15:55:45","guid":{"rendered":"http:\/\/www.arqueroszamora.es\/?p=1190"},"modified":"2014-04-15T16:58:26","modified_gmt":"2014-04-15T15:58:26","slug":"beatriz-manso-consigue-la-medalla-de-bronce-en-el-nacional-junior","status":"publish","type":"post","link":"http:\/\/www.arqueroszamora.es\/index.php\/2014\/04\/15\/beatriz-manso-consigue-la-medalla-de-bronce-en-el-nacional-junior\/","title":{"rendered":"BEATRIZ MANSO CONSIGUE LA MEDALLA DE BRONCE EN EL NACIONAL JUNIOR"},"content":{"rendered":"<p><a href=\"http:\/\/www.arqueroszamora.es\/wp-content\/uploads\/2014\/04\/Beatriz-en-el-podio-juntoa-Alicia-Mar\u00edn-y-Miren-Etxebarria.jpg\"><img loading=\"lazy\" decoding=\"async\" class=\"aligncenter size-full wp-image-1191\" alt=\"Beatriz en el podio juntoa Alicia Mar\u00edn y Miren Etxebarria\" src=\"http:\/\/www.arqueroszamora.es\/wp-content\/uploads\/2014\/04\/Beatriz-en-el-podio-juntoa-Alicia-Mar\u00edn-y-Miren-Etxebarria.jpg\" width=\"640\" height=\"480\" srcset=\"http:\/\/www.arqueroszamora.es\/wp-content\/uploads\/2014\/04\/Beatriz-en-el-podio-juntoa-Alicia-Mar\u00edn-y-Miren-Etxebarria.jpg 640w, http:\/\/www.arqueroszamora.es\/wp-content\/uploads\/2014\/04\/Beatriz-en-el-podio-juntoa-Alicia-Mar\u00edn-y-Miren-Etxebarria-300x225.jpg 300w\" sizes=\"auto, (max-width: 640px) 100vw, 640px\" \/><\/a><\/p>\n<p>Cambrils fue el escenario donde se desarroll\u00f3 el Campeonato de Espa\u00f1a Junior de Tiro con Arco, y hasta d\u00f3nde se desplaz\u00f3 la zamorana<strong> Beatriz Manso Gamazo<\/strong>, del <strong>C.D. Arqueros Zamora Reny Picot<\/strong> para disputar el campeonato bajo la modalidad de arco ol\u00edmpico; y la aventura termin\u00f3 muy bien para ella, ya que alcanz\u00f3 una meritoria y dif\u00edcil medalla de bronce que viene a engrosar su curr\u00edculum deportivo a nivel nacional y la confirmaci\u00f3n de que hay arqueros muy competitivos en Zamora.<\/p>\n<p><a href=\"http:\/\/www.arqueroszamora.es\/wp-content\/uploads\/2014\/04\/Beatriz-en-un-lance-clasificatorio.jpg\" target=\"_blank\"><img loading=\"lazy\" decoding=\"async\" class=\" wp-image-1192 alignleft\" alt=\"Beatriz en un lance clasificatorio\" src=\"http:\/\/www.arqueroszamora.es\/wp-content\/uploads\/2014\/04\/Beatriz-en-un-lance-clasificatorio-300x225.jpg\" width=\"270\" height=\"203\" srcset=\"http:\/\/www.arqueroszamora.es\/wp-content\/uploads\/2014\/04\/Beatriz-en-un-lance-clasificatorio-300x225.jpg 300w, http:\/\/www.arqueroszamora.es\/wp-content\/uploads\/2014\/04\/Beatriz-en-un-lance-clasificatorio.jpg 640w\" sizes=\"auto, (max-width: 270px) 100vw, 270px\" \/><\/a>El formato de la competici\u00f3n consisti\u00f3 en dos series clasificatorias de 36 flechas cada una el s\u00e1bado sobre diana a 70m., y en tandas de seis flechas. En estas tandas estuvo algo por debajo de su marca pero a pesar de todo logr\u00f3 colocarse en sexta posici\u00f3n y bien posicionada para comenzar las eliminatorias de cuartos que se tirar\u00edan el domingo a las nueve de la ma\u00f1ana.<\/p>\n<p>La curiosidad de estas eliminatorias, nuca se hab\u00eda dado con arqueros de Zamora, es que todas las eliminatorias que disput\u00f3 fueron contra representantes de las Comunidad de Madrid. La primera eliminatoria fue contra <strong>Ocean\u00eda Rico<\/strong> a la que venci\u00f3 claramente en 3 sets quedando un 6-2 a favor de nuestra arquera. Casi sin darse cuenta se hab\u00eda metido en las semifinales y en la fase decisiva para alcanzar alguna presea. Las semifinales la enfrentaron contra la favorita <strong>Alicia Mar\u00edn<\/strong>, otra madrile\u00f1a, y a la postre campeona de Espa\u00f1a. Venci\u00f3 a <strong>Beatriz<\/strong> con 2-6 y priv\u00e1ndola de pelear por el oro o la plata. Ya s\u00f3lo le quedaba pelear por el bronce y esta pelea ser\u00eda contra <strong>Celia Casta\u00f1os<\/strong>. La pelea fue re\u00f1ida desde el principio, ganando dos sets cada una y empatando otro con lo que llegaron a la temida flecha de desempate. Tir\u00f3<strong> Celia<\/strong> e hizo un 5. Lanz\u00f3 <strong>Beatriz<\/strong> y un 8. Alegr\u00eda entre los castellano y leoneses presentes y alguna lagrimilla traicionera en <strong>Bea<\/strong> que delataba la tensi\u00f3n acumulada por la responsabilidad en esta \u00faltima flecha.<\/p>\n<p>Buena actuaci\u00f3n de nuestra arquera que con este triunfo refrenda el buen momento de forma que atraviesa ya que hace quince d\u00edas acudi\u00f3, junto con <strong>\u00c1lvaro Artime<\/strong>, al clasificatorio para el Campeonato de Europa y qued\u00f3 la tercera, igual que <strong>\u00c1lvaro<\/strong>, pero ninguno de los dos llegaron, por poco, a la m\u00ednima establecida por la Federaci\u00f3n Espa\u00f1ola, con lo cual ahora es la Federaci\u00f3n la que decidir\u00e1 si los lleva a pesar de no conseguir la m\u00ednima.<\/p>\n<p style=\"text-align: center;\"><a title=\"Resultados del Nacional Junior de tiro con arco 2014 Cambrils\" href=\"http:\/\/www.federarco.es\/documentos\/1243.pdf\" target=\"_blank\">RESULTADOS<\/a><\/p>\n","protected":false},"excerpt":{"rendered":"<p>Cambrils fue el escenario donde se desarroll\u00f3 el Campeonato de Espa\u00f1a Junior de Tiro con Arco, y hasta d\u00f3nde se desplaz\u00f3 la zamorana Beatriz Manso Gamazo, del C.D. Arqueros Zamora Reny Picot para disputar el campeonato bajo la modalidad de arco ol\u00edmpico; y la aventura termin\u00f3 muy bien para ella, ya que alcanz\u00f3 una meritoria\u2026 <span class=\"read-more\"><a href=\"http:\/\/www.arqueroszamora.es\/index.php\/2014\/04\/15\/beatriz-manso-consigue-la-medalla-de-bronce-en-el-nacional-junior\/\">Leer m\u00e1s &raquo;<\/a><\/span><\/p>\n","protected":false},"author":1,"featured_media":0,"comment_status":"open","ping_status":"open","sticky":false,"template":"","format":"standard","meta":{"footnotes":""},"categories":[7],"tags":[],"class_list":["post-1190","post","type-post","status-publish","format-standard","hentry","category-noticias"],"_links":{"self":[{"href":"http:\/\/www.arqueroszamora.es\/index.php\/wp-json\/wp\/v2\/posts\/1190","targetHints":{"allow":["GET"]}}],"collection":[{"href":"http:\/\/www.arqueroszamora.es\/index.php\/wp-json\/wp\/v2\/posts"}],"about":[{"href":"http:\/\/www.arqueroszamora.es\/index.php\/wp-json\/wp\/v2\/types\/post"}],"author":[{"embeddable":true,"href":"http:\/\/www.arqueroszamora.es\/index.php\/wp-json\/wp\/v2\/users\/1"}],"replies":[{"embeddable":true,"href":"http:\/\/www.arqueroszamora.es\/index.php\/wp-json\/wp\/v2\/comments?post=1190"}],"version-history":[{"count":0,"href":"http:\/\/www.arqueroszamora.es\/index.php\/wp-json\/wp\/v2\/posts\/1190\/revisions"}],"wp:attachment":[{"href":"http:\/\/www.arqueroszamora.es\/index.php\/wp-json\/wp\/v2\/media?parent=1190"}],"wp:term":[{"taxonomy":"category","embeddable":true,"href":"http:\/\/www.arqueroszamora.es\/index.php\/wp-json\/wp\/v2\/categories?post=1190"},{"taxonomy":"post_tag","embeddable":true,"href":"http:\/\/www.arqueroszamora.es\/index.php\/wp-json\/wp\/v2\/tags?post=1190"}],"curies":[{"name":"wp","href":"https:\/\/api.w.org\/{rel}","templated":true}]}}