{"id":1205,"date":"2014-05-19T19:49:02","date_gmt":"2014-05-19T18:49:02","guid":{"rendered":"http:\/\/www.arqueroszamora.es\/?p=1205"},"modified":"2014-05-19T19:58:39","modified_gmt":"2014-05-19T18:58:39","slug":"alvaro-bronce-en-la-ultima-tirada-de-la-liga-nacional-cadete","status":"publish","type":"post","link":"http:\/\/www.arqueroszamora.es\/index.php\/2014\/05\/19\/alvaro-bronce-en-la-ultima-tirada-de-la-liga-nacional-cadete\/","title":{"rendered":"\u00c1lvaro, bronce en la \u00faltima tirada de la Liga Nacional Cadete."},"content":{"rendered":"<p><a href=\"http:\/\/www.arqueroszamora.es\/wp-content\/uploads\/2014\/05\/\u00c1LVARO-ORGULLOSO-CON-SU-PRECIADO-METAL.jpg\" target=\"_blank\"><img loading=\"lazy\" decoding=\"async\" class=\"alignleft  wp-image-1206\" alt=\"\u00c1LVARO ORGULLOSO CON SU PRECIADO METAL\" src=\"http:\/\/www.arqueroszamora.es\/wp-content\/uploads\/2014\/05\/\u00c1LVARO-ORGULLOSO-CON-SU-PRECIADO-METAL.jpg\" width=\"250\" height=\"333\" \/><\/a><\/p>\n<p><strong>\u00c1lvaro Artime Montero<\/strong> logr\u00f3, en la \u00faltima tirada de Liga Nacional Cadete este fin de semana en Madrid, una dif\u00edcil y merecida medalla de\u00a0 bronce frente a arqueros de alto nivel en la categor\u00eda cadete y modalidad de arco ol\u00edmpico.<\/p>\n<p>Sobre una distancia de 60m. tiraron el s\u00e1bado 72 flechas clasificatorias en las que <strong>\u00c1lvaro<\/strong> no estuvo todo lo fino que a \u00e9l le hubiera gustado. A\u00fan as\u00ed logr\u00f3 608 puntos que le daban el pase directo a las eliminatorias de octavos sin pasar por los dieciseisavos. En octavos, como ya ocurriera en otras jornadas de liga, el primer enfrentamiento le toc\u00f3 contra otro castellano leon\u00e9s: <strong>Carlos Iglesias<\/strong>, de Salamanca, al que venci\u00f3 c\u00f3modamente a pesar de un comienzo titubeante, del que se rehizo r\u00e1pidamente.<\/p>\n<p>En cuartos le toc\u00f3 un hueso duro de roer: el balear <strong>Alejandro Costa Cardona<\/strong>, sin embargo <strong>\u00c1lvaro<\/strong> no mir\u00f3 su curr\u00edculum y se centr\u00f3 en lo que \u00e9l sabe hacer, y as\u00ed sali\u00f3 victorioso y rumbo a las semifinales a pelear por el codiciado\u00a0 puesto en la final. Sin embargo en este nuevo emparejamiento\u00a0 cay\u00f3 a manos del madrile\u00f1o\u00a0 <strong>Ken S\u00e1nchez Antoku<\/strong>, uno de los favoritos y a la postre plata. Sabiendo que ya s\u00f3lo le quedaba un cartucho por quemar, se conjur\u00f3 para alcanzar el bronce en la pelea contra otro gran tirador balear,\u00a0<strong> Iv\u00e1n Torres Mart\u00ednez<\/strong>, y, s\u00ed, vali\u00f3 la pena. Logr\u00f3 el bronce clara y contundentemente.<br \/>\nEste metal es muy valioso para <strong>\u00c1lvaro<\/strong>, el primero en competici\u00f3n nacional y que viene as hacer justicia al esfuerzo y compromiso con el entrenamiento diario que tiene este joven deportista.<\/p>\n<p>Gran m\u00e9rito tiene <strong>\u00c1lvaro<\/strong> pues hace s\u00f3lo dos\u00a0 a\u00f1os empez\u00f3 a iniciarse en este deporte y hoy d\u00eda ya est\u00e1 entre los ocho mejores cadetes de Espa\u00f1a y seguro que dar\u00e1 muchos m\u00e1s d\u00edas de gloria al deporte zamorano y en el que hay puestas muchas esperanzas entre los regidores del tiro con arco zamorano.<\/p>\n<p>&nbsp;<\/p>\n<p style=\"text-align: center;\"><a href=\"http:\/\/www.arqueroszamora.es\/wp-content\/uploads\/2014\/05\/\u00c1LVARO-CON-EL-PODIO-EN-TERCER-LUGAR.jpg\" target=\"_blank\"><img loading=\"lazy\" decoding=\"async\" class=\"aligncenter  wp-image-1207\" alt=\"\u00c1LVARO CON EL PODIO EN TERCER LUGAR\" src=\"http:\/\/www.arqueroszamora.es\/wp-content\/uploads\/2014\/05\/\u00c1LVARO-CON-EL-PODIO-EN-TERCER-LUGAR.jpg\" width=\"273\" height=\"364\" srcset=\"http:\/\/www.arqueroszamora.es\/wp-content\/uploads\/2014\/05\/\u00c1LVARO-CON-EL-PODIO-EN-TERCER-LUGAR.jpg 390w, http:\/\/www.arqueroszamora.es\/wp-content\/uploads\/2014\/05\/\u00c1LVARO-CON-EL-PODIO-EN-TERCER-LUGAR-224x300.jpg 224w\" sizes=\"auto, (max-width: 273px) 100vw, 273px\" \/><\/a><\/p>\n","protected":false},"excerpt":{"rendered":"<p>\u00c1lvaro Artime Montero logr\u00f3, en la \u00faltima tirada de Liga Nacional Cadete este fin de semana en Madrid, una dif\u00edcil y merecida medalla de\u00a0 bronce frente a arqueros de alto nivel en la categor\u00eda cadete y modalidad de arco ol\u00edmpico. Sobre una distancia de 60m. tiraron el s\u00e1bado 72 flechas clasificatorias en las que \u00c1lvaro\u2026 <span class=\"read-more\"><a href=\"http:\/\/www.arqueroszamora.es\/index.php\/2014\/05\/19\/alvaro-bronce-en-la-ultima-tirada-de-la-liga-nacional-cadete\/\">Leer m\u00e1s &raquo;<\/a><\/span><\/p>\n","protected":false},"author":1,"featured_media":0,"comment_status":"open","ping_status":"open","sticky":false,"template":"","format":"standard","meta":{"footnotes":""},"categories":[7],"tags":[],"class_list":["post-1205","post","type-post","status-publish","format-standard","hentry","category-noticias"],"_links":{"self":[{"href":"http:\/\/www.arqueroszamora.es\/index.php\/wp-json\/wp\/v2\/posts\/1205","targetHints":{"allow":["GET"]}}],"collection":[{"href":"http:\/\/www.arqueroszamora.es\/index.php\/wp-json\/wp\/v2\/posts"}],"about":[{"href":"http:\/\/www.arqueroszamora.es\/index.php\/wp-json\/wp\/v2\/types\/post"}],"author":[{"embeddable":true,"href":"http:\/\/www.arqueroszamora.es\/index.php\/wp-json\/wp\/v2\/users\/1"}],"replies":[{"embeddable":true,"href":"http:\/\/www.arqueroszamora.es\/index.php\/wp-json\/wp\/v2\/comments?post=1205"}],"version-history":[{"count":0,"href":"http:\/\/www.arqueroszamora.es\/index.php\/wp-json\/wp\/v2\/posts\/1205\/revisions"}],"wp:attachment":[{"href":"http:\/\/www.arqueroszamora.es\/index.php\/wp-json\/wp\/v2\/media?parent=1205"}],"wp:term":[{"taxonomy":"category","embeddable":true,"href":"http:\/\/www.arqueroszamora.es\/index.php\/wp-json\/wp\/v2\/categories?post=1205"},{"taxonomy":"post_tag","embeddable":true,"href":"http:\/\/www.arqueroszamora.es\/index.php\/wp-json\/wp\/v2\/tags?post=1205"}],"curies":[{"name":"wp","href":"https:\/\/api.w.org\/{rel}","templated":true}]}}