{"id":1214,"date":"2014-06-10T21:38:33","date_gmt":"2014-06-10T20:38:33","guid":{"rendered":"http:\/\/www.arqueroszamora.es\/?p=1214"},"modified":"2014-06-10T21:42:22","modified_gmt":"2014-06-10T20:42:22","slug":"tres-oros-y-una-plata-en-el-trofeo-nacional-san-juan","status":"publish","type":"post","link":"http:\/\/www.arqueroszamora.es\/index.php\/2014\/06\/10\/tres-oros-y-una-plata-en-el-trofeo-nacional-san-juan\/","title":{"rendered":"Tres oros y una plata en el Trofeo Nacional San Juan"},"content":{"rendered":"<div id=\"attachment_1216\" style=\"width: 490px\" class=\"wp-caption aligncenter\"><a href=\"http:\/\/www.arqueroszamora.es\/wp-content\/uploads\/2014\/06\/Los-zamoranos-que-subieron-al-podio.jpg\" target=\"_blank\"><img loading=\"lazy\" decoding=\"async\" aria-describedby=\"caption-attachment-1216\" class=\" wp-image-1216 \" alt=\"Alvaro, Mati, Javier y Jose Luis con sus trofeos\" src=\"http:\/\/www.arqueroszamora.es\/wp-content\/uploads\/2014\/06\/Los-zamoranos-que-subieron-al-podio.jpg\" width=\"480\" height=\"410\" srcset=\"http:\/\/www.arqueroszamora.es\/wp-content\/uploads\/2014\/06\/Los-zamoranos-que-subieron-al-podio.jpg 800w, http:\/\/www.arqueroszamora.es\/wp-content\/uploads\/2014\/06\/Los-zamoranos-que-subieron-al-podio-300x256.jpg 300w\" sizes=\"auto, (max-width: 480px) 100vw, 480px\" \/><\/a><p id=\"caption-attachment-1216\" class=\"wp-caption-text\">Alvaro, Mati, Javier y Jose Luis con sus trofeos<\/p><\/div>\n<p>Tres oros y una plata fue la cosecha que obtuvo el <strong>C.D. Arqueros Zamora Reny Picot<\/strong> este fin de semana en el <strong>Trofeo Nacional San Juan<\/strong> organizado por el <strong>C.D Arqueros de Sol XIV<\/strong> de Salamanca.<br \/>\nGran balance, sin duda, el que trajeron para Zamora los siete arqueros que acudieron a una competici\u00f3n en la que el protagonista fue el viento fuerte y racheado que imposibilit\u00f3 alcanzar unas marca dignas del esfuerzo y empe\u00f1o aplicados para poder lanzar cada flecha y que en ocasiones era casi imposible. Esta circunstancia hizo que el torneo se alargara m\u00e1s de la cuenta y la \u00faltimas tandas se lanzaran ya con luz artificial.<a href=\"http:\/\/www.arqueroszamora.es\/wp-content\/uploads\/2014\/06\/expedicci\u00f3n-zamorana-a-tierras-charras.jpg\" target=\"_blank\"><img loading=\"lazy\" decoding=\"async\" class=\"alignright size-medium wp-image-1215\" alt=\"expedicci\u00f3n zamorana a tierras charras\" src=\"http:\/\/www.arqueroszamora.es\/wp-content\/uploads\/2014\/06\/expedicci\u00f3n-zamorana-a-tierras-charras-300x225.jpg\" width=\"300\" height=\"225\" srcset=\"http:\/\/www.arqueroszamora.es\/wp-content\/uploads\/2014\/06\/expedicci\u00f3n-zamorana-a-tierras-charras-300x225.jpg 300w, http:\/\/www.arqueroszamora.es\/wp-content\/uploads\/2014\/06\/expedicci\u00f3n-zamorana-a-tierras-charras.jpg 800w\" sizes=\"auto, (max-width: 300px) 100vw, 300px\" \/><\/a><br \/>\n<strong>Mati Pe\u00f1a<\/strong>, en arco compuesto, <strong>Jos\u00e9 Luis Delgado<\/strong> y <strong>\u00c1lvaro Artime<\/strong>, en arco recurvo, fueron los protagonistas que hicieron brillar al club zamorano en lo m\u00e1s alto del podio. <strong>Javier Sastre Gonz\u00e1lez<\/strong> escolt\u00f3 con su plata a <strong>\u00c1lvaro<\/strong> dando un mayor lustre al podio de cadetes. Los cuatro se fueron deshaciendo de rivales en la eliminatorias, algunos de entidad como el vallisoletano <strong>Jos\u00e9 Carlos Oland\u00eda<\/strong>, al que elimin\u00f3 <strong>Jos\u00e9 Luis Delgado<\/strong> con tandas de mucho m\u00e9rito dado que el rival, de muy buen nivel, no le regal\u00f3 nada.<br \/>\nLa final entre los dos amigos del club zamorano <strong>\u00c1lvaro<\/strong> y <strong>Javier<\/strong> fue de mucha calidad ya que ambos tienen un nivel t\u00e9cnico bueno y parejo y en esta ocasi\u00f3n se decant\u00f3 por <strong>\u00c1lvaro<\/strong>. Los dos fueron a esta competici\u00f3n a instancias de su entrenador que quiere una mayor experiencia de sus pupilos en evento con eliminatorias para cuando lleguen los campeonatos de Espa\u00f1a, clasificatorios europeos y territoriales.<br \/>\nLos dem\u00e1s componentes de la expedici\u00f3n: <strong>Jos\u00e9 Manuel Quintano<\/strong>, <strong>Manuel Artime<\/strong> y <strong>Daniel Garc\u00eda<\/strong> no pudieron acercare a los puestos de podio aunque s\u00ed que hicieron una buena tirada.<\/p>\n<p>&nbsp;<\/p>\n<p style=\"text-align: center;\"><a title=\"Resultados Torneo San Juan 2014\" href=\"http:\/\/www.arqueroszamora.es\/wp-content\/uploads\/2014\/06\/ResultadosPrecision.pdf\" target=\"_blank\">RESULTADOS<\/a><\/p>\n","protected":false},"excerpt":{"rendered":"<p>Tres oros y una plata fue la cosecha que obtuvo el C.D. Arqueros Zamora Reny Picot este fin de semana en el Trofeo Nacional San Juan organizado por el C.D Arqueros de Sol XIV de Salamanca. Gran balance, sin duda, el que trajeron para Zamora los siete arqueros que acudieron a una competici\u00f3n en la\u2026 <span class=\"read-more\"><a href=\"http:\/\/www.arqueroszamora.es\/index.php\/2014\/06\/10\/tres-oros-y-una-plata-en-el-trofeo-nacional-san-juan\/\">Leer m\u00e1s &raquo;<\/a><\/span><\/p>\n","protected":false},"author":1,"featured_media":0,"comment_status":"open","ping_status":"open","sticky":false,"template":"","format":"standard","meta":{"footnotes":""},"categories":[4],"tags":[37,41,39,40,38,36,35],"class_list":["post-1214","post","type-post","status-publish","format-standard","hentry","category-competiciones","tag-alvaro-artime","tag-c-d-arqueros-zamora","tag-javier-sastre","tag-jose-luis-delgado","tag-mati-pena","tag-salamanca","tag-trofeo-san-juan-2014"],"_links":{"self":[{"href":"http:\/\/www.arqueroszamora.es\/index.php\/wp-json\/wp\/v2\/posts\/1214","targetHints":{"allow":["GET"]}}],"collection":[{"href":"http:\/\/www.arqueroszamora.es\/index.php\/wp-json\/wp\/v2\/posts"}],"about":[{"href":"http:\/\/www.arqueroszamora.es\/index.php\/wp-json\/wp\/v2\/types\/post"}],"author":[{"embeddable":true,"href":"http:\/\/www.arqueroszamora.es\/index.php\/wp-json\/wp\/v2\/users\/1"}],"replies":[{"embeddable":true,"href":"http:\/\/www.arqueroszamora.es\/index.php\/wp-json\/wp\/v2\/comments?post=1214"}],"version-history":[{"count":0,"href":"http:\/\/www.arqueroszamora.es\/index.php\/wp-json\/wp\/v2\/posts\/1214\/revisions"}],"wp:attachment":[{"href":"http:\/\/www.arqueroszamora.es\/index.php\/wp-json\/wp\/v2\/media?parent=1214"}],"wp:term":[{"taxonomy":"category","embeddable":true,"href":"http:\/\/www.arqueroszamora.es\/index.php\/wp-json\/wp\/v2\/categories?post=1214"},{"taxonomy":"post_tag","embeddable":true,"href":"http:\/\/www.arqueroszamora.es\/index.php\/wp-json\/wp\/v2\/tags?post=1214"}],"curies":[{"name":"wp","href":"https:\/\/api.w.org\/{rel}","templated":true}]}}