{"id":1221,"date":"2014-06-19T20:35:26","date_gmt":"2014-06-19T19:35:26","guid":{"rendered":"http:\/\/www.arqueroszamora.es\/?p=1221"},"modified":"2014-07-09T22:44:38","modified_gmt":"2014-07-09T21:44:38","slug":"los-arqueros-zamoranos-volvieron-a-estar-en-el-podio-este-fin-de-semana-en-valladolid","status":"publish","type":"post","link":"http:\/\/www.arqueroszamora.es\/index.php\/2014\/06\/19\/los-arqueros-zamoranos-volvieron-a-estar-en-el-podio-este-fin-de-semana-en-valladolid\/","title":{"rendered":"Los arqueros zamoranos volvieron a estar en el podio este fin de semana en Valladolid"},"content":{"rendered":"<div id=\"attachment_1223\" style=\"width: 490px\" class=\"wp-caption aligncenter\"><a href=\"http:\/\/www.arqueroszamora.es\/wp-content\/uploads\/2014\/06\/DSC07358.jpg\" target=\"_blank\"><img loading=\"lazy\" decoding=\"async\" aria-describedby=\"caption-attachment-1223\" class=\" wp-image-1223 \" alt=\"Alvaro, Carlos, Beatriz y Natalia\" src=\"http:\/\/www.arqueroszamora.es\/wp-content\/uploads\/2014\/06\/DSC07358.jpg\" width=\"480\" height=\"360\" srcset=\"http:\/\/www.arqueroszamora.es\/wp-content\/uploads\/2014\/06\/DSC07358.jpg 800w, http:\/\/www.arqueroszamora.es\/wp-content\/uploads\/2014\/06\/DSC07358-300x225.jpg 300w\" sizes=\"auto, (max-width: 480px) 100vw, 480px\" \/><\/a><p id=\"caption-attachment-1223\" class=\"wp-caption-text\">Alvaro, Carlos, Beatriz y Natalia<\/p><\/div>\n<p>En esta ocasi\u00f3n fue durante el campeonato territorial Absoluto y junior, al que acudieron doce arqueros del <strong>C.D. Arqueros Zamora Reny Picot<\/strong>, y entre los que se encontraba <strong>Natalia Pinto<\/strong>, cadete de arco compuesto que compiti\u00f3 como junior y que se estrenaba en competici\u00f3n territorial. <strong>\u00c1lvaro Artime<\/strong> y <strong>Javier Satre<\/strong>, tambi\u00e9n cadetes, compitieron como junior.<br \/>\nLa competici\u00f3n, a la que acudieron cerca de 90 arqueros de toda Castilla y Le\u00f3n, ten\u00eda un formato como el de los Grandes Premios de Espa\u00f1a. El podio junior sal\u00eda de las 72 flechas clasificatorias, pero la marca personal obtenida, si estaba dentro del corte para las eliminatorias absolutas, permit\u00eda tirar las eliminatorias de los senior y as\u00ed optar a dos podios en las categor\u00edas junior y senior.<br \/>\nComenz\u00f3 la competici\u00f3n y las tandas se suced\u00edan con alternancias. Empezaron a destacar <strong>Carlos Garc\u00eda<\/strong> y <strong>Natalia Pinto<\/strong>. Los dem\u00e1s ten\u00edan tiradas de cal y arena aunque en general ninguno se sent\u00eda contento con lo que estaba realizando, especialmente <strong>Mati Pe\u00f1a<\/strong> que tuvo un d\u00eda para olvidar y que no logr\u00f3 la clasificaci\u00f3n para las eliminatorias de cuartos, algo que no ocurr\u00eda desde tiempos muy lejanos.<\/p>\n<div id=\"attachment_1224\" style=\"width: 310px\" class=\"wp-caption alignleft\"><a href=\"http:\/\/www.arqueroszamora.es\/wp-content\/uploads\/2014\/06\/Natalia.jpg\" target=\"_blank\"><img loading=\"lazy\" decoding=\"async\" aria-describedby=\"caption-attachment-1224\" class=\"size-medium wp-image-1224 \" alt=\"Natalia Pinto. La gran sorpresa del Campeonato\" src=\"http:\/\/www.arqueroszamora.es\/wp-content\/uploads\/2014\/06\/Natalia-300x170.jpg\" width=\"300\" height=\"170\" srcset=\"http:\/\/www.arqueroszamora.es\/wp-content\/uploads\/2014\/06\/Natalia-300x170.jpg 300w, http:\/\/www.arqueroszamora.es\/wp-content\/uploads\/2014\/06\/Natalia.jpg 600w\" sizes=\"auto, (max-width: 300px) 100vw, 300px\" \/><\/a><p id=\"caption-attachment-1224\" class=\"wp-caption-text\">Natalia Pinto. La gran sorpresa del Campeonato<\/p><\/div>\n<p>Acabada las tandas clasificatoria<strong> Natalia<\/strong> ya se proclamaba campeona junior en arco compuesto y la marca la met\u00eda en las eliminatorias absolutas, un verdadero logro, en \u00faltimo lugar.<\/p>\n<p><strong>Carlos Garc\u00eda<\/strong> entraba en cuarto lugar con una muy buena marca. <strong>\u00c1lvaro Artime<\/strong> y <strong>Beatriz Manso<\/strong> lograban un meritorio bronce junior y clasificaci\u00f3n para el absoluto. <strong>Ramiro Portales<\/strong> y <strong>Jos\u00e9 Luis Delgado<\/strong> tambi\u00e9n entraban entre los ocho primeros, y el resto: <strong>Jos\u00e9 Manuel Quntano Yubero<\/strong>, <strong>Javier Sastre<\/strong> y <strong>Daniel Garc\u00eda<\/strong>, quedaron fuera.<br \/>\nEn el primer encuentro de cuartos cayeron <strong>Ramiro<\/strong>, <strong>Jos\u00e9 Luis<\/strong> y <strong>\u00c1lvaro<\/strong> y se mantuvieron los dem\u00e1s con especial menci\u00f3n para<strong> Natalia<\/strong> que eliminaba contra pron\u00f3stico a la primera senior y acced\u00eda a semifinales, al igual que <strong>Carlos Garc\u00eda<\/strong>, por la puerta grande. En el siguiente enfrentamiento cayeron los dos y fueron enviados a pelear por el bronce, bronce que perd\u00eda <strong>Carlos<\/strong> por un m\u00edsero punto pero con mucha calidad y que terminaba as\u00ed con diploma pero con gran sabor de boca ante el gran campeonato realizado.<br \/>\nEn cambio <strong>Natalia<\/strong> s\u00ed consegu\u00eda el ansiado bronce y se convert\u00eda en doble medallista, y sensaci\u00f3n del campeonato, junto a la otra triunfadora, <strong>Beatriz Manso<\/strong>, que adem\u00e1s del bronce junior lograba el bronce senior, no sin antes templar nervios al tener que pasar en dos ocasiones por la temida flecha de desempate a set, resolviendo este \u00faltimo a su favor y as\u00ed lucir el doble bronce de gran m\u00e9rito ante la casi nula preparaci\u00f3n debido a lo estudios<br \/>\nDe nuevo un buen rendimiento de los atletas del club zamorano que no se bajan del podio.<\/p>\n<div id=\"attachment_1222\" style=\"width: 570px\" class=\"wp-caption aligncenter\"><a href=\"http:\/\/www.arqueroszamora.es\/wp-content\/uploads\/2014\/06\/DSC07286.jpg\" target=\"_blank\"><img loading=\"lazy\" decoding=\"async\" aria-describedby=\"caption-attachment-1222\" class=\" wp-image-1222 \" alt=\"Expedicion del Club al Territorial Celebrado en Valladolid\" src=\"http:\/\/www.arqueroszamora.es\/wp-content\/uploads\/2014\/06\/DSC07286.jpg\" width=\"560\" height=\"420\" srcset=\"http:\/\/www.arqueroszamora.es\/wp-content\/uploads\/2014\/06\/DSC07286.jpg 800w, http:\/\/www.arqueroszamora.es\/wp-content\/uploads\/2014\/06\/DSC07286-300x225.jpg 300w\" sizes=\"auto, (max-width: 560px) 100vw, 560px\" \/><\/a><p id=\"caption-attachment-1222\" class=\"wp-caption-text\">Expedicion del Club al Territorial Celebrado en Valladolid<\/p><\/div>\n<p style=\"text-align: center;\"><a href=\"https:\/\/picasaweb.google.com\/106705070378411861359\/CtoRegionalAireLibreValladolid2014?feat=email\">FOTOGRAFIAS<\/a><\/p>\n","protected":false},"excerpt":{"rendered":"<p>En esta ocasi\u00f3n fue durante el campeonato territorial Absoluto y junior, al que acudieron doce arqueros del C.D. Arqueros Zamora Reny Picot, y entre los que se encontraba Natalia Pinto, cadete de arco compuesto que compiti\u00f3 como junior y que se estrenaba en competici\u00f3n territorial. \u00c1lvaro Artime y Javier Satre, tambi\u00e9n cadetes, compitieron como junior.\u2026 <span class=\"read-more\"><a href=\"http:\/\/www.arqueroszamora.es\/index.php\/2014\/06\/19\/los-arqueros-zamoranos-volvieron-a-estar-en-el-podio-este-fin-de-semana-en-valladolid\/\">Leer m\u00e1s &raquo;<\/a><\/span><\/p>\n","protected":false},"author":1,"featured_media":0,"comment_status":"open","ping_status":"open","sticky":false,"template":"","format":"standard","meta":{"footnotes":""},"categories":[7],"tags":[],"class_list":["post-1221","post","type-post","status-publish","format-standard","hentry","category-noticias"],"_links":{"self":[{"href":"http:\/\/www.arqueroszamora.es\/index.php\/wp-json\/wp\/v2\/posts\/1221","targetHints":{"allow":["GET"]}}],"collection":[{"href":"http:\/\/www.arqueroszamora.es\/index.php\/wp-json\/wp\/v2\/posts"}],"about":[{"href":"http:\/\/www.arqueroszamora.es\/index.php\/wp-json\/wp\/v2\/types\/post"}],"author":[{"embeddable":true,"href":"http:\/\/www.arqueroszamora.es\/index.php\/wp-json\/wp\/v2\/users\/1"}],"replies":[{"embeddable":true,"href":"http:\/\/www.arqueroszamora.es\/index.php\/wp-json\/wp\/v2\/comments?post=1221"}],"version-history":[{"count":0,"href":"http:\/\/www.arqueroszamora.es\/index.php\/wp-json\/wp\/v2\/posts\/1221\/revisions"}],"wp:attachment":[{"href":"http:\/\/www.arqueroszamora.es\/index.php\/wp-json\/wp\/v2\/media?parent=1221"}],"wp:term":[{"taxonomy":"category","embeddable":true,"href":"http:\/\/www.arqueroszamora.es\/index.php\/wp-json\/wp\/v2\/categories?post=1221"},{"taxonomy":"post_tag","embeddable":true,"href":"http:\/\/www.arqueroszamora.es\/index.php\/wp-json\/wp\/v2\/tags?post=1221"}],"curies":[{"name":"wp","href":"https:\/\/api.w.org\/{rel}","templated":true}]}}