{"id":1228,"date":"2014-06-23T22:13:43","date_gmt":"2014-06-23T21:13:43","guid":{"rendered":"http:\/\/www.arqueroszamora.es\/?p=1228"},"modified":"2014-06-23T22:15:18","modified_gmt":"2014-06-23T21:15:18","slug":"lluvia-de-metales-en-las-arcas-del-c-d-arqueros-zamora-reny-picot","status":"publish","type":"post","link":"http:\/\/www.arqueroszamora.es\/index.php\/2014\/06\/23\/lluvia-de-metales-en-las-arcas-del-c-d-arqueros-zamora-reny-picot\/","title":{"rendered":"LLUVIA DE METALES EN LAS ARCAS DEL C.D. ARQUEROS ZAMORA RENY PICOT"},"content":{"rendered":"<p><b>EL CAMPEONATO TERRITORIAL DE MENORES Y CADETES DE TIRO CON ARCO DEJ\u00d3 UNA LLUVIA DE METALES EN LAS ARCAS DEL C.D. ARQUEROS ZAMORA RENY PICOT.<\/b><\/p>\n<p>Rotundo \u00e9xito de los arqueros zamoranos que este domingo han puesto un nuevo broche al curr\u00edculum del C.D. Arqueros Zamora Reny Picot, y alumnos todos ellos de la Escuela Municipal de tiro con Arco, al conseguir nada m\u00e1s y nada menos que once medallas repartidas entre los diecisiete atletas que acudieron a la cita territorial en Cabrerizos, Salamanca, y auxiliados t\u00e9cnica y emocionalmente por los t\u00e9cnicos <strong>Javier Sastre<\/strong> y <strong>Daniel Garc\u00eda<\/strong>.<\/p>\n<p>Al haber cada vez m\u00e1s tiradores j\u00f3venes los campos de tiro se quedan peque\u00f1os para hacer organizarlos conjuntamente, por ello los responsables optaron porque por la ma\u00f1ana tiraran s\u00f3lo los infantiles a 50,40 y 30m. y los cadetes a 60m. que al acabar las clasificatorias tendr\u00edan que tirar eliminatorias desde cuartos de final. Por la tarde tirar\u00edan las categor\u00edas inferiores a la infantil y los ganadores saldr\u00edan directamente, sin eliminatorias, de las tandas clasificatorias a 12, 18 y 30m.<\/p>\n<div id=\"attachment_1229\" style=\"width: 360px\" class=\"wp-caption alignleft\"><a href=\"http:\/\/www.arqueroszamora.es\/wp-content\/uploads\/2014\/06\/PARTICIPANTES-BENJAMINES-Y-ALEVINES.jpg\" target=\"_blank\"><img loading=\"lazy\" decoding=\"async\" aria-describedby=\"caption-attachment-1229\" class=\" wp-image-1229\" alt=\"PARTICIPANTES BENJAMINES Y ALEVINES\" src=\"http:\/\/www.arqueroszamora.es\/wp-content\/uploads\/2014\/06\/PARTICIPANTES-BENJAMINES-Y-ALEVINES.jpg\" width=\"350\" height=\"525\" srcset=\"http:\/\/www.arqueroszamora.es\/wp-content\/uploads\/2014\/06\/PARTICIPANTES-BENJAMINES-Y-ALEVINES.jpg 500w, http:\/\/www.arqueroszamora.es\/wp-content\/uploads\/2014\/06\/PARTICIPANTES-BENJAMINES-Y-ALEVINES-200x300.jpg 200w\" sizes=\"auto, (max-width: 350px) 100vw, 350px\" \/><\/a><p id=\"caption-attachment-1229\" class=\"wp-caption-text\">Participantes benjamines y alevines con sus preparadores<\/p><\/div>\n<p>Comenz\u00f3 la competici\u00f3n de infantiles y cadetes con temperatura elevada y enseguida se vio que estos j\u00f3venes tienen cada vez mejor t\u00e9cnica y mayor concentraci\u00f3n. Las tandas iban trascurriendo con satisfacci\u00f3n para unos y decepci\u00f3n para otros. Al finalizar las tandas de clasificaci\u00f3n todos los zamoranos estaban metidos en la lucha por las medallas.<\/p>\n<p>Los infantiles <strong>Luis Prada <\/strong>y <strong>M\u00f3nica Gonz\u00e1lez<\/strong> lograban meterse en la final. Luis consigui\u00f3 llevarse el oro con mucha autoridad, <strong>M\u00f3nica<\/strong>, en cambio, se qued\u00f3 con la plata no sin antes tener que tirar una flecha de desempate y pon\u00e9rselo dif\u00edcil a su rival.<\/p>\n<p><strong>Samuel Galv\u00e1n<\/strong> en la lucha por el bronce lo consegu\u00eda tambi\u00e9n despu\u00e9s de remontar un resultado adverso y <strong>Laura Merayo<\/strong>, la agradable sorpresa porque su equipo de tiro no es el m\u00e1s adecuado a\u00fan, lo pele\u00f3 firmemente aunque se tuvo que conformar con el diploma de honor pero que le supo a victoria despu\u00e9s de la eliminaci\u00f3n de\u00a0 rivales de categor\u00eda no previstas en el gui\u00f3n.<\/p>\n<p>Los cadetes <strong>\u00c1lvaro Artime, Javier Sastre y Gonzalo Vaquero<\/strong> lo hicieron muy bien. <strong>\u00c1lvaro<\/strong>, que est\u00e1 haciendo una gran temporada, se meti\u00f3 con autoridad en la final pero no pudo coronarse en el podio y con disgusto moment\u00e1neo se tuvo que quedar con la plata por un s\u00f3lo punto. En cambio <strong>Javier Sastre<\/strong> recibi\u00f3 el bronce como si fuese un podio superior.<\/p>\n<p>Las cadetes de arco compuesto <strong>Natalia Pardal<\/strong> e <strong>Irene Mora <\/strong>(\u00e9sta se estrenaba en competici\u00f3n oficial en aire libre), hicieron su trabajo de acuerdo a los objetivos previstos y las dos estuvieron en el podio <strong>Natalia<\/strong> como campeona territorial; <strong>Irene <\/strong>la escoltaba muy orgullosa con la plata.<\/p>\n<p>A lo largo de la ma\u00f1ana todos los zamoranos subieron al podio en aquellas categor\u00edas en las que hubo representaci\u00f3n.<\/p>\n<p>Acabadas las eliminatorias se hizo entrega de trofeos a infantiles y cadetes.<\/p>\n<p>Casi sin tiempo para descansar a los t\u00e9cnicos comenzaba a las cuatro de la tarde la competici\u00f3n para los Ardillas, Benjamines y Alevines. Categor\u00edas en las que de nuevo el club zamorano tenia representantes, excepto en Ardillas, y en las que de nuevo volvieron a estar en podio. Estos peque\u00f1os deportistas son dignos de admirar por el esp\u00edritu competitivo que demuestran y por el lenguaje t\u00e9cnico que ya utilizan y dominan.<\/p>\n<p><strong>Sergio Lorience, Adri\u00e1n Moreira, Marta Insua y Mario Mart\u00edn<\/strong> como benjamines tiraron con un nivel tal que a <strong>Mario<\/strong> le report\u00f3 una merecida plata en compuesto; a <strong>Adri\u00e1n<\/strong> un bronce que le dej\u00f3 una sonrisa de oreja y otro bronce m\u00e1s para <strong>Marta<\/strong> en arco recurvo que le va a suponer una inyecci\u00f3n de moral muy grande. Sergio ser\u00eda medalla de chocolate. As\u00ed pues todos los benjamines rascaron algo en este campeonato.<\/p>\n<p>Los alevines no estuvieron a la altura de sus compa\u00f1eros m\u00e1s peque\u00f1os pero a\u00fan as\u00ed salvaron los muebles <strong>Sara Criado<\/strong> que acab\u00f3 tercera despu\u00e9s de remontar un cuarto puesto durante casi todo el campeonato y quitarle el bronce a su compa\u00f1era de club <strong>Raquel Gonz\u00e1lez<\/strong> que al final se conform\u00f3 dignamente con un nuevo diploma de honor. Tanto <strong>Sara<\/strong> como <strong>Raquel<\/strong> mejoraron mucho las anteriores tiradas. Los alevines masculinos <strong>Jorge \u00c1lvarez<\/strong> y <strong>Jos\u00e9 Luis Cuesta<\/strong> hicieron muy buen campeonato pero no pudieron llegar a los puestos de medallas. Seguro que la pr\u00f3xima vez lo consiguen.<\/p>\n<p>Acabada la competici\u00f3n de estos peque\u00f1os arqueros se le hizo entrega de trofeos.<\/p>\n<p>A continuaci\u00f3n tambi\u00e9n se entregaron las medallas a los ganadores de la liga territorial para la que contaba tambi\u00e9n esta tirada del campeonato junto con otras dos ya celebradas anteriormente. En esta liga los medallistas zamoranos benjamines fueron <strong>Adri\u00e1n Moreira<\/strong> y <strong>Sergio Lorience<\/strong> con plata y bronce. <strong>Mario Mart\u00edn<\/strong> con otra plata. <strong>Jorge \u00c1lvarez<\/strong> como alev\u00edn recog\u00eda la plata y <strong>Sara Criado<\/strong> el bronce; otro tanto alcanzaba <strong>Luis Prada<\/strong> y el cadete <strong>Javier Sastre<\/strong> la plata.<\/p>\n<p>Mucha satisfacci\u00f3n entre la expedici\u00f3n zamorana por los resultados obtenidos por \u00e9stos j\u00f3venes que trabajan durante todo el curso escolar para alcanzar objetivos como los conseguidos hoy.<\/p>\n<div id=\"attachment_1230\" style=\"width: 570px\" class=\"wp-caption aligncenter\"><a href=\"http:\/\/www.arqueroszamora.es\/wp-content\/uploads\/2014\/06\/participantes-infantiles-y-cadetes.jpg\" target=\"_blank\"><img loading=\"lazy\" decoding=\"async\" aria-describedby=\"caption-attachment-1230\" class=\" wp-image-1230\" alt=\"participantes infantiles y cadetes\" src=\"http:\/\/www.arqueroszamora.es\/wp-content\/uploads\/2014\/06\/participantes-infantiles-y-cadetes.jpg\" width=\"560\" height=\"420\" srcset=\"http:\/\/www.arqueroszamora.es\/wp-content\/uploads\/2014\/06\/participantes-infantiles-y-cadetes.jpg 800w, http:\/\/www.arqueroszamora.es\/wp-content\/uploads\/2014\/06\/participantes-infantiles-y-cadetes-300x225.jpg 300w\" sizes=\"auto, (max-width: 560px) 100vw, 560px\" \/><\/a><p id=\"caption-attachment-1230\" class=\"wp-caption-text\">Participantes infantiles y cadetes con sus preparadores<\/p><\/div>\n<p style=\"text-align: center;\">\n","protected":false},"excerpt":{"rendered":"<p>EL CAMPEONATO TERRITORIAL DE MENORES Y CADETES DE TIRO CON ARCO DEJ\u00d3 UNA LLUVIA DE METALES EN LAS ARCAS DEL C.D. ARQUEROS ZAMORA RENY PICOT. Rotundo \u00e9xito de los arqueros zamoranos que este domingo han puesto un nuevo broche al curr\u00edculum del C.D. Arqueros Zamora Reny Picot, y alumnos todos ellos de la Escuela Municipal\u2026 <span class=\"read-more\"><a href=\"http:\/\/www.arqueroszamora.es\/index.php\/2014\/06\/23\/lluvia-de-metales-en-las-arcas-del-c-d-arqueros-zamora-reny-picot\/\">Leer m\u00e1s &raquo;<\/a><\/span><\/p>\n","protected":false},"author":1,"featured_media":0,"comment_status":"open","ping_status":"open","sticky":false,"template":"","format":"standard","meta":{"footnotes":""},"categories":[7],"tags":[],"class_list":["post-1228","post","type-post","status-publish","format-standard","hentry","category-noticias"],"_links":{"self":[{"href":"http:\/\/www.arqueroszamora.es\/index.php\/wp-json\/wp\/v2\/posts\/1228","targetHints":{"allow":["GET"]}}],"collection":[{"href":"http:\/\/www.arqueroszamora.es\/index.php\/wp-json\/wp\/v2\/posts"}],"about":[{"href":"http:\/\/www.arqueroszamora.es\/index.php\/wp-json\/wp\/v2\/types\/post"}],"author":[{"embeddable":true,"href":"http:\/\/www.arqueroszamora.es\/index.php\/wp-json\/wp\/v2\/users\/1"}],"replies":[{"embeddable":true,"href":"http:\/\/www.arqueroszamora.es\/index.php\/wp-json\/wp\/v2\/comments?post=1228"}],"version-history":[{"count":0,"href":"http:\/\/www.arqueroszamora.es\/index.php\/wp-json\/wp\/v2\/posts\/1228\/revisions"}],"wp:attachment":[{"href":"http:\/\/www.arqueroszamora.es\/index.php\/wp-json\/wp\/v2\/media?parent=1228"}],"wp:term":[{"taxonomy":"category","embeddable":true,"href":"http:\/\/www.arqueroszamora.es\/index.php\/wp-json\/wp\/v2\/categories?post=1228"},{"taxonomy":"post_tag","embeddable":true,"href":"http:\/\/www.arqueroszamora.es\/index.php\/wp-json\/wp\/v2\/tags?post=1228"}],"curies":[{"name":"wp","href":"https:\/\/api.w.org\/{rel}","templated":true}]}}