{"id":1243,"date":"2014-08-06T10:34:58","date_gmt":"2014-08-06T09:34:58","guid":{"rendered":"http:\/\/www.arqueroszamora.es\/?p=1243"},"modified":"2014-08-11T16:49:18","modified_gmt":"2014-08-11T15:49:18","slug":"ramiro-portales-consiguio-el-oro-en-el-xv-trofeo-arcoastur","status":"publish","type":"post","link":"http:\/\/www.arqueroszamora.es\/index.php\/2014\/08\/06\/ramiro-portales-consiguio-el-oro-en-el-xv-trofeo-arcoastur\/","title":{"rendered":"RAMIRO PORTALES CONSIGUI\u00d3 EL ORO EN EL XV TROFEO ARCOASTUR."},"content":{"rendered":"<div id=\"attachment_1245\" style=\"width: 720px\" class=\"wp-caption aligncenter\"><a href=\"http:\/\/www.arqueroszamora.es\/wp-content\/uploads\/2014\/08\/Ramiro-como-campe\u00f3n-del-XV-Trofeo-Arcoastur.jpg\"><img loading=\"lazy\" decoding=\"async\" aria-describedby=\"caption-attachment-1245\" class=\"size-full wp-image-1245\" alt=\"Ramiro Portales, ganador del XV Trofeo ArcoAstur\" src=\"http:\/\/www.arqueroszamora.es\/wp-content\/uploads\/2014\/08\/Ramiro-como-campe\u00f3n-del-XV-Trofeo-Arcoastur.jpg\" width=\"710\" height=\"650\" srcset=\"http:\/\/www.arqueroszamora.es\/wp-content\/uploads\/2014\/08\/Ramiro-como-campe\u00f3n-del-XV-Trofeo-Arcoastur.jpg 710w, http:\/\/www.arqueroszamora.es\/wp-content\/uploads\/2014\/08\/Ramiro-como-campe\u00f3n-del-XV-Trofeo-Arcoastur-300x274.jpg 300w\" sizes=\"auto, (max-width: 710px) 100vw, 710px\" \/><\/a><p id=\"caption-attachment-1245\" class=\"wp-caption-text\">Ramiro Portales, ganador del XV Trofeo ArcoAstur<\/p><\/div>\n<p><strong>Ramiro Portales<\/strong> fue el vencedor en arco recurvo del prestigioso trofeo nacional este fin de semana en Corvera, Asturias.<\/p>\n<p>Hasta tierras asturianas viajaron <strong>Ramiro Portales<\/strong>, <strong>Carlos<\/strong> y <strong>Pablo Garc\u00eda<\/strong> ( que se estrenaba con arco compuesto), <strong>Mati Pe\u00f1a<\/strong>, <strong>Mario Fern\u00e1ndez<\/strong> y <strong>Daniel Garc\u00eda<\/strong>, todos el <strong>C.D. Arqueros Zamora Reny Picot<\/strong>, para disputar el XV Trofeo Arcoastur. Trofeo que se ha convertido en un cl\u00e1sico veraniego al que acuden grandes tiradores de toda la geograf\u00eda espa\u00f1ola.<br \/>\n<a href=\"http:\/\/www.arqueroszamora.es\/wp-content\/uploads\/2014\/08\/Un_momento_de_la_tirada.jpg\" target=\"_blank\"><img loading=\"lazy\" decoding=\"async\" class=\"alignleft  wp-image-1246\" alt=\"Un_momento_de_la_tirada\" src=\"http:\/\/www.arqueroszamora.es\/wp-content\/uploads\/2014\/08\/Un_momento_de_la_tirada.jpg\" width=\"170\" height=\"300\" srcset=\"http:\/\/www.arqueroszamora.es\/wp-content\/uploads\/2014\/08\/Un_momento_de_la_tirada.jpg 284w, http:\/\/www.arqueroszamora.es\/wp-content\/uploads\/2014\/08\/Un_momento_de_la_tirada-170x300.jpg 170w\" sizes=\"auto, (max-width: 170px) 100vw, 170px\" \/><\/a><\/p>\n<p>En el marco incomparable del pantano de Trasona, comenzaron la tirada el s\u00e1bado por la tarde cerca de 80 arqueros, con fuertes presagios de lluvia, presagios que se confirmaron a las dos horas de comenzar y que obligaron a la organizaci\u00f3n a suspender, definitivamente la segunda tanda de 36 flechas ante el tel\u00f3n de agua que descend\u00eda de las nubes sin cesar y que ya hab\u00eda calado hasta los huesos a los participantes, jueces, organizadores y material y que adem\u00e1s pr\u00e1cticamente acab\u00f3 con la luz natural, lo que hac\u00eda poco menos que imposible ver las dianas y apuntar. Uno de los que m\u00e1s sufri\u00f3 en este aspecto fue <strong>Carlos<\/strong> que lleg\u00f3 tarde a la competici\u00f3n y le dejaron recuperar 18 flechas a \u00e9l s\u00f3lo pero bajo el aguacero.<\/p>\n<p>Las eliminatorias se har\u00edan el domingo teniendo en cuenta las puntuaciones del d\u00eda anterior de las \u00fanicas 36 flechas lanzadas y con una tregua por parte de la lluvia. En ella entraron todos los zamoranos, aunque s\u00f3lo pasaron la primera ronda <strong>Ramiro<\/strong>, <strong>Carlos<\/strong> y <strong>Mati<\/strong>. En la siguiente cayeron <strong>Carlos<\/strong> y<strong> Mati<\/strong>, que acabaron quintos. S\u00f3lo <strong>Ramiro<\/strong> continu\u00f3 y con coraje se plant\u00f3 en la final, final que gan\u00f3 con autoridad por un 6-0 al asturiano<strong> Pergentino P\u00e9rez<\/strong>.<\/p>\n<p>Un buen resultado deportivo, aunque fue una pena que no acompa\u00f1ara el tiempo a la excelente organizaci\u00f3n del evento y que por este motivo quedo deslucido.<\/p>\n<p>&nbsp;<\/p>\n<p style=\"text-align: center;\"><a href=\"http:\/\/www.arqueroszamora.es\/wp-content\/uploads\/2014\/08\/Los-zamoranos-como-todos-pusieron-a-mal-tiempo-buena-cara.jpg\" target=\"_blank\"><img loading=\"lazy\" decoding=\"async\" class=\"aligncenter size-full wp-image-1247\" alt=\"Participantes\" src=\"http:\/\/www.arqueroszamora.es\/wp-content\/uploads\/2014\/08\/Participantes.png\" width=\"690\" height=\"101\" srcset=\"http:\/\/www.arqueroszamora.es\/wp-content\/uploads\/2014\/08\/Participantes.png 690w, http:\/\/www.arqueroszamora.es\/wp-content\/uploads\/2014\/08\/Participantes-300x43.png 300w\" sizes=\"auto, (max-width: 690px) 100vw, 690px\" \/><\/a><\/p>\n<p style=\"text-align: center;\"><a title=\"Fotografias ArcoAstur\" href=\"https:\/\/plus.google.com\/photos\/106705070378411861359\/albums\/6043739588016179937?banner=pwa\" target=\"_blank\">FOTOGRAF\u00cdAS<\/a><\/p>\n","protected":false},"excerpt":{"rendered":"<p>Ramiro Portales fue el vencedor en arco recurvo del prestigioso trofeo nacional este fin de semana en Corvera, Asturias. Hasta tierras asturianas viajaron Ramiro Portales, Carlos y Pablo Garc\u00eda ( que se estrenaba con arco compuesto), Mati Pe\u00f1a, Mario Fern\u00e1ndez y Daniel Garc\u00eda, todos el C.D. Arqueros Zamora Reny Picot, para disputar el XV Trofeo\u2026 <span class=\"read-more\"><a href=\"http:\/\/www.arqueroszamora.es\/index.php\/2014\/08\/06\/ramiro-portales-consiguio-el-oro-en-el-xv-trofeo-arcoastur\/\">Leer m\u00e1s &raquo;<\/a><\/span><\/p>\n","protected":false},"author":1,"featured_media":0,"comment_status":"open","ping_status":"open","sticky":false,"template":"","format":"standard","meta":{"footnotes":""},"categories":[7],"tags":[],"class_list":["post-1243","post","type-post","status-publish","format-standard","hentry","category-noticias"],"_links":{"self":[{"href":"http:\/\/www.arqueroszamora.es\/index.php\/wp-json\/wp\/v2\/posts\/1243","targetHints":{"allow":["GET"]}}],"collection":[{"href":"http:\/\/www.arqueroszamora.es\/index.php\/wp-json\/wp\/v2\/posts"}],"about":[{"href":"http:\/\/www.arqueroszamora.es\/index.php\/wp-json\/wp\/v2\/types\/post"}],"author":[{"embeddable":true,"href":"http:\/\/www.arqueroszamora.es\/index.php\/wp-json\/wp\/v2\/users\/1"}],"replies":[{"embeddable":true,"href":"http:\/\/www.arqueroszamora.es\/index.php\/wp-json\/wp\/v2\/comments?post=1243"}],"version-history":[{"count":0,"href":"http:\/\/www.arqueroszamora.es\/index.php\/wp-json\/wp\/v2\/posts\/1243\/revisions"}],"wp:attachment":[{"href":"http:\/\/www.arqueroszamora.es\/index.php\/wp-json\/wp\/v2\/media?parent=1243"}],"wp:term":[{"taxonomy":"category","embeddable":true,"href":"http:\/\/www.arqueroszamora.es\/index.php\/wp-json\/wp\/v2\/categories?post=1243"},{"taxonomy":"post_tag","embeddable":true,"href":"http:\/\/www.arqueroszamora.es\/index.php\/wp-json\/wp\/v2\/tags?post=1243"}],"curies":[{"name":"wp","href":"https:\/\/api.w.org\/{rel}","templated":true}]}}