{"id":1254,"date":"2014-08-15T20:16:08","date_gmt":"2014-08-15T19:16:08","guid":{"rendered":"http:\/\/www.arqueroszamora.es\/?p=1254"},"modified":"2014-08-15T20:16:08","modified_gmt":"2014-08-15T19:16:08","slug":"alvaro-artime-consigue-el-primer-puesto-en-el-xxi-trofeo-ayuntamiento-de-corvera","status":"publish","type":"post","link":"http:\/\/www.arqueroszamora.es\/index.php\/2014\/08\/15\/alvaro-artime-consigue-el-primer-puesto-en-el-xxi-trofeo-ayuntamiento-de-corvera\/","title":{"rendered":"\u00c1LVARO ARTIME  CONSIGUE EL PRIMER PUESTO EN EL XXI TROFEO AYUNTAMIENTO DE CORVERA."},"content":{"rendered":"<div id=\"attachment_1256\" style=\"width: 570px\" class=\"wp-caption aligncenter\"><a href=\"http:\/\/www.arqueroszamora.es\/wp-content\/uploads\/2014\/08\/DSCN1172.jpg\"><img loading=\"lazy\" decoding=\"async\" aria-describedby=\"caption-attachment-1256\" class=\" wp-image-1256\" title=\"\u00c1lvaro Artime campe\u00f3n cadete del XXI Trofeo Ayuntamiento de Corvera\" alt=\"DSCN1172\" src=\"http:\/\/www.arqueroszamora.es\/wp-content\/uploads\/2014\/08\/DSCN1172.jpg\" width=\"560\" height=\"511\" srcset=\"http:\/\/www.arqueroszamora.es\/wp-content\/uploads\/2014\/08\/DSCN1172.jpg 800w, http:\/\/www.arqueroszamora.es\/wp-content\/uploads\/2014\/08\/DSCN1172-300x273.jpg 300w\" sizes=\"auto, (max-width: 560px) 100vw, 560px\" \/><\/a><p id=\"caption-attachment-1256\" class=\"wp-caption-text\">\u00c1lvaro Artime, campe\u00f3n cadete del XXI Trofeo Ayuntamiento de Corvera<\/p><\/div>\n<p style=\"text-align: center;\">\n<p><strong>\u00c1lvaro Artime<\/strong> consigui\u00f3 el primer puesto, en la modalidad de Arco Recurvo dentro de la categor\u00eda de cadete, que este a\u00f1o se disput\u00f3 por primera vez en el campo de f\u00fatbol situado a la vera del Palacio (S.XV), antigua residencia de los Condes de Pe\u00f1alver.<\/p>\n<p>El pasado fin de semana 9 y 10 de Agosto tuvo lugar XXI Trofeo Ayuntamiento de Corvera, a la que acude desde hace tres a\u00f1os el joven arquero <strong>\u00c1lvaro Artime<\/strong> y que este a\u00f1o le acompa<a href=\"http:\/\/www.arqueroszamora.es\/wp-content\/uploads\/2014\/08\/DSCN1168.jpg\" target=\"_blank\"><img loading=\"lazy\" decoding=\"async\" class=\"alignright  wp-image-1255\" title=\"Alvaro Artime y Manuel Artime\" alt=\"DSCN1168\" src=\"http:\/\/www.arqueroszamora.es\/wp-content\/uploads\/2014\/08\/DSCN1168.jpg\" width=\"258\" height=\"400\" srcset=\"http:\/\/www.arqueroszamora.es\/wp-content\/uploads\/2014\/08\/DSCN1168.jpg 322w, http:\/\/www.arqueroszamora.es\/wp-content\/uploads\/2014\/08\/DSCN1168-193x300.jpg 193w\" sizes=\"auto, (max-width: 258px) 100vw, 258px\" \/><\/a>\u00f1aba por primera vez <strong>Manuel Artime<\/strong>, en la categor\u00eda de senior,\u00a0 ambos de <strong>C.D. Arqueros Zamora Reny Picot<\/strong>.<\/p>\n<p>Dicha competici\u00f3n es homologada por la Federaci\u00f3n Internacional, lo que hace que las categor\u00edas cuenten con un &#8216;round FITA&#8217;, que consiste en el lanzamiento de 36 flechas en cuatro diversas distancias: 90, 70, 50 y 30 metros para los hombres senior y 70, 60, 50 y 30 metros para los cadetes hombres.<\/p>\n<p>Durante la\u00a0 tarde del s\u00e1bado en la primera tanda a 70 metros <strong>\u00c1lvaro<\/strong> se colocaba en el primer puesto, muy disputado. Mientras que en la segunda tanda a 60 metros, el joven arquero zamorano baj\u00f3 al segundo, a pocos puntos del liderazgo. Sin embargo, al final de la tarde, a 50 metros marc\u00f3 distancia frente a los dem\u00e1s arqueros. A la ma\u00f1ana siguiente durante la competici\u00f3n, a 30 metros, culmin\u00f3 la tarea con una muy buena tirada, finalizando en primera posici\u00f3n, con una puntuaci\u00f3n total de 1148 puntos, dejando bastante atr\u00e1s a sus contrincantes.<\/p>\n<p><strong>Manuel<\/strong> compet\u00eda por primera vez en una competici\u00f3n de estas caracter\u00edstica, sorte\u00f3 como pudo las diferentes distancias teniendo en cuenta que este arquero lleva muy poco tiempo en este deporte.<\/p>\n<p>Fue un fin de semana de reconocimiento para uno y aprendizaje para otro en el que, a pesar de las amenazas de lluvia, al final acompa\u00f1\u00f3 el tiempo.<\/p>\n","protected":false},"excerpt":{"rendered":"<p>\u00c1lvaro Artime consigui\u00f3 el primer puesto, en la modalidad de Arco Recurvo dentro de la categor\u00eda de cadete, que este a\u00f1o se disput\u00f3 por primera vez en el campo de f\u00fatbol situado a la vera del Palacio (S.XV), antigua residencia de los Condes de Pe\u00f1alver. El pasado fin de semana 9 y 10 de Agosto\u2026 <span class=\"read-more\"><a href=\"http:\/\/www.arqueroszamora.es\/index.php\/2014\/08\/15\/alvaro-artime-consigue-el-primer-puesto-en-el-xxi-trofeo-ayuntamiento-de-corvera\/\">Leer m\u00e1s &raquo;<\/a><\/span><\/p>\n","protected":false},"author":1,"featured_media":0,"comment_status":"open","ping_status":"open","sticky":false,"template":"","format":"standard","meta":{"footnotes":""},"categories":[7],"tags":[],"class_list":["post-1254","post","type-post","status-publish","format-standard","hentry","category-noticias"],"_links":{"self":[{"href":"http:\/\/www.arqueroszamora.es\/index.php\/wp-json\/wp\/v2\/posts\/1254","targetHints":{"allow":["GET"]}}],"collection":[{"href":"http:\/\/www.arqueroszamora.es\/index.php\/wp-json\/wp\/v2\/posts"}],"about":[{"href":"http:\/\/www.arqueroszamora.es\/index.php\/wp-json\/wp\/v2\/types\/post"}],"author":[{"embeddable":true,"href":"http:\/\/www.arqueroszamora.es\/index.php\/wp-json\/wp\/v2\/users\/1"}],"replies":[{"embeddable":true,"href":"http:\/\/www.arqueroszamora.es\/index.php\/wp-json\/wp\/v2\/comments?post=1254"}],"version-history":[{"count":0,"href":"http:\/\/www.arqueroszamora.es\/index.php\/wp-json\/wp\/v2\/posts\/1254\/revisions"}],"wp:attachment":[{"href":"http:\/\/www.arqueroszamora.es\/index.php\/wp-json\/wp\/v2\/media?parent=1254"}],"wp:term":[{"taxonomy":"category","embeddable":true,"href":"http:\/\/www.arqueroszamora.es\/index.php\/wp-json\/wp\/v2\/categories?post=1254"},{"taxonomy":"post_tag","embeddable":true,"href":"http:\/\/www.arqueroszamora.es\/index.php\/wp-json\/wp\/v2\/tags?post=1254"}],"curies":[{"name":"wp","href":"https:\/\/api.w.org\/{rel}","templated":true}]}}