{"id":1259,"date":"2014-09-22T21:29:00","date_gmt":"2014-09-22T20:29:00","guid":{"rendered":"http:\/\/www.arqueroszamora.es\/?p=1259"},"modified":"2014-09-22T21:32:10","modified_gmt":"2014-09-22T20:32:10","slug":"mati-pena-se-proclama-subcampeona-en-el-campeonato-de-espana-de-clubes-y-de-la-copa-de-sus-majestades-y-sus-altezas-reales","status":"publish","type":"post","link":"http:\/\/www.arqueroszamora.es\/index.php\/2014\/09\/22\/mati-pena-se-proclama-subcampeona-en-el-campeonato-de-espana-de-clubes-y-de-la-copa-de-sus-majestades-y-sus-altezas-reales\/","title":{"rendered":"MATI PE\u00d1A, SUBCAMPEONA EN EL CAMPEONATO DE ESPA\u00d1A DE CLUBES Y DE LA COPA DE SUS MAJESTADES Y SUS ALTEZAS REALES"},"content":{"rendered":"<p>&nbsp;<\/p>\n<p><a href=\"http:\/\/www.arqueroszamora.es\/wp-content\/uploads\/2014\/09\/Podio.jpg\"><img loading=\"lazy\" decoding=\"async\" class=\"aligncenter wp-image-1261\" src=\"http:\/\/www.arqueroszamora.es\/wp-content\/uploads\/2014\/09\/Podio.jpg\" alt=\"Podio\" width=\"500\" height=\"375\" srcset=\"http:\/\/www.arqueroszamora.es\/wp-content\/uploads\/2014\/09\/Podio.jpg 800w, http:\/\/www.arqueroszamora.es\/wp-content\/uploads\/2014\/09\/Podio-300x225.jpg 300w\" sizes=\"auto, (max-width: 500px) 100vw, 500px\" \/><\/a><\/p>\n<p>La arquera del <strong>C.D. Arqueros Zamora Reny Picot<\/strong>, <strong>Mati Pe\u00f1a<\/strong>, alcanz\u00f3 brillantemente este fin de semana en Gand\u00eda el Subcampeonato de Espa\u00f1a de Clubes y de la <strong>Copa de SS.MM. y SS.AA.RR<\/strong> junto a la vallisoletana S<strong>onsoles Bouza<\/strong>s del <strong>C.D. Arcoclub Valladolid<\/strong> y la palentina <strong>Mar\u00eda G\u00f3mez<\/strong>, del <strong>C.D. Ori\u00f3n<\/strong>. Estuvieron asistidas por el tambi\u00e9n zamorano <strong>Daniel Garc\u00eda<\/strong> en calidad de capit\u00e1n del equipo. Ambos formaron el <strong>Equipo Atalanta<\/strong>, en clara alusi\u00f3n a la m\u00edtica arquera.<br \/>\nCompitieron representando al <strong>C.D. Arcoclub Valladolid<\/strong> dado que la Federaci\u00f3n Espa\u00f1ola de Tiro con Arco permite que mujeres arqueras de distintos clubes puedan formar un equipo representando a un club al ser consciente que no todos los clubes tienen mujeres suficientes para formar un equipo que compita con garant\u00eda, que es el caso del club zamorano. El acuerdo entre estas atletas es que en ediciones sucesivas representar\u00e1n al <strong>Club Arqueros de Zamora<\/strong> y al <strong>Club Ori\u00f3n<\/strong>.<br \/>\nLa experiencia ha sido m\u00e1s que positiva porque aunque apenas han entrenado juntas para hacer una competici\u00f3n por equipos como es esta, demostraron un grado de acoplamiento muy bueno tanto en la fase preliminar y de grupos del s\u00e1bado como en la final del domingo.<br \/>\nHasta llegar a Gand\u00eda tuvieron una fase clasificatoria en tres tiradas cuya puntuaci\u00f3n individual era sumatoria para el Campeonato de Espa\u00f1a de clubes: Gran Premio de Espa\u00f1a de Madrid, Gran Premio de Espa\u00f1a de L\u00e9rida y el propio Campeonato de Espa\u00f1a de Aire libre. Llegaron a Gand\u00eda clasificadas en 4\u00ba lugar, precedidas del Equipo Inform\u00e1tica de Madrid, Equipo Corvera de Asturias y ArcoSur, de Ja\u00e9n.<br \/>\nEl s\u00e1bado en la fase preliminar clasificatoria tuvieron que lanzar 48 flechas en dos series de 24 disparadas de 6 en 6 y dos por arquera a 50m. De esta fase saldr\u00edan clasificadas en tercer lugar despu\u00e9s de perder el 2\u00ba puesto en las seis \u00faltimas flechas.<br \/>\nEn la fase de grupos en la que se enfrentaron los 4 equipos entre s\u00ed empezaron algo flojas contra Madrid y perdieron el enfrentamiento y los 2 primeros puntos de set. Contra Asturias hicieron su mejor tirada, tremenda, sin darles opciones, y contra las jienenses otro tanto. Al final ten\u00edan 4 puntos, los mismos que madrile\u00f1as y asturianas. El reglamento en este caso echa mano de los puntos totales en los tres enfrentamientos y aqu\u00ed el equipo <strong>Mati Pe\u00f1a<\/strong> quedaba primero con 20 puntos de ventaja sobre madrile\u00f1as, 41 a asturianas y 52 a las andaluzas. Era importante esta clasificaci\u00f3n porque el domingo se tirar\u00edan las finales y el equipo 1\u00ba y 2\u00ba ya se enfrentar\u00edan por el oro y el 3\u00ba y 4\u00ba por el bronce. Por tanto nuestra arquera y sus compa\u00f1eras ten\u00edan asegurada la plata. Las sensaciones eran buenas y la motivaci\u00f3n muy alta para afrontar el asalto al oro frente a las potentes madrile\u00f1as que ten\u00edan ganas de revancha.<br \/>\nEl domingo por la ma\u00f1ana fueron los duelos finales. En el campo un gran bochorno de calor y humedad que a <strong>Daniel Garc\u00eda<\/strong>, como capit\u00e1n, no le gust\u00f3 a sabiendas que podr\u00eda pasar factura a las nuestras y algo as\u00ed ocurri\u00f3 y que unido al mayor nivel exhibido por las madrile\u00f1as hizo que el equipo castellano se viniera abajo y no mostraran el nivel del d\u00eda anterior lo que las llev\u00f3 irremediablemente al subcampeonato y as\u00ed las madrile\u00f1as vieron cumplida su venganza; pero pasados los primeros momentos de tristeza lo celebraron con alegr\u00eda y ya conscientes que el logro era muy grande puesto que hab\u00edan llegado en 4\u00ba lugar y se fueron con la plata.<\/p>\n<div id=\"attachment_1260\" style=\"width: 710px\" class=\"wp-caption aligncenter\"><a href=\"http:\/\/www.arqueroszamora.es\/wp-content\/uploads\/2014\/09\/Equipo-Atalanta-con-Daniel-Garc\u00eda-Mati-Pe\u00f1a-Mar\u00eda-G\u00f3mez-y-Sonsoles-Bouzas.jpg\"><img loading=\"lazy\" decoding=\"async\" aria-describedby=\"caption-attachment-1260\" class=\"wp-image-1260\" src=\"http:\/\/www.arqueroszamora.es\/wp-content\/uploads\/2014\/09\/Equipo-Atalanta-con-Daniel-Garc\u00eda-Mati-Pe\u00f1a-Mar\u00eda-G\u00f3mez-y-Sonsoles-Bouzas.jpg\" alt=\"Equipo Atalanta: Daniel Garc\u00eda, Mati Pe\u00f1a, Mar\u00eda G\u00f3mez y Sonsoles Bouzas.\" width=\"700\" height=\"525\" srcset=\"http:\/\/www.arqueroszamora.es\/wp-content\/uploads\/2014\/09\/Equipo-Atalanta-con-Daniel-Garc\u00eda-Mati-Pe\u00f1a-Mar\u00eda-G\u00f3mez-y-Sonsoles-Bouzas.jpg 800w, http:\/\/www.arqueroszamora.es\/wp-content\/uploads\/2014\/09\/Equipo-Atalanta-con-Daniel-Garc\u00eda-Mati-Pe\u00f1a-Mar\u00eda-G\u00f3mez-y-Sonsoles-Bouzas-300x225.jpg 300w\" sizes=\"auto, (max-width: 700px) 100vw, 700px\" \/><\/a><p id=\"caption-attachment-1260\" class=\"wp-caption-text\">Equipo Atalanta: Daniel Garc\u00eda, Mati Pe\u00f1a, Sonsoles Bouzas y Mar\u00eda G\u00f3mez<\/p><\/div>\n","protected":false},"excerpt":{"rendered":"<p>&nbsp; La arquera del C.D. Arqueros Zamora Reny Picot, Mati Pe\u00f1a, alcanz\u00f3 brillantemente este fin de semana en Gand\u00eda el Subcampeonato de Espa\u00f1a de Clubes y de la Copa de SS.MM. y SS.AA.RR junto a la vallisoletana Sonsoles Bouzas del C.D. Arcoclub Valladolid y la palentina Mar\u00eda G\u00f3mez, del C.D. Ori\u00f3n. Estuvieron asistidas por el\u2026 <span class=\"read-more\"><a href=\"http:\/\/www.arqueroszamora.es\/index.php\/2014\/09\/22\/mati-pena-se-proclama-subcampeona-en-el-campeonato-de-espana-de-clubes-y-de-la-copa-de-sus-majestades-y-sus-altezas-reales\/\">Leer m\u00e1s &raquo;<\/a><\/span><\/p>\n","protected":false},"author":1,"featured_media":0,"comment_status":"open","ping_status":"closed","sticky":false,"template":"","format":"standard","meta":{"footnotes":""},"categories":[4,7],"tags":[],"class_list":["post-1259","post","type-post","status-publish","format-standard","hentry","category-competiciones","category-noticias"],"_links":{"self":[{"href":"http:\/\/www.arqueroszamora.es\/index.php\/wp-json\/wp\/v2\/posts\/1259","targetHints":{"allow":["GET"]}}],"collection":[{"href":"http:\/\/www.arqueroszamora.es\/index.php\/wp-json\/wp\/v2\/posts"}],"about":[{"href":"http:\/\/www.arqueroszamora.es\/index.php\/wp-json\/wp\/v2\/types\/post"}],"author":[{"embeddable":true,"href":"http:\/\/www.arqueroszamora.es\/index.php\/wp-json\/wp\/v2\/users\/1"}],"replies":[{"embeddable":true,"href":"http:\/\/www.arqueroszamora.es\/index.php\/wp-json\/wp\/v2\/comments?post=1259"}],"version-history":[{"count":0,"href":"http:\/\/www.arqueroszamora.es\/index.php\/wp-json\/wp\/v2\/posts\/1259\/revisions"}],"wp:attachment":[{"href":"http:\/\/www.arqueroszamora.es\/index.php\/wp-json\/wp\/v2\/media?parent=1259"}],"wp:term":[{"taxonomy":"category","embeddable":true,"href":"http:\/\/www.arqueroszamora.es\/index.php\/wp-json\/wp\/v2\/categories?post=1259"},{"taxonomy":"post_tag","embeddable":true,"href":"http:\/\/www.arqueroszamora.es\/index.php\/wp-json\/wp\/v2\/tags?post=1259"}],"curies":[{"name":"wp","href":"https:\/\/api.w.org\/{rel}","templated":true}]}}