{"id":1263,"date":"2014-09-27T11:48:23","date_gmt":"2014-09-27T10:48:23","guid":{"rendered":"http:\/\/www.arqueroszamora.es\/?p=1263"},"modified":"2015-04-29T07:32:44","modified_gmt":"2015-04-29T06:32:44","slug":"cancion-del-c-d-arqueros-zamora","status":"publish","type":"post","link":"http:\/\/www.arqueroszamora.es\/index.php\/2014\/09\/27\/cancion-del-c-d-arqueros-zamora\/","title":{"rendered":"Canci\u00f3n del C.D. Arqueros Zamora"},"content":{"rendered":"<h2 style=\"text-align: center;\">Canci\u00f3n compuesta por Ra\u00fal Fern\u00e1ndez Pe\u00f1a para nuestro Club.<\/h2>\n<p>&nbsp;<\/p>\n<audio class=\"wp-audio-shortcode\" id=\"audio-1263-1\" preload=\"none\" style=\"width: 100%;\" controls=\"controls\"><source type=\"audio\/mpeg\" src=\"http:\/\/www.arqueroszamora.es\/wp-content\/uploads\/2014\/09\/ArquerosZamora.mp3?_=1\" \/><a href=\"http:\/\/www.arqueroszamora.es\/wp-content\/uploads\/2014\/09\/ArquerosZamora.mp3\">http:\/\/www.arqueroszamora.es\/wp-content\/uploads\/2014\/09\/ArquerosZamora.mp3<\/a><\/audio>\n<address>(El play est\u00e1 al lado del contador de la izquierda. No se porqu\u00e9 no se ve)<\/address><\/p>\n","protected":false},"excerpt":{"rendered":"<p>Canci\u00f3n compuesta por Ra\u00fal Fern\u00e1ndez Pe\u00f1a para nuestro Club. &nbsp; (El play est\u00e1 al lado del contador de la izquierda. No se porqu\u00e9 no se ve)<\/p>\n","protected":false},"author":1,"featured_media":0,"comment_status":"open","ping_status":"open","sticky":false,"template":"","format":"standard","meta":{"footnotes":""},"categories":[9],"tags":[],"class_list":["post-1263","post","type-post","status-publish","format-standard","hentry","category-multimedia"],"_links":{"self":[{"href":"http:\/\/www.arqueroszamora.es\/index.php\/wp-json\/wp\/v2\/posts\/1263","targetHints":{"allow":["GET"]}}],"collection":[{"href":"http:\/\/www.arqueroszamora.es\/index.php\/wp-json\/wp\/v2\/posts"}],"about":[{"href":"http:\/\/www.arqueroszamora.es\/index.php\/wp-json\/wp\/v2\/types\/post"}],"author":[{"embeddable":true,"href":"http:\/\/www.arqueroszamora.es\/index.php\/wp-json\/wp\/v2\/users\/1"}],"replies":[{"embeddable":true,"href":"http:\/\/www.arqueroszamora.es\/index.php\/wp-json\/wp\/v2\/comments?post=1263"}],"version-history":[{"count":0,"href":"http:\/\/www.arqueroszamora.es\/index.php\/wp-json\/wp\/v2\/posts\/1263\/revisions"}],"wp:attachment":[{"href":"http:\/\/www.arqueroszamora.es\/index.php\/wp-json\/wp\/v2\/media?parent=1263"}],"wp:term":[{"taxonomy":"category","embeddable":true,"href":"http:\/\/www.arqueroszamora.es\/index.php\/wp-json\/wp\/v2\/categories?post=1263"},{"taxonomy":"post_tag","embeddable":true,"href":"http:\/\/www.arqueroszamora.es\/index.php\/wp-json\/wp\/v2\/tags?post=1263"}],"curies":[{"name":"wp","href":"https:\/\/api.w.org\/{rel}","templated":true}]}}