{"id":1273,"date":"2014-10-22T16:26:40","date_gmt":"2014-10-22T15:26:40","guid":{"rendered":"http:\/\/www.arqueroszamora.es\/?p=1273"},"modified":"2014-10-22T16:30:10","modified_gmt":"2014-10-22T15:30:10","slug":"primeras-competiciones-de-sala-en-noviembre","status":"publish","type":"post","link":"http:\/\/www.arqueroszamora.es\/index.php\/2014\/10\/22\/primeras-competiciones-de-sala-en-noviembre\/","title":{"rendered":"Primeras competiciones de sala en Noviembre."},"content":{"rendered":"<p>El mes de noviembre se presenta calentito.<\/p>\n<p><strong>PRIMER POSTAL DE SALA &#8211; XVIII TROFEO SAN SEBASTI\u00c1N<\/strong><\/p>\n<p>Comienzan las competiciones de Sala y empezamos a recibir invitaciones para acudir y pasar un d\u00eda divertido practicando nuestro deporte.<\/p>\n<p>Los amigos de La <a title=\"Web del Club La Flecha de Salamanca\" href=\"http:\/\/www.laflechadesalamanca.es\" target=\"_blank\">Flecha de Salamanca<\/a> convocan para el d\u00eda <strong>8 de noviembre<\/strong> el <strong>Primer Postal de Sala XVIII Trofeo San Sebasti\u00e1n<\/strong>. -&gt; Pod\u00e9is consultar los detalles en la <a title=\"Primer Postal Sala. XVIII Trofeo San Sebasti\u00e1n\" href=\"http:\/\/www.arqueroszamora.es\/wp-content\/uploads\/2014\/10\/1\u00ba-POSTAL-SALA-2014.pdf\" target=\"_blank\">CONVOCATORIA<\/a>.<\/p>\n<p>Por si nos quedamos con ganas, el d\u00eda siguiente, domingo <strong>9 de noviembre<\/strong>, los compa\u00f1eros del club <a title=\"Web del Club Arqueros del Sol XIV\" href=\"http:\/\/www.arquerosdesol.com\/\" target=\"_blank\">Arqueros del Sol XIV<\/a>, de Salamanca, organizan tambi\u00e9n el <strong>Primer Postal de Sala<\/strong> -&gt;Esta es la <a title=\"Primer Postal Sala. XVIII Trofeo San Sebasti\u00e1n - Arqueros Del Sol XIV\" href=\"http:\/\/www.arqueroszamora.es\/wp-content\/uploads\/2014\/10\/CONVOCATORIA-POSTAL.pdf\" target=\"_blank\">CONVOCATORIA.<\/a><\/p>\n<p>&nbsp;<\/p>\n<p><strong>IX ENCUENTRO ARQUERO<\/strong>.<\/p>\n<p>Y por si fuera poco, los d\u00edas <strong>23 y 24 de noviembre<\/strong>, el <strong>Club Arqueros del Sol XIV<\/strong>,\u00a0 organizan su<strong> IX Encuentro Arquero<\/strong>. Dos jornadas llenas de flechas en las que se realizar\u00e1n <strong>cuatro competiciones<\/strong> diferenciadas:<\/p>\n<p>&#8211; Nacional Postal Gran Premio Diputaci\u00f3n de Salamanca.<\/p>\n<p>&#8211; Trofeo Banco de Alimentos.<\/p>\n<p>&#8211; IX Arqueros del Sol XIV de Sala.<\/p>\n<p>&#8211; Trofeos Robin y Guillermo Tell.<\/p>\n<p>Todas las competiciones tendr\u00e1n su premio diferenciado (Trofeo, medalla, saquito de legumbres, paleta ib\u00e9rica, lomo ib\u00e9rico, chorizo ib\u00e9rico).<\/p>\n<p>A todo esto hay que a\u00f1adir un vino espa\u00f1ol con degustaci\u00f3n de jam\u00f3n ib\u00e9rico cortado por el maestro cortador Juli\u00e1n Mart\u00edn y una rifa de regalos entre los participantes presentes.<\/p>\n<p>Para m\u00e1s informaci\u00f3n -&gt; <a title=\"Convocatoria IX Encuentro Arquero - Arqueros del Sol XIV\" href=\"http:\/\/www.arqueroszamora.es\/wp-content\/uploads\/2014\/10\/CONVOCATORIA.pdf\" target=\"_blank\">CONVOCATORIA<\/a><\/p>\n<p>&nbsp;<\/p>\n<p>&nbsp;<\/p>\n<p>&nbsp;<\/p>\n<p><a href=\"http:\/\/www.arquerosdesol.com\/\"><img loading=\"lazy\" decoding=\"async\" class=\"aligncenter wp-image-1277 size-medium\" src=\"http:\/\/www.arqueroszamora.es\/wp-content\/uploads\/2014\/10\/Logo-ArquerosDelSol-300x104.jpg\" alt=\"Logo ArquerosDelSol\" width=\"300\" height=\"104\" srcset=\"http:\/\/www.arqueroszamora.es\/wp-content\/uploads\/2014\/10\/Logo-ArquerosDelSol-300x104.jpg 300w, http:\/\/www.arqueroszamora.es\/wp-content\/uploads\/2014\/10\/Logo-ArquerosDelSol.jpg 359w\" sizes=\"auto, (max-width: 300px) 100vw, 300px\" \/><\/a><a href=\"http:\/\/www.laflechadesalamanca.es\" target=\"_blank\"><img loading=\"lazy\" decoding=\"async\" class=\"aligncenter wp-image-491 size-medium\" src=\"http:\/\/www.arqueroszamora.es\/wp-content\/uploads\/2013\/01\/logo-LaFlechaSalamanca-300x253.jpg\" alt=\"logo LaFlechaSalamanca\" width=\"300\" height=\"253\" srcset=\"http:\/\/www.arqueroszamora.es\/wp-content\/uploads\/2013\/01\/logo-LaFlechaSalamanca-300x253.jpg 300w, http:\/\/www.arqueroszamora.es\/wp-content\/uploads\/2013\/01\/logo-LaFlechaSalamanca.jpg 434w\" sizes=\"auto, (max-width: 300px) 100vw, 300px\" \/><\/a><\/p>\n","protected":false},"excerpt":{"rendered":"<p>El mes de noviembre se presenta calentito. PRIMER POSTAL DE SALA &#8211; XVIII TROFEO SAN SEBASTI\u00c1N Comienzan las competiciones de Sala y empezamos a recibir invitaciones para acudir y pasar un d\u00eda divertido practicando nuestro deporte. Los amigos de La Flecha de Salamanca convocan para el d\u00eda 8 de noviembre el Primer Postal de Sala\u2026 <span class=\"read-more\"><a href=\"http:\/\/www.arqueroszamora.es\/index.php\/2014\/10\/22\/primeras-competiciones-de-sala-en-noviembre\/\">Leer m\u00e1s &raquo;<\/a><\/span><\/p>\n","protected":false},"author":1,"featured_media":0,"comment_status":"open","ping_status":"open","sticky":false,"template":"","format":"standard","meta":{"footnotes":""},"categories":[7],"tags":[],"class_list":["post-1273","post","type-post","status-publish","format-standard","hentry","category-noticias"],"_links":{"self":[{"href":"http:\/\/www.arqueroszamora.es\/index.php\/wp-json\/wp\/v2\/posts\/1273","targetHints":{"allow":["GET"]}}],"collection":[{"href":"http:\/\/www.arqueroszamora.es\/index.php\/wp-json\/wp\/v2\/posts"}],"about":[{"href":"http:\/\/www.arqueroszamora.es\/index.php\/wp-json\/wp\/v2\/types\/post"}],"author":[{"embeddable":true,"href":"http:\/\/www.arqueroszamora.es\/index.php\/wp-json\/wp\/v2\/users\/1"}],"replies":[{"embeddable":true,"href":"http:\/\/www.arqueroszamora.es\/index.php\/wp-json\/wp\/v2\/comments?post=1273"}],"version-history":[{"count":0,"href":"http:\/\/www.arqueroszamora.es\/index.php\/wp-json\/wp\/v2\/posts\/1273\/revisions"}],"wp:attachment":[{"href":"http:\/\/www.arqueroszamora.es\/index.php\/wp-json\/wp\/v2\/media?parent=1273"}],"wp:term":[{"taxonomy":"category","embeddable":true,"href":"http:\/\/www.arqueroszamora.es\/index.php\/wp-json\/wp\/v2\/categories?post=1273"},{"taxonomy":"post_tag","embeddable":true,"href":"http:\/\/www.arqueroszamora.es\/index.php\/wp-json\/wp\/v2\/tags?post=1273"}],"curies":[{"name":"wp","href":"https:\/\/api.w.org\/{rel}","templated":true}]}}