{"id":1288,"date":"2014-11-19T18:05:58","date_gmt":"2014-11-19T17:05:58","guid":{"rendered":"http:\/\/www.arqueroszamora.es\/?p=1288"},"modified":"2014-12-14T21:04:43","modified_gmt":"2014-12-14T20:04:43","slug":"campeonato-provincial-de-tiro-con-arco-de-sala-2015","status":"publish","type":"post","link":"http:\/\/www.arqueroszamora.es\/index.php\/2014\/11\/19\/campeonato-provincial-de-tiro-con-arco-de-sala-2015\/","title":{"rendered":"CAMPEONATO PROVINCIAL DE TIRO CON ARCO DE  SALA 2015"},"content":{"rendered":"<p><a href=\"http:\/\/www.arqueroszamora.es\/wp-content\/uploads\/2014\/11\/Logo.jpg\" target=\"_blank\"><img loading=\"lazy\" decoding=\"async\" class=\"alignleft wp-image-1289 size-medium\" src=\"http:\/\/www.arqueroszamora.es\/wp-content\/uploads\/2014\/11\/Logo-300x236.jpg\" alt=\"Logo\" width=\"300\" height=\"236\" srcset=\"http:\/\/www.arqueroszamora.es\/wp-content\/uploads\/2014\/11\/Logo-300x236.jpg 300w, http:\/\/www.arqueroszamora.es\/wp-content\/uploads\/2014\/11\/Logo.jpg 460w\" sizes=\"auto, (max-width: 300px) 100vw, 300px\" \/><\/a><\/p>\n<p class=\"western\"><span style=\"text-decoration: underline;\"><b>ORGANIZA<\/b><\/span>: C.D. ARQUEROS ZAMORA<\/p>\n<p class=\"western\"><span style=\"text-decoration: underline;\"><b>D\u00cdA<\/b><\/span>: 13-14 DE DICIEMBRE DE 2014<\/p>\n<p class=\"western\"><span style=\"text-decoration: underline;\"><b>LUGAR<\/b><\/span>: SALA DE ENTRENAMIENTO DE LA CIUDAD DEPORTIVA<\/p>\n<p class=\"western\"><span style=\"text-decoration: underline;\"><b>MODALIDADES<\/b><\/span>: ARCO OL\u00cdMPICO, COMPUESTO Y TRADICIONAL (modalidad \u00fanica)<\/p>\n<p class=\"western\"><span style=\"text-decoration: underline;\"><b>CATEGOR\u00cdAS<\/b><\/span>: EDADES Y SENIOR<\/p>\n<p class=\"western\"><span style=\"text-decoration: underline;\"><b>DIVISIONES<\/b><\/span>: MASCULINA Y FEMENINA.<\/p>\n<p class=\"western\"><span style=\"text-decoration: underline;\"><b>DESARROLLO DEL CAMPEONATO<\/b><\/span>:<\/p>\n<p class=\"western\">ARDILLAS: tirar\u00e1n dos series de 18 flechas a 12m.<\/p>\n<p class=\"western\">BENJAMINES: tirar\u00e1n dos series de 30 flechas a 12m.<\/p>\n<p class=\"western\">ALEVINES, INFANTILES, CADETES Y JUNIOR Y SENIOR: tirar\u00e1n dos series de 30 flechas a 18 m. en su diana correspondiente.<\/p>\n<p class=\"western\"><span style=\"text-decoration: underline;\"><b>INSCRIPCIONES<\/b><\/span>: Hasta el d\u00eda 9 de diciembre a las 24h. en la siguiente direcci\u00f3n: <strong>inscripciones@arqueroszamora.es<\/strong> indicando: \u00a0 NOMBRE, APELLIDOS, N\u00ba LICENCIA, MODALIDAD Y CATEGOR\u00cdA.<\/p>\n<p class=\"western\"><span style=\"text-decoration: underline;\"><b>PREMIOS<\/b><\/span>: TENDR\u00c1N TROFEO LOS TRES PRIMEROS CLASIFICADOS DE CADA MODALIDAD Y DIVISI\u00d3N<\/p>\n<p class=\"western\"><span style=\"text-decoration: underline;\"><b>HORARIO DEL CAMPEONATO:<\/b><\/span><\/p>\n<p class=\"western\"><b>D\u00cdA 13\/12\/2014. Tirar\u00e1n\u00a0 Ardillas, Benjamines, Alevines e Infantiles.<\/b><\/p>\n<p class=\"western\">16:00 ENTREGA DE DORSALES Y REVISI\u00d3N DE MATERIAL Y ENTRENAMIENTOS<\/p>\n<p class=\"western\">16:45 COMIENZO DE LA COMPETICI\u00d3N CON LA 1\u00aa TANDA<\/p>\n<p class=\"western\">18:15 DESCANSO Y TENTEMPI\u00c9<\/p>\n<p class=\"western\">18:30 COMIENZO DE LA 2\u00aa TANDA.<\/p>\n<p class=\"western\"><b>D\u00cdA 14\/12\/2014. Tirar\u00e1n\u00a0 Cadetes, Junior y Senior.<\/b><\/p>\n<p class=\"western\">9:00 ENTREGA DE DORSALES Y REVISI\u00d3N DE MATERIAL Y ENTRENAMIENTOS<\/p>\n<p class=\"western\">9:45 COMIENZO DE LA COMPETICI\u00d3N CON LA 1\u00aa TANDA<\/p>\n<p class=\"western\">11:15 DESCANSO Y TENTEMPI\u00c9<\/p>\n<p class=\"western\">11:30 COMIENZO DE LA 2\u00aa TANDA.<\/p>\n<p class=\"western\">13:30 ENTREGA DE TROFEOS A TODAS LAS CATEGOR\u00cdAS.<\/p>\n<p class=\"western\" style=\"text-align: center;\">(04\/12) <a title=\"Inscritos Campeonato Provincial Sala 2015\" href=\"http:\/\/www.arqueroszamora.es\/wp-content\/uploads\/2014\/11\/Inscritos-Provincial.pdf\" target=\"_blank\">INSCRITOS Senior\u00a0<\/a> &#8211; <a title=\"Inscritos Campeonato Provincial Sala 2015 Edades\" href=\"http:\/\/www.arqueroszamora.es\/wp-content\/uploads\/2014\/11\/PROVINCIAL-EDADES.pdf\" target=\"_blank\">INSCRITOS Edades<\/a> &#8211; <a title=\"Sorteo Dianas Provincial Tiro con Arco 2014\" href=\"http:\/\/www.arqueroszamora.es\/wp-content\/uploads\/2014\/11\/Sorteo-Dianas-Senior.pdf\">DIANAS Senior<\/a> &#8211; <a title=\"Sorteo Dianas Provincial Tiro con Arco 2014\" href=\"http:\/\/www.arqueroszamora.es\/wp-content\/uploads\/2014\/11\/Sorteo-Dianas-Edades.pdf\">DIANAS Edades<\/a><\/p>\n","protected":false},"excerpt":{"rendered":"<p>ORGANIZA: C.D. ARQUEROS ZAMORA D\u00cdA: 13-14 DE DICIEMBRE DE 2014 LUGAR: SALA DE ENTRENAMIENTO DE LA CIUDAD DEPORTIVA MODALIDADES: ARCO OL\u00cdMPICO, COMPUESTO Y TRADICIONAL (modalidad \u00fanica) CATEGOR\u00cdAS: EDADES Y SENIOR DIVISIONES: MASCULINA Y FEMENINA. DESARROLLO DEL CAMPEONATO: ARDILLAS: tirar\u00e1n dos series de 18 flechas a 12m. BENJAMINES: tirar\u00e1n dos series de 30 flechas a 12m.\u2026 <span class=\"read-more\"><a href=\"http:\/\/www.arqueroszamora.es\/index.php\/2014\/11\/19\/campeonato-provincial-de-tiro-con-arco-de-sala-2015\/\">Leer m\u00e1s &raquo;<\/a><\/span><\/p>\n","protected":false},"author":1,"featured_media":0,"comment_status":"open","ping_status":"open","sticky":false,"template":"","format":"standard","meta":{"footnotes":""},"categories":[7],"tags":[],"class_list":["post-1288","post","type-post","status-publish","format-standard","hentry","category-noticias"],"_links":{"self":[{"href":"http:\/\/www.arqueroszamora.es\/index.php\/wp-json\/wp\/v2\/posts\/1288","targetHints":{"allow":["GET"]}}],"collection":[{"href":"http:\/\/www.arqueroszamora.es\/index.php\/wp-json\/wp\/v2\/posts"}],"about":[{"href":"http:\/\/www.arqueroszamora.es\/index.php\/wp-json\/wp\/v2\/types\/post"}],"author":[{"embeddable":true,"href":"http:\/\/www.arqueroszamora.es\/index.php\/wp-json\/wp\/v2\/users\/1"}],"replies":[{"embeddable":true,"href":"http:\/\/www.arqueroszamora.es\/index.php\/wp-json\/wp\/v2\/comments?post=1288"}],"version-history":[{"count":0,"href":"http:\/\/www.arqueroszamora.es\/index.php\/wp-json\/wp\/v2\/posts\/1288\/revisions"}],"wp:attachment":[{"href":"http:\/\/www.arqueroszamora.es\/index.php\/wp-json\/wp\/v2\/media?parent=1288"}],"wp:term":[{"taxonomy":"category","embeddable":true,"href":"http:\/\/www.arqueroszamora.es\/index.php\/wp-json\/wp\/v2\/categories?post=1288"},{"taxonomy":"post_tag","embeddable":true,"href":"http:\/\/www.arqueroszamora.es\/index.php\/wp-json\/wp\/v2\/tags?post=1288"}],"curies":[{"name":"wp","href":"https:\/\/api.w.org\/{rel}","templated":true}]}}