{"id":1319,"date":"2014-12-14T21:02:22","date_gmt":"2014-12-14T20:02:22","guid":{"rendered":"http:\/\/www.arqueroszamora.es\/?p=1319"},"modified":"2014-12-14T22:46:48","modified_gmt":"2014-12-14T21:46:48","slug":"el-c-d-arqueros-zamora-arraso-en-el-podio-del-campeonato-provincial-de-sala","status":"publish","type":"post","link":"http:\/\/www.arqueroszamora.es\/index.php\/2014\/12\/14\/el-c-d-arqueros-zamora-arraso-en-el-podio-del-campeonato-provincial-de-sala\/","title":{"rendered":"EL C.D. ARQUEROS ZAMORA ARRAS\u00d3 EN EL PODIO DEL CAMPEONATO PROVINCIAL DE SALA."},"content":{"rendered":"<p>&nbsp;<\/p>\n<div id=\"attachment_1321\" style=\"width: 310px\" class=\"wp-caption alignright\"><a href=\"http:\/\/www.arqueroszamora.es\/wp-content\/uploads\/2014\/12\/Apuntando.jpg\" target=\"_blank\"><img loading=\"lazy\" decoding=\"async\" aria-describedby=\"caption-attachment-1321\" class=\"wp-image-1321 size-medium\" src=\"http:\/\/www.arqueroszamora.es\/wp-content\/uploads\/2014\/12\/Apuntando-300x200.jpg\" alt=\"Apuntando\" width=\"300\" height=\"200\" srcset=\"http:\/\/www.arqueroszamora.es\/wp-content\/uploads\/2014\/12\/Apuntando-300x200.jpg 300w, http:\/\/www.arqueroszamora.es\/wp-content\/uploads\/2014\/12\/Apuntando.jpg 1024w\" sizes=\"auto, (max-width: 300px) 100vw, 300px\" \/><\/a><p id=\"caption-attachment-1321\" class=\"wp-caption-text\">Puntuando. Campeonato Provincial de Tiro con Arco. Zamora.<\/p><\/div>\n<p>Durante el s\u00e1bado y el domingo el tiro con arco de Zamora disput\u00f3 el Campeonato Provincia de Sala, organizado por el C.D. Arqueros Zamora Reny Picot.<br \/>\nLa sala de entrenamiento de la Ciudad Deportiva fue el escenario de la liza a la que acudieron sesenta arqueros de todas las categor\u00edas, principalmente del club zamorano y una representaci\u00f3n adulta del C.D. arqueros Benavente.<br \/>\nLas modalidades que participaron fueron: recurvo, compuesto, arco tradicional instintivo y arco largo o longbow.<br \/>\nA lo largo de la tarde del s\u00e1bado, y con la sala abarrotada de arqueros y familiares de los m\u00e1s peque\u00f1os fueron \u00e9stos, veintiocho en total y todos del club de la capital, los que disputaron su campeonato particular. La organizaci\u00f3n incluy\u00f3 a los noveles, que s\u00f3lo llevan tres meses practicando, para premiar su esfuerzo diario en la escuela de tiro; y lo hicieron muy bien, serios, concentrados, con ganas de superaci\u00f3n personal y siempre asistidos por sus monitores.<br \/>\nLos ganadores noveles masculinos fueron <strong>Rodrigo Lorenzo<\/strong>, <strong>Pablo Cibanal<\/strong> y <strong>Pablo Dominguez<\/strong>. En f\u00e9minas las ganadoras fueron <strong>Malena Delgad<\/strong>o, <strong>Teresa Pedr\u00f3n<\/strong> y <strong>Paula Delgado<\/strong>.<br \/>\n<strong>Sergio Lorience<\/strong> fue el alev\u00edn de arco recurvo que se llev\u00f3 la presea de oro escoltado por <strong>Adri\u00e1n Moreira<\/strong> y <strong>Daniel Canas<\/strong>. En esta misma categor\u00eda <strong>Marta Insua<\/strong> ser\u00eda la campeona en arco recurvo alev\u00edn. <strong>Mario Mart\u00edn<\/strong> se colg\u00f3 el oro en arco compuesto alev\u00edn y otro tanto obtuvo <strong>Marcos Cabrero<\/strong> en arco longbow.<br \/>\n<a href=\"http:\/\/www.arqueroszamora.es\/wp-content\/uploads\/2014\/12\/Linea-de-tiro.jpg\" target=\"_blank\"><img loading=\"lazy\" decoding=\"async\" class=\"alignleft wp-image-1322 size-medium\" title=\"Linea de tiro Campeonato Provincial de Tiro con arco. Zamora.\" src=\"http:\/\/www.arqueroszamora.es\/wp-content\/uploads\/2014\/12\/Linea-de-tiro-300x200.jpg\" alt=\"Linea de tiro\" width=\"300\" height=\"200\" srcset=\"http:\/\/www.arqueroszamora.es\/wp-content\/uploads\/2014\/12\/Linea-de-tiro-300x200.jpg 300w, http:\/\/www.arqueroszamora.es\/wp-content\/uploads\/2014\/12\/Linea-de-tiro.jpg 1024w\" sizes=\"auto, (max-width: 300px) 100vw, 300px\" \/><\/a>Los infantiles masculino de arco recurvo fueron de la mano de <strong>Luis Prada<\/strong>, que tuvo algunos altibajos, pero que finalmente consigui\u00f3 el ansiado oro seguido de <strong>Eduardo Pordomingo<\/strong> y <strong>Jorge Alvarez<\/strong>. Las chicas de esta categor\u00eda estuvieron lideradas en el podio por <strong>Sara Criado<\/strong>, alev\u00edn que tir\u00f3 como infantil, seguida de <strong>Laura Merayo<\/strong> y <strong>Raquel Gonz\u00e1lez<\/strong>.<br \/>\nEl domingo por la ma\u00f1ana toc\u00f3 el turno de los junior y senior. Algunos cadetes como <strong>M\u00f3nica Fern\u00e1ndez<\/strong> y <strong>Natalia Pardal<\/strong> prefirieron probar suerte y competir como senior en arco recurvo y compuesto respectivamente, y les fue bien ya que <strong>M\u00f3nica<\/strong> lograba el bronce y <strong>Natalia<\/strong> la plata.<br \/>\nLos junior de recurvo, casi todos incluidos en el Plan de Tecnificaci\u00f3n Castellano y Leon\u00e9s se las tuvieron tiesas entre ellos, si bien fue <strong>\u00c1lvaro Artime<\/strong> quien subi\u00f3 a lo m\u00e1s alto del caj\u00f3n seguido de <strong>Javier Sastre<\/strong> y <strong>Gonzalo Vaquero<\/strong>.<br \/>\nLas mujeres de recurvo tambi\u00e9n rayaron a gran altura, especialmente <strong>Beatriz Manso<\/strong>, tambi\u00e9n incluida en el Plan de Tecnificaci\u00f3n, que hizo una gran segunda manga que la llev\u00f3 al oro por delante de <strong>M\u00f3nica Fern\u00e1ndez<\/strong> y <strong>Judith Sastre<\/strong>.<br \/>\nEn Arco Compuesto femenino <strong>Matilde Pe\u00f1a<\/strong> part\u00eda como favorita frente a <strong>Natalia Pardal<\/strong> e hizo valer su condici\u00f3n sumando un nuevo campeonato a su curriculum deportivo.<br \/>\nOtro favorito en arco compuesto masculino era <strong>Carlos Garc\u00eda<\/strong> y tambi\u00e9n cumpli\u00f3 con su papel al derrotar c\u00f3modamente a <strong>Daniel Garc\u00eda<\/strong>, segundo, y <strong>Fernando Calzada<\/strong>, tercero, demostrando que a pesar de no entrenar apenas sigue teniendo una t\u00e9cnica muy buena.<br \/>\nLa modalidad de recurvo senior masculina fue y en la que hubo m\u00e1s tiradores y en la que <strong>Ramiro Portales<\/strong>, uno de los favoritos junto a <strong>Jos\u00e9 Luis Delgado<\/strong>, lograba dos buenas mangas que le daban el campeonato con 555 puntos seguido de <strong>Jos\u00e9 Luis<\/strong> y <strong>Jos\u00e9 Manuel Quintano<\/strong> con 543 y 515 puntos respectivamente.<br \/>\nEn la modalidad de arco tradicional instintivo, en la que el club zamorano no tiene tiradores, el podio fue para los benaventanos encabezados por el oro de <strong>Joaqu\u00edn Marcos<\/strong> y seguidos por la plata y bronce de <strong>Mill\u00e1n Calvo<\/strong> y <strong>Juli\u00e1n Gonz\u00e1lez<\/strong>.<br \/>\n<strong>Francisco Francia<\/strong>, del C.D. Arqueros Zamora, se llev\u00f3 el oro en la modalidad de longbow con una buena marca.<br \/>\n\u00c9xito total del club zamorano que cop\u00f3 todos los podios en los que present\u00f3 tiradores lo que supuso una gran alegr\u00eda entre los reponsables del club.<br \/>\nAl finalizar la competici\u00f3n se hizo entrega de trofeos a todos los ganadores del fin de semana.<br \/>\nEl presidente del C.D. Arqueros Zamora, acompa\u00f1ado del delegado provincia de tiro con arco anunci\u00f3 una jornada de puertas abiertas para el d\u00eda 20 de diciembre en horario de 10:30 a 13:00h. para que todo aquel que quiera entrar en contacto con el mundo del tiro con arco pueda hacerlo gratuitamente. Medida muy bien acogida entre todos los espectadores asistentes.<\/p>\n<div id=\"attachment_1320\" style=\"width: 710px\" class=\"wp-caption aligncenter\"><a href=\"http:\/\/www.arqueroszamora.es\/wp-content\/uploads\/2014\/12\/Participantes.jpg\" target=\"_blank\"><img loading=\"lazy\" decoding=\"async\" aria-describedby=\"caption-attachment-1320\" class=\"wp-image-1320\" title=\"Participantes en el Provincial de Sala. Tiro con arco. Zamora.\" src=\"http:\/\/www.arqueroszamora.es\/wp-content\/uploads\/2014\/12\/Participantes.jpg\" alt=\"Participantes\" width=\"700\" height=\"467\" srcset=\"http:\/\/www.arqueroszamora.es\/wp-content\/uploads\/2014\/12\/Participantes.jpg 1024w, http:\/\/www.arqueroszamora.es\/wp-content\/uploads\/2014\/12\/Participantes-300x200.jpg 300w\" sizes=\"auto, (max-width: 700px) 100vw, 700px\" \/><\/a><p id=\"caption-attachment-1320\" class=\"wp-caption-text\">Participantes del Campeonato Provincial de Tiro con arco. Zamora.<\/p><\/div>\n<p style=\"text-align: center;\">\u00a0<a href=\"https:\/\/plus.google.com\/photos\/106705070378411861359\/albums\/6092807241137255281?gpinv=AMIXal8w-xPGWpHklr94XRrE6Yids2fu-IAflsYu6CFdiWZM9Kk90T1O0_lbboAilcAH--fLn5nU3YxRg2Yn8yKLqBYQ1ML8hCXm141sII4N5ry4GAzF01g&amp;cfem=1\" target=\"_blank\">FOTOGRAF\u00cdAS<\/a> &#8211;<a href=\"https:\/\/plus.google.com\/photos\/108113943744779869948\/albums\/6092792748698545585?authkey=CK-32uCFt-DYfA\" target=\"_blank\"> FOTOGRAF\u00cdAS<\/a><\/p>\n<p style=\"text-align: center;\"><a href=\"http:\/\/www.arqueroszamora.es\/wp-content\/uploads\/2014\/12\/Clasificacion-Ct\u00ba-Provincial-Sala-2015-Menores.pdf\">RESULTADOS EDADES<\/a> &#8211; <a href=\"http:\/\/www.arqueroszamora.es\/wp-content\/uploads\/2014\/12\/clasificacion-Ct\u00ba.-provincial-sala-2015-junior-y-senior.pdf\">RESULTADOS JUNIOR Y SENIOR<\/a><\/p>\n<p style=\"text-align: center;\">\n","protected":false},"excerpt":{"rendered":"<p>&nbsp; Durante el s\u00e1bado y el domingo el tiro con arco de Zamora disput\u00f3 el Campeonato Provincia de Sala, organizado por el C.D. Arqueros Zamora Reny Picot. La sala de entrenamiento de la Ciudad Deportiva fue el escenario de la liza a la que acudieron sesenta arqueros de todas las categor\u00edas, principalmente del club zamorano\u2026 <span class=\"read-more\"><a href=\"http:\/\/www.arqueroszamora.es\/index.php\/2014\/12\/14\/el-c-d-arqueros-zamora-arraso-en-el-podio-del-campeonato-provincial-de-sala\/\">Leer m\u00e1s &raquo;<\/a><\/span><\/p>\n","protected":false},"author":1,"featured_media":0,"comment_status":"open","ping_status":"open","sticky":false,"template":"","format":"standard","meta":{"footnotes":""},"categories":[4,7],"tags":[],"class_list":["post-1319","post","type-post","status-publish","format-standard","hentry","category-competiciones","category-noticias"],"_links":{"self":[{"href":"http:\/\/www.arqueroszamora.es\/index.php\/wp-json\/wp\/v2\/posts\/1319","targetHints":{"allow":["GET"]}}],"collection":[{"href":"http:\/\/www.arqueroszamora.es\/index.php\/wp-json\/wp\/v2\/posts"}],"about":[{"href":"http:\/\/www.arqueroszamora.es\/index.php\/wp-json\/wp\/v2\/types\/post"}],"author":[{"embeddable":true,"href":"http:\/\/www.arqueroszamora.es\/index.php\/wp-json\/wp\/v2\/users\/1"}],"replies":[{"embeddable":true,"href":"http:\/\/www.arqueroszamora.es\/index.php\/wp-json\/wp\/v2\/comments?post=1319"}],"version-history":[{"count":0,"href":"http:\/\/www.arqueroszamora.es\/index.php\/wp-json\/wp\/v2\/posts\/1319\/revisions"}],"wp:attachment":[{"href":"http:\/\/www.arqueroszamora.es\/index.php\/wp-json\/wp\/v2\/media?parent=1319"}],"wp:term":[{"taxonomy":"category","embeddable":true,"href":"http:\/\/www.arqueroszamora.es\/index.php\/wp-json\/wp\/v2\/categories?post=1319"},{"taxonomy":"post_tag","embeddable":true,"href":"http:\/\/www.arqueroszamora.es\/index.php\/wp-json\/wp\/v2\/tags?post=1319"}],"curies":[{"name":"wp","href":"https:\/\/api.w.org\/{rel}","templated":true}]}}