{"id":1330,"date":"2014-12-18T16:15:43","date_gmt":"2014-12-18T15:15:43","guid":{"rendered":"http:\/\/www.arqueroszamora.es\/?p=1330"},"modified":"2014-12-18T16:18:42","modified_gmt":"2014-12-18T15:18:42","slug":"jornada-de-puetas-abiertas-equipacion-del-club","status":"publish","type":"post","link":"http:\/\/www.arqueroszamora.es\/index.php\/2014\/12\/18\/jornada-de-puetas-abiertas-equipacion-del-club\/","title":{"rendered":"JORNADA DE PUETAS ABIERTAS + EQUIPACI\u00d3N DEL CLUB"},"content":{"rendered":"<p><span style=\"color: #ff0000;\">Como ya anunci\u00f3 el presidente en la clausura del campeonato provincial, el <strong>s\u00e1bado d\u00eda 20 de diciembre<\/strong> se celebrar\u00e1 una <strong>JORNADA DE PUERTAS ABIERTAS<\/strong>, para que toda aquella persona que quiera pueda tomar contacto con este deporte. El lugar ser\u00e1 la<strong> sala de entrenamiento de la Ciudad Deportiva<\/strong> y el horario, de <strong>10:30 a 13:00<\/strong>.<\/span><\/p>\n<p><span style=\"color: #ff0000;\">Aprovechando la ocasi\u00f3n, los miembros del club, que as\u00ed lo deseen,\u00a0 pueden pasar a probarse el ch\u00e1ndal para determinar la talla antes de adquirirlo.<\/span><\/p>\n","protected":false},"excerpt":{"rendered":"<p>Como ya anunci\u00f3 el presidente en la clausura del campeonato provincial, el s\u00e1bado d\u00eda 20 de diciembre se celebrar\u00e1 una JORNADA DE PUERTAS ABIERTAS, para que toda aquella persona que quiera pueda tomar contacto con este deporte. El lugar ser\u00e1 la sala de entrenamiento de la Ciudad Deportiva y el horario, de 10:30 a 13:00.\u2026 <span class=\"read-more\"><a href=\"http:\/\/www.arqueroszamora.es\/index.php\/2014\/12\/18\/jornada-de-puetas-abiertas-equipacion-del-club\/\">Leer m\u00e1s &raquo;<\/a><\/span><\/p>\n","protected":false},"author":1,"featured_media":0,"comment_status":"open","ping_status":"open","sticky":false,"template":"","format":"standard","meta":{"footnotes":""},"categories":[7],"tags":[],"class_list":["post-1330","post","type-post","status-publish","format-standard","hentry","category-noticias"],"_links":{"self":[{"href":"http:\/\/www.arqueroszamora.es\/index.php\/wp-json\/wp\/v2\/posts\/1330","targetHints":{"allow":["GET"]}}],"collection":[{"href":"http:\/\/www.arqueroszamora.es\/index.php\/wp-json\/wp\/v2\/posts"}],"about":[{"href":"http:\/\/www.arqueroszamora.es\/index.php\/wp-json\/wp\/v2\/types\/post"}],"author":[{"embeddable":true,"href":"http:\/\/www.arqueroszamora.es\/index.php\/wp-json\/wp\/v2\/users\/1"}],"replies":[{"embeddable":true,"href":"http:\/\/www.arqueroszamora.es\/index.php\/wp-json\/wp\/v2\/comments?post=1330"}],"version-history":[{"count":0,"href":"http:\/\/www.arqueroszamora.es\/index.php\/wp-json\/wp\/v2\/posts\/1330\/revisions"}],"wp:attachment":[{"href":"http:\/\/www.arqueroszamora.es\/index.php\/wp-json\/wp\/v2\/media?parent=1330"}],"wp:term":[{"taxonomy":"category","embeddable":true,"href":"http:\/\/www.arqueroszamora.es\/index.php\/wp-json\/wp\/v2\/categories?post=1330"},{"taxonomy":"post_tag","embeddable":true,"href":"http:\/\/www.arqueroszamora.es\/index.php\/wp-json\/wp\/v2\/tags?post=1330"}],"curies":[{"name":"wp","href":"https:\/\/api.w.org\/{rel}","templated":true}]}}