{"id":1335,"date":"2014-12-23T17:21:36","date_gmt":"2014-12-23T16:21:36","guid":{"rendered":"http:\/\/www.arqueroszamora.es\/?p=1335"},"modified":"2015-01-19T08:43:22","modified_gmt":"2015-01-19T07:43:22","slug":"campeonato-de-castilla-y-leon-absoluto-y-junior-en-sala-2015","status":"publish","type":"post","link":"http:\/\/www.arqueroszamora.es\/index.php\/2014\/12\/23\/campeonato-de-castilla-y-leon-absoluto-y-junior-en-sala-2015\/","title":{"rendered":"Campeonato de Castilla y Le\u00f3n Absoluto y Junior en Sala 2015"},"content":{"rendered":"<p><a href=\"http:\/\/www.arqueroszamora.es\/wp-content\/uploads\/2014\/12\/cartel-castilla-y-leon-2015.jpg\" target=\"_blank\"><img loading=\"lazy\" decoding=\"async\" class=\"aligncenter wp-image-1349\" title=\"Cartel del Campeonato de Castilla y Le\u00f3n de Sala de Tiro con Arco 2015\" src=\"http:\/\/www.arqueroszamora.es\/wp-content\/uploads\/2014\/12\/cartel-castilla-y-leon-2015.jpg\" alt=\"Cartel Campeonato Castilla y Le\u00f3n Sala 2015\" width=\"700\" height=\"1004\" srcset=\"http:\/\/www.arqueroszamora.es\/wp-content\/uploads\/2014\/12\/cartel-castilla-y-leon-2015.jpg 750w, http:\/\/www.arqueroszamora.es\/wp-content\/uploads\/2014\/12\/cartel-castilla-y-leon-2015-209x300.jpg 209w, http:\/\/www.arqueroszamora.es\/wp-content\/uploads\/2014\/12\/cartel-castilla-y-leon-2015-713x1024.jpg 713w\" sizes=\"auto, (max-width: 700px) 100vw, 700px\" \/><\/a><\/p>\n<p>Se celebrar\u00e1 el Campeonato el d\u00eda <strong>18 de Enero de 2015<\/strong>, en El Pabell\u00f3n Azul de la Ciudad Deportiva de Zamora (Roc\u00f3dromo). Avda\/ Obispo Acu\u00f1a s\/n. Coordenadas GPS: N 41o 30.205 &#8211; O 5o 44.258 La organizaci\u00f3n ser\u00e1 a cargo del <strong>CLUB DEPORTIVO ARQUEROS ZAMORA<\/strong>. La FTACYL designa a <strong>D. Daniel V. Garc\u00eda Ferrero<\/strong> como persona encargada de atender cuanto se refiera a este Campeonato: Tfno: 630626158 e-mail: danielvalentingarcia@gmail.com.<\/p>\n<p><a href=\"http:\/\/www.arqueroszamora.es\/wp-content\/uploads\/2013\/01\/esc_FTACyL.gif\"><img loading=\"lazy\" decoding=\"async\" class=\"alignleft wp-image-442 size-full\" title=\"Logo Federacion Castellano Leonesa de Tiro con Arco\" src=\"http:\/\/www.arqueroszamora.es\/wp-content\/uploads\/2013\/01\/esc_FTACyL.gif\" alt=\"esc_FTACyL\" width=\"131\" height=\"120\" \/><\/a><\/p>\n<p>Habr\u00e1 una fase clasificatorias que constar\u00e1 de dos series de 30 flechas cada una que se tirar\u00e1n a 18 metros a la diana triple vertical En las series clasificatorias, eliminatorias y finales, los j\u00fanior participar\u00e1n como seniors, no obstante,\u00a0 se establecer\u00e1n los vencedores para la clase J\u00fanior, con los resultados obtenidos en la Serie Clasificatoria. S\u00f3lo se disputar\u00e1n eliminatorias si hay al menos 8 inscritos en la categor\u00eda. S\u00f3lo se disputar\u00e1n finales si hay al menos 4 inscritos El campeonato se desarrollar\u00e1 conforme a la normativa FITA y FTACYL.<\/p>\n<p>Pueden solicitar la inscripci\u00f3n en este Campeonato todos los deportistas miembros de la FTACYL con licencia en vigor o que \u00e9sta haya sido solicitada antes de la fechade finalizaci\u00f3n del plazo de inscripci\u00f3n, debiendo estar la solicitud ya en poder de la FTACYL al finalizar dicho plazo. El n\u00famero m\u00e1ximo de arqueros participantes ser\u00e1 de 92 distribuy\u00e9ndose de forma equitativa por divisiones.<\/p>\n<p><strong><span style=\"color: #ff0000;\">EL PLAZO DE INSCRIPCI\u00d3N TERMINA A LAS 20:00 HORAS DEL D\u00cdA 12 DE ENERO DE 2015<\/span><\/strong><\/p>\n<p>Miembros de FTCYL &#8212;&#8212;&#8212;&#8212;&#8212;&#8212;&#8212; Categor\u00eda Senior &#8212;&#8212;&#8212;-&gt; 15\u20ac<\/p>\n<p>Miembros de otras federaciones &#8212;&#8212; Categor\u00eda Senior &#8212;&#8212;&#8212;-&gt; 15\u20ac<\/p>\n<p style=\"text-align: center;\"><strong><a title=\"Inscripciones FTACYL\" href=\"http:\/\/www.ftacyl.es\/inscripcion.htm\">FORMULARIO DE INSCRIPCION.<\/a><\/strong><\/p>\n<p style=\"text-align: left;\"><strong>HORARIO DEL CAMPEONATO<\/strong>:<br \/>\n08:45h. &#8212;&#8212;&#8212;&#8212;&#8212;&#8212;&#8212;&#8212;&#8212;&#8211; Recepci\u00f3n de deportistas y entrega de dorsales.<br \/>\n09:00h. &#8212;&#8212;&#8212;&#8212;&#8212;&#8212;&#8212;&#8212;&#8212;&#8211; Entrenamientos oficiales y revisi\u00f3n del material.<br \/>\n09:30h. &#8212;&#8212;&#8212;&#8212;&#8212;&#8212;&#8212;&#8212;&#8212;&#8211; Comienzo de la competici\u00f3n. Fase clasificatoria. 1\u00aa tanda<br \/>\n10:30h. &#8212;&#8212;&#8212;&#8212;&#8212;&#8212;&#8212;&#8212;&#8212;&#8211; Descanso.<br \/>\n10:45h. &#8212;&#8212;&#8212;&#8212;&#8212;&#8212;&#8212;&#8212;&#8212;&#8211; Comienzo 2\u00aa tanda.<br \/>\n12:45h. &#8212;&#8212;&#8212;&#8212;&#8212;&#8212;&#8212;&#8212;&#8212;&#8211; Fase eliminatoria.<br \/>\n14:30h. &#8212;&#8212;&#8212;&#8212;&#8212;&#8212;&#8212;&#8212;&#8212;&#8211; Entrega de trofeos.<\/p>\n<p>Los Horarios son orientativos dependiendo del desarrollo de la competici\u00f3n.<\/p>\n<p>Se dar\u00e1 agua, caf\u00e9, fruta y boller\u00eda a todos los arqueros participantes.<\/p>\n<p style=\"text-align: center;\"><a title=\"Convocatoria Campeonato Absoluto Sala 2015\" href=\"http:\/\/www.ftacyl.es\/tablonAnuncios\/Convocatoria%20Absoluto%20Sala%202015.pdf\">CONVOCATORIA FTACYL<\/a><\/p>\n","protected":false},"excerpt":{"rendered":"<p>Se celebrar\u00e1 el Campeonato el d\u00eda 18 de Enero de 2015, en El Pabell\u00f3n Azul de la Ciudad Deportiva de Zamora (Roc\u00f3dromo). Avda\/ Obispo Acu\u00f1a s\/n. Coordenadas GPS: N 41o 30.205 &#8211; O 5o 44.258 La organizaci\u00f3n ser\u00e1 a cargo del CLUB DEPORTIVO ARQUEROS ZAMORA. La FTACYL designa a D. Daniel V. Garc\u00eda Ferrero como\u2026 <span class=\"read-more\"><a href=\"http:\/\/www.arqueroszamora.es\/index.php\/2014\/12\/23\/campeonato-de-castilla-y-leon-absoluto-y-junior-en-sala-2015\/\">Leer m\u00e1s &raquo;<\/a><\/span><\/p>\n","protected":false},"author":1,"featured_media":0,"comment_status":"open","ping_status":"open","sticky":false,"template":"","format":"standard","meta":{"footnotes":""},"categories":[7],"tags":[],"class_list":["post-1335","post","type-post","status-publish","format-standard","hentry","category-noticias"],"_links":{"self":[{"href":"http:\/\/www.arqueroszamora.es\/index.php\/wp-json\/wp\/v2\/posts\/1335","targetHints":{"allow":["GET"]}}],"collection":[{"href":"http:\/\/www.arqueroszamora.es\/index.php\/wp-json\/wp\/v2\/posts"}],"about":[{"href":"http:\/\/www.arqueroszamora.es\/index.php\/wp-json\/wp\/v2\/types\/post"}],"author":[{"embeddable":true,"href":"http:\/\/www.arqueroszamora.es\/index.php\/wp-json\/wp\/v2\/users\/1"}],"replies":[{"embeddable":true,"href":"http:\/\/www.arqueroszamora.es\/index.php\/wp-json\/wp\/v2\/comments?post=1335"}],"version-history":[{"count":0,"href":"http:\/\/www.arqueroszamora.es\/index.php\/wp-json\/wp\/v2\/posts\/1335\/revisions"}],"wp:attachment":[{"href":"http:\/\/www.arqueroszamora.es\/index.php\/wp-json\/wp\/v2\/media?parent=1335"}],"wp:term":[{"taxonomy":"category","embeddable":true,"href":"http:\/\/www.arqueroszamora.es\/index.php\/wp-json\/wp\/v2\/categories?post=1335"},{"taxonomy":"post_tag","embeddable":true,"href":"http:\/\/www.arqueroszamora.es\/index.php\/wp-json\/wp\/v2\/tags?post=1335"}],"curies":[{"name":"wp","href":"https:\/\/api.w.org\/{rel}","templated":true}]}}