{"id":1340,"date":"2014-12-29T10:28:33","date_gmt":"2014-12-29T09:28:33","guid":{"rendered":"http:\/\/www.arqueroszamora.es\/?p=1340"},"modified":"2014-12-29T11:11:41","modified_gmt":"2014-12-29T10:11:41","slug":"cinco-podios-para-arqueros-zamora-reny-picot","status":"publish","type":"post","link":"http:\/\/www.arqueroszamora.es\/index.php\/2014\/12\/29\/cinco-podios-para-arqueros-zamora-reny-picot\/","title":{"rendered":"Cinco podios para Arqueros Zamora Reny Picot"},"content":{"rendered":"<h2 style=\"text-align: center;\">EL TORNEO DE NACIONAL DE NAVIDAD DE TIRO CON ARCO DEJ\u00d3 CINCO PODIOS ENTRE LOS ZAMORANOS DEL ARQUEROS ZAMORA RENY PICOT.<\/h2>\n<div id=\"attachment_1341\" style=\"width: 680px\" class=\"wp-caption aligncenter\"><a title=\"Clasificacion Torneo Navidad - Arqueros Zamora.\" href=\"http:\/\/www.arqueroszamora.es\/wp-content\/uploads\/2014\/11\/CLASIFICACION-TORNEO-NAVIDAD-2014.pdf\" target=\"_blank\"><img loading=\"lazy\" decoding=\"async\" aria-describedby=\"caption-attachment-1341\" class=\"wp-image-1341\" title=\"Arqueros participantes en el Torneo Nacional de Navidad 2014\" src=\"http:\/\/www.arqueroszamora.es\/wp-content\/uploads\/2014\/12\/arqueros.jpg\" alt=\"Arqueros participantes en el Torneo Nacional de Navidad 2014\" width=\"670\" height=\"207\" srcset=\"http:\/\/www.arqueroszamora.es\/wp-content\/uploads\/2014\/12\/arqueros.jpg 739w, http:\/\/www.arqueroszamora.es\/wp-content\/uploads\/2014\/12\/arqueros-300x92.jpg 300w\" sizes=\"auto, (max-width: 670px) 100vw, 670px\" \/><\/a><p id=\"caption-attachment-1341\" class=\"wp-caption-text\">Arqueros participantes<\/p><\/div>\n<p style=\"text-align: center;\"><a title=\"Clasificacion Torneo Navidad - Arqueros Zamora.\" href=\"http:\/\/www.arqueroszamora.es\/wp-content\/uploads\/2014\/11\/CLASIFICACION-TORNEO-NAVIDAD-2014.pdf\">RESULTADOS TORNEO NACIONAL DE NAVIDAD<\/a> &#8211; <a title=\"Ganadores Trofeo Reny Picot - Arqueros Zamora\" href=\"http:\/\/www.arqueroszamora.es\/wp-content\/uploads\/2014\/11\/GANADORES-PREMIO-III-TROFEO-RENY-PICOT.pdf\">GANADORES TROFEO RENY PICOT<\/a><\/p>\n<p style=\"text-align: center;\"><a title=\"Galer\u00eda fotogr\u00e1fica Torneo Navidad 2014\" href=\"https:\/\/plus.google.com\/photos\/106705070378411861359\/albums\/6097945043685851841?gpinv=AMIXal9GT4tpXKPuWS9qCH059OKohxa-ZiXqfioLnTTp9sZgt5tVi1xQqlNvWyk8ze2uWlbBdnIp0lKPTAi54F-Czz8I6I8M_uwADc4LYoePraIMe5qERC8&amp;cfem=1\" target=\"_blank\">GALER\u00cdA FOTOGR\u00c1FICA 1<\/a>\u00a0 &#8211; <a title=\"Galer\u00eda fotogr\u00e1fica Torneo Navidad 2014\" href=\"https:\/\/picasaweb.google.com\/108113943744779869948\/Navidad2014?noredirect=1\">GALER\u00cdA FOTOGR\u00c1FICA 2<\/a><\/p>\n<p>Un a\u00f1o m\u00e1s el <strong>C.D Arqueros Zamora Reny Picot<\/strong> organiz\u00f3 el decano de los torneos sociales de sala, en este caso el XVI Torneo Nacional de Navidad, y, como es habitual en \u00e9l, con un grado de excelencia que agranda su cach\u00e9 en la organizaci\u00f3n de eventos deportivos.<\/p>\n<p>La actividad se desarroll\u00f3 entre las 8:45 de la ma\u00f1ana y 15:00h. de la tarde en el Pabell\u00f3n Azul de la Ciudad Deportiva con unas buenas condiciones, especialmente en calefacci\u00f3n que los arqueros agradecieron y manifestaron.<\/p>\n<div id=\"attachment_1342\" style=\"width: 210px\" class=\"wp-caption alignleft\"><a href=\"http:\/\/www.arqueroszamora.es\/wp-content\/uploads\/2014\/12\/Victor.jpg\"><img loading=\"lazy\" decoding=\"async\" aria-describedby=\"caption-attachment-1342\" class=\"wp-image-1342\" src=\"http:\/\/www.arqueroszamora.es\/wp-content\/uploads\/2014\/12\/Victor-300x199.jpg\" alt=\"Victor Canalejas\" width=\"200\" height=\"133\" srcset=\"http:\/\/www.arqueroszamora.es\/wp-content\/uploads\/2014\/12\/Victor-300x199.jpg 300w, http:\/\/www.arqueroszamora.es\/wp-content\/uploads\/2014\/12\/Victor.jpg 518w\" sizes=\"auto, (max-width: 200px) 100vw, 200px\" \/><\/a><p id=\"caption-attachment-1342\" class=\"wp-caption-text\">V\u00edctor Canalejas intent\u00f3 batir el r\u00e9cord de Espa\u00f1a en Arco Compuesto<\/p><\/div>\n<p>La tirada consisti\u00f3 en lanzar 60 flechas en tandas de tres en tres a una distancia de 18m. y sobre diana triple vertical de 20cm. de di\u00e1metro. Con una l\u00ednea de tiro completa, 88 tiradores de casi toda la geograf\u00eda norte de Espa\u00f1a, el club zamorano aport\u00f3 20 tiradores, en su mayor\u00eda de arco recurvo, el balance de podios se puede calificar de muy bueno ya que hasta cinco fueron las veces que subieron al caj\u00f3n. Un oro, dos platas y dos bronces.<\/p>\n<p>La tirada estaba homologada por la FITA por lo cual cualquier r\u00e9cord de puntuaci\u00f3n era v\u00e1lido. No lo hubo pero s\u00ed que estuvo cerca de la mano de <strong>V\u00edctor Canalejas<\/strong> en arco compuesto, arquero infinidad de veces internacional con Espa\u00f1a y del Club San Jorge de Extremadura que se desplaz\u00f3 a Zamora por primera vez en busca del ansiado r\u00e9cord, pero no pudo ser a pesar de hacer una tirada tremenda consiguiendo 595 puntos de 600 posibles, marca s\u00f3lo al alcance de unos pocos elegidos. L\u00f3gicamente en arco compuesto el triunfo fue para \u00e9l, seguido de otro internacional, el aragon\u00e9s <strong>Nacho Catal\u00e1n<\/strong> y de nuestro buque insignia, tambi\u00e9n internacional, <strong>Carlos Garc\u00eda<\/strong>, que despu\u00e9s de una intrigante flecha de desempate contra el salmantino <strong>Jos\u00e9 \u00c1ngel Hern\u00e1ndez<\/strong> al que venci\u00f3 por 10 a 9, consegu\u00eda el caro bronce.<\/p>\n<div id=\"attachment_1344\" style=\"width: 310px\" class=\"wp-caption alignright\"><a href=\"http:\/\/www.arqueroszamora.es\/wp-content\/uploads\/2014\/12\/Ganadores.jpg\" target=\"_blank\"><img loading=\"lazy\" decoding=\"async\" aria-describedby=\"caption-attachment-1344\" class=\"wp-image-1344 size-medium\" title=\"Arqueros Ganadores Navidad 2014\" src=\"http:\/\/www.arqueroszamora.es\/wp-content\/uploads\/2014\/12\/Ganadores-300x200.jpg\" alt=\"Arqueros ganadores en Zamora\" width=\"300\" height=\"200\" srcset=\"http:\/\/www.arqueroszamora.es\/wp-content\/uploads\/2014\/12\/Ganadores-300x200.jpg 300w, http:\/\/www.arqueroszamora.es\/wp-content\/uploads\/2014\/12\/Ganadores-1024x682.jpg 1024w, http:\/\/www.arqueroszamora.es\/wp-content\/uploads\/2014\/12\/Ganadores.jpg 1036w\" sizes=\"auto, (max-width: 300px) 100vw, 300px\" \/><\/a><p id=\"caption-attachment-1344\" class=\"wp-caption-text\">Todos los ganadores<\/p><\/div>\n<p><strong>Beatriz Manso<\/strong> fue la aurea arquera zamorana dado que fue ella la que con arco recurvo consigui\u00f3 el oro brillantemente dando lustre a su curr\u00edculo deportivo y al de su club.<\/p>\n<p>Otro tanto brillo le dio <strong>Jos\u00e9 Luis Delgado<\/strong> en arco recurvo al conseguir otra plata despu\u00e9s un gran round clasificatorio en el que empat\u00f3 con el tercer clasificado, el vallisoletano <strong>\u00c1lvaro Simo Bouzas<\/strong>, y al que gan\u00f3 despu\u00e9s de lanzar la saeta del desempate.<\/p>\n<p>En arco compuesto femenino <strong>Mati Pe\u00f1a<\/strong>, no encontr\u00f3 buenas sensaciones en ning\u00fan momento del torneo, pero a pesar de ello logr\u00f3 una merecida plata, seguida del bronce alcanzado por otra promesa zamorana en esta modalidad: <strong>Natalia Pardal<\/strong>, cadete que d\u00eda a d\u00eda demuestra su progresi\u00f3n y que se est\u00e1 acostumbrando a saborear el podio en toda competici\u00f3n en la que participa. Esta divisi\u00f3n y modalidad fue ganada merecidamente por <strong>Sonsoles Bouzas<\/strong>, de Valladolid.<\/p>\n<p>Acabado este Torneo Nacional, el club organiz\u00f3 otro Trofeo, el <strong>III Trofeo Reny Picot<\/strong>, que patrocina dicha empresa con un queso de oveja Montelarreina Gran Reserva de tres kilogramos. Este concurso consisti\u00f3 en lanzar cada arquero tandas de tres flechas a 18m., sobre diana triple vertical de 20cm. de di\u00e1metro, en las que los de precisi\u00f3n deb\u00edan comenzar por alcanzar 23 puntos y los de arco tradicional y longbow 5 puntos. Quien pasaba deb\u00eda seguir lanzando para 24 puntos y 6 respectivamente, as\u00ed hasta alcanzar los 30 puntos en precisi\u00f3n y 12 puntos en tradicional y longbow. Hab\u00eda un s\u00f3lo premio para arco recurvo, otro para arco compuesto, otro para arco Tradicional Instintivo y otro para arco largo o longbow, sin distinci\u00f3n de hombres o mujeres.<\/p>\n<div id=\"attachment_1343\" style=\"width: 160px\" class=\"wp-caption alignright\"><a href=\"http:\/\/www.arqueroszamora.es\/wp-content\/uploads\/2014\/12\/IMG_0825.jpg\"><img loading=\"lazy\" decoding=\"async\" aria-describedby=\"caption-attachment-1343\" class=\"size-thumbnail wp-image-1343\" src=\"http:\/\/www.arqueroszamora.es\/wp-content\/uploads\/2014\/12\/IMG_0825-150x150.jpg\" alt=\"Acreditaci\u00f3n de los participantes\" width=\"150\" height=\"150\" \/><\/a><p id=\"caption-attachment-1343\" class=\"wp-caption-text\">Original acreditaci\u00f3n para los participantes<\/p><\/div>\n<p>Entre los los ganadores de este trofeo no hubo ning\u00fan zamorano. En arco recurvo el premio se lo llev\u00f3 <strong>Antonio Otero<\/strong>, de Galicia. <strong>Eduardo Salamanc<\/strong>a, de salamanca, se lo llev\u00f3 en arco compuesto. En arco tradicional el afortunado fue <strong>Emilio Manuel Antu\u00f1a<\/strong>, de Arqueros de San Mart\u00edn, de Asturias y en arco longbow <strong>\u00c1ngel Lorenzo Rojo<\/strong>, de Valladolid.<\/p>\n<p>Acabada la competici\u00f3n el club sorte\u00f3 regalos navide\u00f1os t\u00edpicos entre los participantes que aument\u00f3 la expectaci\u00f3n entre los presentes.<\/p>\n<p>A continuaci\u00f3n se hizo la entrega de trofeos a los ganadores, acto en el que estuvieron presentes el concejal de Deportes del ayuntamiento de Zamora y el diputado provincial de Deportes.<\/p>\n<p>La an\u00e9cdota de la tirada consisti\u00f3 en el dorsal de los tiradores, que la organizaci\u00f3n lo dise\u00f1o en forma de mu\u00f1eco inocente y deb\u00eda ser llevado colgado de la espalada.<\/p>\n<p>A continuaci\u00f3n todos los presentes, arqueros y acompa\u00f1antes fueron invitados por el club anfitri\u00f3n con un \u00e1gape antes de partir a sus domicilios.<\/p>\n","protected":false},"excerpt":{"rendered":"<p>EL TORNEO DE NACIONAL DE NAVIDAD DE TIRO CON ARCO DEJ\u00d3 CINCO PODIOS ENTRE LOS ZAMORANOS DEL ARQUEROS ZAMORA RENY PICOT. RESULTADOS TORNEO NACIONAL DE NAVIDAD &#8211; GANADORES TROFEO RENY PICOT GALER\u00cdA FOTOGR\u00c1FICA 1\u00a0 &#8211; GALER\u00cdA FOTOGR\u00c1FICA 2 Un a\u00f1o m\u00e1s el C.D Arqueros Zamora Reny Picot organiz\u00f3 el decano de los torneos sociales de\u2026 <span class=\"read-more\"><a href=\"http:\/\/www.arqueroszamora.es\/index.php\/2014\/12\/29\/cinco-podios-para-arqueros-zamora-reny-picot\/\">Leer m\u00e1s &raquo;<\/a><\/span><\/p>\n","protected":false},"author":1,"featured_media":0,"comment_status":"open","ping_status":"open","sticky":false,"template":"","format":"standard","meta":{"footnotes":""},"categories":[7],"tags":[],"class_list":["post-1340","post","type-post","status-publish","format-standard","hentry","category-noticias"],"_links":{"self":[{"href":"http:\/\/www.arqueroszamora.es\/index.php\/wp-json\/wp\/v2\/posts\/1340","targetHints":{"allow":["GET"]}}],"collection":[{"href":"http:\/\/www.arqueroszamora.es\/index.php\/wp-json\/wp\/v2\/posts"}],"about":[{"href":"http:\/\/www.arqueroszamora.es\/index.php\/wp-json\/wp\/v2\/types\/post"}],"author":[{"embeddable":true,"href":"http:\/\/www.arqueroszamora.es\/index.php\/wp-json\/wp\/v2\/users\/1"}],"replies":[{"embeddable":true,"href":"http:\/\/www.arqueroszamora.es\/index.php\/wp-json\/wp\/v2\/comments?post=1340"}],"version-history":[{"count":0,"href":"http:\/\/www.arqueroszamora.es\/index.php\/wp-json\/wp\/v2\/posts\/1340\/revisions"}],"wp:attachment":[{"href":"http:\/\/www.arqueroszamora.es\/index.php\/wp-json\/wp\/v2\/media?parent=1340"}],"wp:term":[{"taxonomy":"category","embeddable":true,"href":"http:\/\/www.arqueroszamora.es\/index.php\/wp-json\/wp\/v2\/categories?post=1340"},{"taxonomy":"post_tag","embeddable":true,"href":"http:\/\/www.arqueroszamora.es\/index.php\/wp-json\/wp\/v2\/tags?post=1340"}],"curies":[{"name":"wp","href":"https:\/\/api.w.org\/{rel}","templated":true}]}}