{"id":1352,"date":"2015-01-19T08:40:48","date_gmt":"2015-01-19T07:40:48","guid":{"rendered":"http:\/\/www.arqueroszamora.es\/?p=1352"},"modified":"2015-01-21T21:53:08","modified_gmt":"2015-01-21T20:53:08","slug":"beatriz-manso-doble-campeona-en-el-territorial-de-sala-de-tiro-con-arco","status":"publish","type":"post","link":"http:\/\/www.arqueroszamora.es\/index.php\/2015\/01\/19\/beatriz-manso-doble-campeona-en-el-territorial-de-sala-de-tiro-con-arco\/","title":{"rendered":"BEATRIZ MANSO, DOBLE CAMPEONA EN EL TERRITORIAL DE SALA DE TIRO CON ARCO."},"content":{"rendered":"<p>El club <strong>Arqueros Zamora Reny Picot<\/strong> organiz\u00f3 en el Pabell\u00f3n Azul de la Ciudad Deportiva el Campeonato de Castilla y Le\u00f3n Senior y Junior en Sala bajo el formato de los Grandes Premios de Espa\u00f1a, es decir, el campe\u00f3n junior sale de las tandas clasificatorias y si su marca entra en el corte de los senior puede optar a las eliminatorias de senior y por tanto ser campe\u00f3n de las dos categor\u00edas. Y este fue el caso de la zamorana <strong>Beatriz Manso<\/strong> en arco recurvo alcanzando as\u00ed un nuevo hito en su carrera deportiva.<\/p>\n<p><a href=\"http:\/\/www.arqueroszamora.es\/wp-content\/uploads\/2015\/01\/\u00c1lvaro-orgulloso-con-susubcampeonato.jpg\" target=\"_blank\"><img loading=\"lazy\" decoding=\"async\" class=\"alignleft wp-image-1355 size-medium\" src=\"http:\/\/www.arqueroszamora.es\/wp-content\/uploads\/2015\/01\/\u00c1lvaro-orgulloso-con-susubcampeonato-300x191.jpg\" alt=\"\u00c1lvaro orgulloso con susubcampeonato\" width=\"300\" height=\"191\" srcset=\"http:\/\/www.arqueroszamora.es\/wp-content\/uploads\/2015\/01\/\u00c1lvaro-orgulloso-con-susubcampeonato-300x191.jpg 300w, http:\/\/www.arqueroszamora.es\/wp-content\/uploads\/2015\/01\/\u00c1lvaro-orgulloso-con-susubcampeonato.jpg 818w\" sizes=\"auto, (max-width: 300px) 100vw, 300px\" \/><\/a>Con una participaci\u00f3n de 80 tiradores de toda Castilla y Le\u00f3n, el club zamorano presentaba trece deportistas al campeonato: cuatro de arco compuesto: <strong>Natalia Pardal, Mati Pe\u00f1a, Carlos Garc\u00eda y Daniel Garc\u00eda<\/strong>, y, nueve de arco recurvo: <strong>M\u00f3nica Gonz\u00e1lez, \u00c1lvaro Artime, Javier Sastre, Beatriz Manso, Jos\u00e9 Luis Delgado, Ramiro Portales, Mario Fern\u00e1ndez, Manuel Artime y Jos\u00e9 Manuel Quintano.<\/strong><\/p>\n<p>No estuvieron demasiado finos en esta ocasi\u00f3n los zamoranos senior y fueron los junior los que salvaron los muebles con <strong>Beatriz<\/strong> a la cabeza seguida de <strong>\u00c1lvaro Artime<\/strong> que consigui\u00f3 una preciada plata en junior y de <strong>Natalia Pardal<\/strong> en arco compuesto que era la primera clasificada en junior.<\/p>\n<p>Los senior perdieron opciones casi desde el principio ya que <strong>Ramiro<\/strong> no estuvo en su nivel habitual, y como si fuera contagioso <strong>Jos\u00e9 Luis Delgado<\/strong> tampoco lograba meterse mentalmente en la competici\u00f3n. <strong>Jos\u00e9 Manuel Quintano, Mario y Manuel Artime<\/strong> mejoraron sus registros pero no fueron suficientes para acceder a las eliminatorias. <strong>Mati Pe\u00f1a<\/strong> no estuvo mal pero sus rivales fueron mejores, a pesar de todo se meti\u00f3 en eliminatorias en quinto lugar.<\/p>\n<p>El desarrollo de las eliminatorias fue dispar. S\u00f3lo entraron <strong>Beatriz, \u00c1lvaro, Ramiro y Mati<\/strong>. Esta \u00faltima ca\u00eda dignamente en cuartos frente a la Salmantina <strong>Nurya Hern\u00e1ndez<\/strong> y quedaba finalmente quinta entre las diez participantes. <strong>Ramiro<\/strong> se enfrentaba a <strong>Antoni Tur<\/strong> y \u00e9ste apenas le dio opciones. Cay\u00f3 quedando tambi\u00e9n quinto. <strong>\u00c1lvaro<\/strong>, que entr\u00f3, en eliminatorias le toc\u00f3 contra el leon\u00e9s <strong>Mario Mor\u00e1n<\/strong>, quien le ape\u00f3 claramente y tambi\u00e9n quedar\u00eda quinto finalmente.<\/p>\n<p><a href=\"http:\/\/www.arqueroszamora.es\/wp-content\/uploads\/2015\/01\/Beatriz-en-lo-alto-del-podio-por-segunda-vez.jpg\" target=\"_blank\"><img loading=\"lazy\" decoding=\"async\" class=\"alignleft wp-image-1356 size-medium\" src=\"http:\/\/www.arqueroszamora.es\/wp-content\/uploads\/2015\/01\/Beatriz-en-lo-alto-del-podio-por-segunda-vez-300x184.jpg\" alt=\"Beatriz en lo alto del podio por segunda vez\" width=\"300\" height=\"184\" srcset=\"http:\/\/www.arqueroszamora.es\/wp-content\/uploads\/2015\/01\/Beatriz-en-lo-alto-del-podio-por-segunda-vez-300x184.jpg 300w, http:\/\/www.arqueroszamora.es\/wp-content\/uploads\/2015\/01\/Beatriz-en-lo-alto-del-podio-por-segunda-vez.jpg 861w\" sizes=\"auto, (max-width: 300px) 100vw, 300px\" \/><\/a>S\u00f3lo <strong>Beatriz<\/strong>, junior, resisti\u00f3. El primer encuentro contra la salmantina <strong>Mar\u00eda Bl\u00e1zquez<\/strong> lo resolvi\u00f3 bien, aunque algo nerviosa en la \u00faltima tanda. Ya en la final contra la vallisoletana <strong>Raquel L\u00f3pez<\/strong> comenz\u00f3 m\u00e1s tranquila, sin embargo un par de errores la pusieron r\u00e1pidamente en clara desventaja con un 4-0 en contra de 6 puntos posibles. Esto no arredr\u00f3 a <strong>Beatriz<\/strong>, tocaban a arrebato y as\u00ed se lo tom\u00f3 a pesar de su dolor en el hombro. Siguiente tanda 4-2. Siguiente 4-4, la contrincante dud\u00f3 y en este deporte no se puede dudar porque pierdes. Y as\u00ed ocurri\u00f3, 4-6. Gesta de <strong>Beatriz<\/strong> y nuevo oro.<\/p>\n<p>Sin estar al nivel de otras ocasiones el club zamorano logr\u00f3 ara\u00f1ar cuatro metales en este campeonato, campeonato que volvi\u00f3 a brillar en su organizaci\u00f3n y atenci\u00f3n a los deportistas desplazados hasta nuestra ciudad.<\/p>\n<p>En la entrega de trofeos estuvieron presentes <strong>Ricardo Ferrero<\/strong>, concejal delegado de Atenci\u00f3n al Ciudadano; <strong>Santiago Lorenzo<\/strong>, diputado de Deportes y <strong>Jos\u00e9 Bl\u00e1zquez<\/strong> en representaci\u00f3n de la Federaci\u00f3n de Castilla y Le\u00f3n de Tiro con Arco.<\/p>\n<p style=\"text-align: center;\"><a title=\"Resultados Castilla y Le\u00f3n Sala 2015 - Tiro con Arco\" href=\"http:\/\/www.arqueroszamora.es\/wp-content\/uploads\/2015\/01\/clasificatoria-cyl.pdf\" target=\"_blank\">RESULTADOS FASE CLASIFICATORIA<\/a> &#8211; <a title=\"Resultados Eliminatorias Tiro con arco Castilla y Le\u00f3n Sala 2015\" href=\"http:\/\/www.arqueroszamora.es\/wp-content\/uploads\/2015\/01\/resultados-eliminatorias.pdf\" target=\"_blank\">RESULTADOS ELIMINATORIAS<\/a><\/p>\n<p style=\"text-align: center;\"><a title=\"Galer\u00eda fotogr\u00e1fica Territorial Sala 2015 tiro con arco\" href=\"https:\/\/plus.google.com\/photos\/106705070378411861359\/albums\/6106555681585362961?banner=pwa\">FOTOGRAF\u00cdAS<\/a><\/p>\n<p style=\"text-align: center;\"><a href=\"http:\/\/www.arqueroszamora.es\/wp-content\/uploads\/2015\/01\/Ganadores-junto-a-Ricardo-Ferrero-y-Santiago-Lorenzo.jpg\" target=\"_blank\"><img loading=\"lazy\" decoding=\"async\" class=\"aligncenter wp-image-1357\" src=\"http:\/\/www.arqueroszamora.es\/wp-content\/uploads\/2015\/01\/Ganadores-junto-a-Ricardo-Ferrero-y-Santiago-Lorenzo.jpg\" alt=\"Ganadores junto a Ricardo Ferrero y Santiago Lorenzo\" width=\"730\" height=\"444\" srcset=\"http:\/\/www.arqueroszamora.es\/wp-content\/uploads\/2015\/01\/Ganadores-junto-a-Ricardo-Ferrero-y-Santiago-Lorenzo.jpg 800w, http:\/\/www.arqueroszamora.es\/wp-content\/uploads\/2015\/01\/Ganadores-junto-a-Ricardo-Ferrero-y-Santiago-Lorenzo-300x182.jpg 300w\" sizes=\"auto, (max-width: 730px) 100vw, 730px\" \/><\/a><\/p>\n","protected":false},"excerpt":{"rendered":"<p>El club Arqueros Zamora Reny Picot organiz\u00f3 en el Pabell\u00f3n Azul de la Ciudad Deportiva el Campeonato de Castilla y Le\u00f3n Senior y Junior en Sala bajo el formato de los Grandes Premios de Espa\u00f1a, es decir, el campe\u00f3n junior sale de las tandas clasificatorias y si su marca entra en el corte de los\u2026 <span class=\"read-more\"><a href=\"http:\/\/www.arqueroszamora.es\/index.php\/2015\/01\/19\/beatriz-manso-doble-campeona-en-el-territorial-de-sala-de-tiro-con-arco\/\">Leer m\u00e1s &raquo;<\/a><\/span><\/p>\n","protected":false},"author":1,"featured_media":0,"comment_status":"open","ping_status":"open","sticky":false,"template":"","format":"standard","meta":{"footnotes":""},"categories":[7],"tags":[],"class_list":["post-1352","post","type-post","status-publish","format-standard","hentry","category-noticias"],"_links":{"self":[{"href":"http:\/\/www.arqueroszamora.es\/index.php\/wp-json\/wp\/v2\/posts\/1352","targetHints":{"allow":["GET"]}}],"collection":[{"href":"http:\/\/www.arqueroszamora.es\/index.php\/wp-json\/wp\/v2\/posts"}],"about":[{"href":"http:\/\/www.arqueroszamora.es\/index.php\/wp-json\/wp\/v2\/types\/post"}],"author":[{"embeddable":true,"href":"http:\/\/www.arqueroszamora.es\/index.php\/wp-json\/wp\/v2\/users\/1"}],"replies":[{"embeddable":true,"href":"http:\/\/www.arqueroszamora.es\/index.php\/wp-json\/wp\/v2\/comments?post=1352"}],"version-history":[{"count":0,"href":"http:\/\/www.arqueroszamora.es\/index.php\/wp-json\/wp\/v2\/posts\/1352\/revisions"}],"wp:attachment":[{"href":"http:\/\/www.arqueroszamora.es\/index.php\/wp-json\/wp\/v2\/media?parent=1352"}],"wp:term":[{"taxonomy":"category","embeddable":true,"href":"http:\/\/www.arqueroszamora.es\/index.php\/wp-json\/wp\/v2\/categories?post=1352"},{"taxonomy":"post_tag","embeddable":true,"href":"http:\/\/www.arqueroszamora.es\/index.php\/wp-json\/wp\/v2\/tags?post=1352"}],"curies":[{"name":"wp","href":"https:\/\/api.w.org\/{rel}","templated":true}]}}