{"id":1491,"date":"2016-01-25T21:57:33","date_gmt":"2016-01-25T20:57:33","guid":{"rendered":"http:\/\/www.arqueroszamora.es\/?p=1491"},"modified":"2016-01-25T21:57:33","modified_gmt":"2016-01-25T20:57:33","slug":"buena-actuacion-de-los-jovenes-zamoranos-en-el-territorial","status":"publish","type":"post","link":"http:\/\/www.arqueroszamora.es\/index.php\/2016\/01\/25\/buena-actuacion-de-los-jovenes-zamoranos-en-el-territorial\/","title":{"rendered":"Buena actuaci\u00f3n de los j\u00f3venes zamoranos en el territorial."},"content":{"rendered":"<p><a href=\"http:\/\/www.arqueroszamora.es\/wp-content\/uploads\/2016\/01\/EXPEDICCION-ZAMORANA.jpg\"><img loading=\"lazy\" decoding=\"async\" class=\"aligncenter wp-image-1492\" src=\"http:\/\/www.arqueroszamora.es\/wp-content\/uploads\/2016\/01\/EXPEDICCION-ZAMORANA.jpg\" alt=\"EXPEDICCION ZAMORANA\" width=\"740\" height=\"192\" srcset=\"http:\/\/www.arqueroszamora.es\/wp-content\/uploads\/2016\/01\/EXPEDICCION-ZAMORANA.jpg 1024w, http:\/\/www.arqueroszamora.es\/wp-content\/uploads\/2016\/01\/EXPEDICCION-ZAMORANA-300x78.jpg 300w\" sizes=\"auto, (max-width: 740px) 100vw, 740px\" \/><\/a><\/p>\n<p>Las categor\u00edas inferiores del<strong> C.D Arqueros Zamora Reny Picot<\/strong> sigue pisando fuerte en el panorama del tiro con arco regional.<\/p>\n<p>As\u00ed lo atestiguan los cinco metales y tres cuartos puestos tra\u00eddos por ocho de los quince arqueros que el club capitalino present\u00f3 al Campeonato Territorial de Menores y Cadetes celebrado el domingo en Guijuelo y organizado por el C.D. Arqueros de Sol XIV, de Salamanca y entre los que debutaron en competici\u00f3n oficial seis arqueros con el \u00fanico objetivo de conocer la competici\u00f3n y sus entresijos para cuando tengan un nivel m\u00e1s alto ya tengan alguna experiencia compitiendo.<\/p>\n<p>Con representaci\u00f3n en categor\u00eda Benjam\u00edn, Alev\u00edn, Infantil y Cadete, los zamoranos pueden presumir de haber estado en todos los podios en los que tuvo representaci\u00f3n.<\/p>\n<p>De esta manera <strong>Olivia Lorenzo<\/strong>, que debutaba, lograba un valioso bronce en la categor\u00eda benjam\u00edn de arco recurvo. <strong>Mario Mart\u00edn<\/strong>, se alzaba con la plata como alev\u00edn de arco compuesto y suma as\u00ed una nueva presea a su curriculum deportivo. En esta misma categor\u00eda pero en arco recurvo<strong> Marta Insua<\/strong> se proclamaba campeona en dura pugna con la segunda y tercera clasificadas. Mucho m\u00e9rito el de esta arquera que a base de esfuerzo y trabajo ha logrado llegar a lo m\u00e1s alto se su categor\u00eda. Le acompa\u00f1\u00f3 en el podio, como cuarta clasificada, su compa\u00f1era y amiga debutante, <strong>Vera Lorenzo<\/strong>, que hizo un muy buen campeonato y a la que se le van mimbres de buena arquera de futuro. Tambi\u00e9n en alev\u00edn, pero masculino, tuvo el club zamorano podio: en esta ocasi\u00f3n fue de la mano de <strong>Adri\u00e1n Moreira<\/strong>, que este a\u00f1o ha dado un salto de calidad y ayer lo demostr\u00f3. La pena fue que hizo una primera parte algo m\u00e1s floja de lo normal, pero en la segunda tanda consegu\u00eda una marca 20 puntos m\u00e1s alta que le aup\u00f3 de la 6\u00aa posici\u00f3n a la 3\u00aa y con ella un nuevo bronce para Zamora. <strong>Hugo Herrero<\/strong> no tuvo su mejor d\u00eda y estuvo lejos de las medallas. En esta categor\u00eda debut\u00f3 <strong>Paula Delgado<\/strong> que superados los nervios iniciales se centr\u00f3 e hizo sus marcas habituales de entrenamiento.<\/p>\n<p><a href=\"http:\/\/www.arqueroszamora.es\/wp-content\/uploads\/2016\/01\/Descansando.jpg\"><img loading=\"lazy\" decoding=\"async\" class=\"alignleft size-medium wp-image-1493\" src=\"http:\/\/www.arqueroszamora.es\/wp-content\/uploads\/2016\/01\/Descansando-300x225.jpg\" alt=\"Descansando\" width=\"300\" height=\"225\" srcset=\"http:\/\/www.arqueroszamora.es\/wp-content\/uploads\/2016\/01\/Descansando-300x225.jpg 300w, http:\/\/www.arqueroszamora.es\/wp-content\/uploads\/2016\/01\/Descansando.jpg 1024w\" sizes=\"auto, (max-width: 300px) 100vw, 300px\" \/><\/a>Entre los infantiles brill\u00f3 <strong>Raquel Gonz\u00e1lez<\/strong> que acab\u00f3 las tandas clasificatorias en segundo lugar pero luego en las eliminatorias cedi\u00f3 un lugar para subir al caj\u00f3n y recoger un bronce que le supo a poco. <strong>Jorge \u00c1lvarez<\/strong>, en esta ocasi\u00f3n no pudo hacer nada ante los rivales que le tocaron en suerte. Otro tanto le pas\u00f3 a Sara Criado que simplemente tuvo un mal d\u00eda.<a href=\"http:\/\/www.arqueroszamora.es\/wp-content\/uploads\/2016\/01\/laura.jpg\"><img loading=\"lazy\" decoding=\"async\" class=\"alignright size-medium wp-image-1494\" src=\"http:\/\/www.arqueroszamora.es\/wp-content\/uploads\/2016\/01\/laura-208x300.jpg\" alt=\"laura\" width=\"208\" height=\"300\" srcset=\"http:\/\/www.arqueroszamora.es\/wp-content\/uploads\/2016\/01\/laura-208x300.jpg 208w, http:\/\/www.arqueroszamora.es\/wp-content\/uploads\/2016\/01\/laura.jpg 710w\" sizes=\"auto, (max-width: 208px) 100vw, 208px\" \/><\/a><\/p>\n<p>Entre los infantiles debutaron <strong>Malena Delgado,<\/strong> <strong>Iv\u00e1n Alonso<\/strong> y<strong> Jorge Ramos<\/strong> y ambos lo hicieron muy bien, especialmente <strong>Malena<\/strong> que en las eliminatorias cerca estuvo de dar la sorpresa en cuartos de final y meterse en la lucha por las medallas, para ella fue un merecida y justa 5\u00aa posici\u00f3n.<\/p>\n<p>En cadetes los representantes fueron <strong>Laura Merayo<\/strong> y <strong>Luis Prada<\/strong>. Este \u00faltimo no estuvo fino en las tandas clasificatorias. Tard\u00f3 en entrar mentalmente en competici\u00f3n,afortunadamente en las eliminatorias se fue creciendo y s\u00f3lo <strong>Carlos Iglesias<\/strong>, cadete de tercer a\u00f1o salmantino, le cort\u00f3 la proyecci\u00f3n que llevaba para acceder a la lucha por el oro.<br \/>\nTuvo que pelear por el bronce y una flecha mal tirada de 15 le priv\u00f3 del ansiado y peleado metal. No obstante fue un muy buen cuarto puesto para un cadete de primer a\u00f1o que deber\u00e1 seguir puliendo t\u00e9cnica.<\/p>\n<p>La plata que consigui\u00f3 <strong>Laura Merayo<\/strong> fue una grata sorpresa para los zamoranos y para ella misma que vio c\u00f3mo iba de menos a m\u00e1s y c\u00f3mo iba dejando eliminadas a contrincantes que ella no esperaba. A realidad a convenci\u00f3 que no es inferior a nadie y s\u00f3lo la final contra una salmantina, que tir\u00f3 muy bien, la priv\u00f3 del oro.<\/p>\n<p>Satisfacci\u00f3n general en la expedici\u00f3n zamorana que no puede saborear los resultados puesto que deben seguir trabajando durante esta semana m\u00e1s intensamente y centrarse en el Campeonato de Espa\u00f1a de Menores y Cadetes que se celebrar\u00e1 en Madrid el pr\u00f3ximo fin de semana.<\/p>\n","protected":false},"excerpt":{"rendered":"<p>Las categor\u00edas inferiores del C.D Arqueros Zamora Reny Picot sigue pisando fuerte en el panorama del tiro con arco regional. As\u00ed lo atestiguan los cinco metales y tres cuartos puestos tra\u00eddos por ocho de los quince arqueros que el club capitalino present\u00f3 al Campeonato Territorial de Menores y Cadetes celebrado el domingo en Guijuelo y\u2026 <span class=\"read-more\"><a href=\"http:\/\/www.arqueroszamora.es\/index.php\/2016\/01\/25\/buena-actuacion-de-los-jovenes-zamoranos-en-el-territorial\/\">Leer m\u00e1s &raquo;<\/a><\/span><\/p>\n","protected":false},"author":1,"featured_media":0,"comment_status":"open","ping_status":"open","sticky":false,"template":"","format":"standard","meta":{"footnotes":""},"categories":[7],"tags":[],"class_list":["post-1491","post","type-post","status-publish","format-standard","hentry","category-noticias"],"_links":{"self":[{"href":"http:\/\/www.arqueroszamora.es\/index.php\/wp-json\/wp\/v2\/posts\/1491","targetHints":{"allow":["GET"]}}],"collection":[{"href":"http:\/\/www.arqueroszamora.es\/index.php\/wp-json\/wp\/v2\/posts"}],"about":[{"href":"http:\/\/www.arqueroszamora.es\/index.php\/wp-json\/wp\/v2\/types\/post"}],"author":[{"embeddable":true,"href":"http:\/\/www.arqueroszamora.es\/index.php\/wp-json\/wp\/v2\/users\/1"}],"replies":[{"embeddable":true,"href":"http:\/\/www.arqueroszamora.es\/index.php\/wp-json\/wp\/v2\/comments?post=1491"}],"version-history":[{"count":0,"href":"http:\/\/www.arqueroszamora.es\/index.php\/wp-json\/wp\/v2\/posts\/1491\/revisions"}],"wp:attachment":[{"href":"http:\/\/www.arqueroszamora.es\/index.php\/wp-json\/wp\/v2\/media?parent=1491"}],"wp:term":[{"taxonomy":"category","embeddable":true,"href":"http:\/\/www.arqueroszamora.es\/index.php\/wp-json\/wp\/v2\/categories?post=1491"},{"taxonomy":"post_tag","embeddable":true,"href":"http:\/\/www.arqueroszamora.es\/index.php\/wp-json\/wp\/v2\/tags?post=1491"}],"curies":[{"name":"wp","href":"https:\/\/api.w.org\/{rel}","templated":true}]}}