{"id":1500,"date":"2016-02-04T21:31:17","date_gmt":"2016-02-04T20:31:17","guid":{"rendered":"http:\/\/www.arqueroszamora.es\/?p=1500"},"modified":"2016-02-04T21:31:17","modified_gmt":"2016-02-04T20:31:17","slug":"campeonato-de-espana-menores-y-cadetes-sala","status":"publish","type":"post","link":"http:\/\/www.arqueroszamora.es\/index.php\/2016\/02\/04\/campeonato-de-espana-menores-y-cadetes-sala\/","title":{"rendered":"CAMPEONATO DE ESPA\u00d1A MENORES Y CADETES SALA"},"content":{"rendered":"<p>A lo largo del fin de semana pasado el Pabell\u00f3n de Deportes del Consejo Superior de Deportes, en Madrid, acogi\u00f3 el campeonato de Menores y Cadetes de Espa\u00f1a de Tiro con Arco en sala, al que asistieron cuatro representante del club <strong>Arqueros Zamora Reny Picot<\/strong>: <strong>Laura Merayo<\/strong>, cadete,\u00a0<strong>Raquel Gonz\u00e1lez<\/strong>, <strong>Sara Criado<\/strong> y <strong>Jorge \u00c1lvarez<\/strong>, infantiles y como integrantes de la amplia representaci\u00f3n castellana y leonesa. Estuvieron acompa\u00f1ados de <strong>Daniel Garc\u00eda<\/strong> como entrenador.<\/p>\n<p><a href=\"http:\/\/www.arqueroszamora.es\/wp-content\/uploads\/2016\/02\/Laura.png\"><img loading=\"lazy\" decoding=\"async\" class=\"alignright size-medium wp-image-1502\" src=\"http:\/\/www.arqueroszamora.es\/wp-content\/uploads\/2016\/02\/Laura-300x232.png\" alt=\"Laura\" width=\"300\" height=\"232\" srcset=\"http:\/\/www.arqueroszamora.es\/wp-content\/uploads\/2016\/02\/Laura-300x232.png 300w, http:\/\/www.arqueroszamora.es\/wp-content\/uploads\/2016\/02\/Laura.png 700w\" sizes=\"auto, (max-width: 300px) 100vw, 300px\" \/><\/a>Los resultados finales no fueron malos del todo teniendo en cuenta el alto nivel observado entre los m\u00e1s de 120 j\u00f3venes arqueros participantes de toda Espa\u00f1a.<\/p>\n<p><strong>Laura<\/strong> comenz\u00f3 el s\u00e1bado por la ma\u00f1ana las series clasificatorias y lo hizo muy bien; Logr\u00f3 superar su mejor marca personal en 25 puntos respecto a la conseguida hac\u00eda tan s\u00f3lo una semana en el campeonato territorial. Logr\u00f3 meterse en las series eliminatorias en el puesto 14 de 36 participantes. En los dieciseisavos le toc\u00f3 en suerte una rival gallega a la que s\u00f3lo pudo\u00a0hacerle dos de los seis puntos necesarios para pasar a octavos quedando por ello eliminada y con el puesto 17\u00ba final. La joven arquera qued\u00f3 algo decepcionada porque aspiraba a llegar a cotas m\u00e1s altas.<\/p>\n<p>Por la tarde tiraron los infantiles. Los tres representantes zamoranos hicieron mejores registros que los conseguidos en el territorial. Tanto <strong>Raquel<\/strong> como<strong> Sara<\/strong> lograron entrar en las eliminatorias. No tuvo la misma suerte <strong>Jorge<\/strong>, que con su puesto 35\u00ba se qued\u00f3 fuera de los dieciseisavos.<\/p>\n<p><strong>Sara<\/strong> en el primer enfrentamiento no tuvo suerte y cay\u00f3 eliminada siendo su posici\u00f3n final la 17 igual que <strong>Laura<\/strong>. Por su parte <strong>Raque<\/strong>l, algo m\u00e1s tranquila que su compa\u00f1era, se deshac\u00eda de su rival con un c\u00f3modo 6-2 y pase a los octavos que se celebrar\u00edan el domingo por la ma\u00f1ana y a la que lleg\u00f3 con confianza para enfrentarse contra una mallorquina, contra la que no tuvo opci\u00f3n. La calidad de su rival era mayor y nada pudo hacer a pesar de conseguir muy buenas puntuaciones en\u00a0tandas no inferiores a 28 puntos de 30 posibles. Su clasificaci\u00f3n final fue 9\u00ba. Puesto muy bueno para ella que supera el 17\u00ba conseguido el a\u00f1o pasado.<\/p>\n<p style=\"text-align: center;\"><a href=\"http:\/\/www.arqueroszamora.es\/wp-content\/uploads\/2016\/02\/EQUIPO-DE-INFANTILES-CON-SU-ENTRENADOR.jpg\"><img loading=\"lazy\" decoding=\"async\" class=\"aligncenter wp-image-1501\" src=\"http:\/\/www.arqueroszamora.es\/wp-content\/uploads\/2016\/02\/EQUIPO-DE-INFANTILES-CON-SU-ENTRENADOR.jpg\" alt=\"EQUIPO DE INFANTILES CON SU ENTRENADOR\" width=\"700\" height=\"394\" srcset=\"http:\/\/www.arqueroszamora.es\/wp-content\/uploads\/2016\/02\/EQUIPO-DE-INFANTILES-CON-SU-ENTRENADOR.jpg 1600w, http:\/\/www.arqueroszamora.es\/wp-content\/uploads\/2016\/02\/EQUIPO-DE-INFANTILES-CON-SU-ENTRENADOR-300x169.jpg 300w, http:\/\/www.arqueroszamora.es\/wp-content\/uploads\/2016\/02\/EQUIPO-DE-INFANTILES-CON-SU-ENTRENADOR-1024x576.jpg 1024w\" sizes=\"auto, (max-width: 700px) 100vw, 700px\" \/><\/a><\/p>\n<p>&nbsp;<\/p>\n","protected":false},"excerpt":{"rendered":"<p>A lo largo del fin de semana pasado el Pabell\u00f3n de Deportes del Consejo Superior de Deportes, en Madrid, acogi\u00f3 el campeonato de Menores y Cadetes de Espa\u00f1a de Tiro con Arco en sala, al que asistieron cuatro representante del club Arqueros Zamora Reny Picot: Laura Merayo, cadete,\u00a0Raquel Gonz\u00e1lez, Sara Criado y Jorge \u00c1lvarez, infantiles\u2026 <span class=\"read-more\"><a href=\"http:\/\/www.arqueroszamora.es\/index.php\/2016\/02\/04\/campeonato-de-espana-menores-y-cadetes-sala\/\">Leer m\u00e1s &raquo;<\/a><\/span><\/p>\n","protected":false},"author":1,"featured_media":0,"comment_status":"open","ping_status":"open","sticky":false,"template":"","format":"standard","meta":{"footnotes":""},"categories":[7],"tags":[],"class_list":["post-1500","post","type-post","status-publish","format-standard","hentry","category-noticias"],"_links":{"self":[{"href":"http:\/\/www.arqueroszamora.es\/index.php\/wp-json\/wp\/v2\/posts\/1500","targetHints":{"allow":["GET"]}}],"collection":[{"href":"http:\/\/www.arqueroszamora.es\/index.php\/wp-json\/wp\/v2\/posts"}],"about":[{"href":"http:\/\/www.arqueroszamora.es\/index.php\/wp-json\/wp\/v2\/types\/post"}],"author":[{"embeddable":true,"href":"http:\/\/www.arqueroszamora.es\/index.php\/wp-json\/wp\/v2\/users\/1"}],"replies":[{"embeddable":true,"href":"http:\/\/www.arqueroszamora.es\/index.php\/wp-json\/wp\/v2\/comments?post=1500"}],"version-history":[{"count":0,"href":"http:\/\/www.arqueroszamora.es\/index.php\/wp-json\/wp\/v2\/posts\/1500\/revisions"}],"wp:attachment":[{"href":"http:\/\/www.arqueroszamora.es\/index.php\/wp-json\/wp\/v2\/media?parent=1500"}],"wp:term":[{"taxonomy":"category","embeddable":true,"href":"http:\/\/www.arqueroszamora.es\/index.php\/wp-json\/wp\/v2\/categories?post=1500"},{"taxonomy":"post_tag","embeddable":true,"href":"http:\/\/www.arqueroszamora.es\/index.php\/wp-json\/wp\/v2\/tags?post=1500"}],"curies":[{"name":"wp","href":"https:\/\/api.w.org\/{rel}","templated":true}]}}