{"id":1504,"date":"2016-02-10T17:52:48","date_gmt":"2016-02-10T16:52:48","guid":{"rendered":"http:\/\/www.arqueroszamora.es\/?p=1504"},"modified":"2016-02-10T18:04:34","modified_gmt":"2016-02-10T17:04:34","slug":"cronica-campeonato-provincial-de-tiro-con-arco-en-sala-2016","status":"publish","type":"post","link":"http:\/\/www.arqueroszamora.es\/index.php\/2016\/02\/10\/cronica-campeonato-provincial-de-tiro-con-arco-en-sala-2016\/","title":{"rendered":"Cr\u00f3nica Campeonato Provincial de tiro con arco en sala 2016"},"content":{"rendered":"<p style=\"text-align: justify;\">Entre el s\u00e1bado y domingo los arqueros zamoranos celebraron el Campeonato Provincial de Tiro con Arco en Sala. La Delegaci\u00f3n Provincial de tiro con Arco ofreci\u00f3 la organizaci\u00f3n al <strong>C.D. Arqueros Zamora Reny Picot<\/strong> el cual lo hizo brillantemente un a\u00f1o m\u00e1s.<br \/>\nTodos los participantes, casi medio centenar, fueron del club zamorano, destacando la participaci\u00f3n de los casi 30 ni\u00f1os del club.<a href=\"http:\/\/www.arqueroszamora.es\/wp-content\/uploads\/2016\/02\/todos-los-menores-participantes.jpg\" target=\"_blank\"><img loading=\"lazy\" decoding=\"async\" class=\" wp-image-1507 size-medium alignright\" title=\"Participantes menores provincial sala tiro con arco\" src=\"http:\/\/www.arqueroszamora.es\/wp-content\/uploads\/2016\/02\/todos-los-menores-participantes-300x225.jpg\" alt=\"todos los menores participantes\" width=\"300\" height=\"225\" srcset=\"http:\/\/www.arqueroszamora.es\/wp-content\/uploads\/2016\/02\/todos-los-menores-participantes-300x225.jpg 300w, http:\/\/www.arqueroszamora.es\/wp-content\/uploads\/2016\/02\/todos-los-menores-participantes.jpg 1024w\" sizes=\"auto, (max-width: 300px) 100vw, 300px\" \/><\/a><br \/>\nEl s\u00e1bado por la ma\u00f1ana tiraron los noveles, benjamines, alevines e infantiles, muchos de ellos lo hicieron por primera vez y lo hicieron muy bien. As\u00ed en Benjam\u00edn <strong>Diego Mangas<\/strong>, gran tirada la suya, y <strong>Enma Piedra<\/strong> fueron los ganadores. Los noveles <strong>Alberto Vilches<\/strong> y <strong>Luc\u00eda Barroso<\/strong> dejaron destellos de calidad muy interesantes de cara al futuro. Los alevines <strong>Hugo Herrero<\/strong> y <strong>Teresa Pedr\u00f3n<\/strong> se alzaron con el m\u00e1ximo galard\u00f3n y en infantiles <strong>Jorge \u00c1lvarez<\/strong> y <strong>Raquel Gonz\u00e1lez<\/strong> hac\u00edan valer su t\u00e9cnica y se impon\u00edan a sus rivales.<br \/>\nAcabada la competici\u00f3n de menores se hizo entrega de trofeos, si bien, el club ten\u00eda para todos los participantes un regalo como premio a su participaci\u00f3n y para fomentar el tiro con arco como algo l\u00fadico.<br \/>\nEl domingo por la ma\u00f1ana toc\u00f3 el turno de los mayores. Hubo una categor\u00eda \u00fanica: senior, por ello los cadetes y junior que quisieron asistir tuvieron que hacerlo en categor\u00eda superior a la suya.<br \/>\nLa organizaci\u00f3n consider\u00f3 necesario incluir series eliminatorias despu\u00e9s de los dos round clasificatorios para as\u00ed acostumbrar un poco m\u00e1s a todos aquellos que en otras competiciones deben tirarlas. Adem\u00e1s incluy\u00f3 la novedad de tirar las finales a tiro alterno para darle mayor emoci\u00f3n y al mismo tiempo emular cualquier campeonato nacional. La experiencia result\u00f3 de lo m\u00e1s provechoso.<a href=\"http:\/\/www.arqueroszamora.es\/wp-content\/uploads\/2016\/02\/Carlos-Garc\u00eda-en-acci\u00f3n.jpg\" target=\"_blank\"><img loading=\"lazy\" decoding=\"async\" class=\" wp-image-1506 size-medium alignleft\" title=\"Carlos Garc\u00eda\" src=\"http:\/\/www.arqueroszamora.es\/wp-content\/uploads\/2016\/02\/Carlos-Garc\u00eda-en-acci\u00f3n-300x225.jpg\" alt=\"Carlos Garc\u00eda en acci\u00f3n\" width=\"300\" height=\"225\" srcset=\"http:\/\/www.arqueroszamora.es\/wp-content\/uploads\/2016\/02\/Carlos-Garc\u00eda-en-acci\u00f3n-300x225.jpg 300w, http:\/\/www.arqueroszamora.es\/wp-content\/uploads\/2016\/02\/Carlos-Garc\u00eda-en-acci\u00f3n.jpg 1024w\" sizes=\"auto, (max-width: 300px) 100vw, 300px\" \/><\/a><\/p>\n<p style=\"text-align: justify;\">Acabadas las series clasificatorias, en hombres recurvo <strong>Jos\u00e9 Luis Delgado<\/strong> era primero con una excelente marca 569 putos de 600 posibles. En mujeres de arco recurvo <strong>Henar Quintano<\/strong> se impon\u00eda a <strong>M\u00f3nica Gonz\u00e1lez<\/strong> y <strong>Laura Merayo<\/strong>. Los hombres de arco compuestos eran comandados por <strong>Carlos Garc\u00eda<\/strong> seguido a distancia de <strong>Fernando Calzada<\/strong> y <strong>Daniel Garc\u00eda<\/strong>. Por su parte <strong>Mati Pe\u00f1a<\/strong> se impon\u00eda a <strong>Natalia Pardal<\/strong>.<br \/>\nDespu\u00e9s de las eliminatorias el panorama cambi\u00f3 poco, <strong>Jos\u00e9 Luis<\/strong> se proclamaba campe\u00f3n seguido de <strong>\u00c1lvaro Artime<\/strong> y <strong>Ramiro Portales<\/strong>. Cuarto fue <strong>Luis Prada<\/strong>, cadete que se lo puso muy dif\u00edcil, primero a <strong>Jos\u00e9 Luis<\/strong> (6-4) y despu\u00e9s a <strong>Ramiro<\/strong> (6-4). Ambos tuvieron que emplearse a fondo para eliminarlo en el \u00faltimo set.<br \/>\nEl podio de las mujeres de recurvo qued\u00f3 en la misma posici\u00f3n que en la clasificatoria: <strong>Henar<\/strong> oro seguida de <strong>M\u00f3nica<\/strong> y <strong>Laura<\/strong>.<br \/>\nEl arco compuesto tampoco cambi\u00f3 con las eliminatorias. <strong>Carlos<\/strong>, nada contento con su tirada, se alzaba con la victoria seguido de <strong>Fernando<\/strong> y <strong>Daniel<\/strong>. Lo mismo suced\u00eda con las mujeres de compuesto: <strong>Mati<\/strong> primera seguida de <strong>Natalia<\/strong>.<br \/>\nEs de esperar que el pr\u00f3ximo fin de semana en Salamanca, que organiza el campeonato Territorial absoluto y junior, todos den un plus de rendimiento y se traigan alguna medalla para Zamora.<\/p>\n<p style=\"text-align: center;\"><a title=\"Galer\u00eda fotogr\u00e1fica Menores\" href=\"https:\/\/picasaweb.google.com\/106705070378411861359\/CAMPEONATOPROVINCIALEDADES2016\" target=\"_blank\">Fotos menores<\/a> &#8211; <a title=\"Galer\u00eda fotogr\u00e1fica Senior\" href=\"https:\/\/picasaweb.google.com\/106705070378411861359\/CAMPEONATOPROVINCIALABSOLUTO2016\" target=\"_blank\">Fotos senior<\/a><\/p>\n<p><a href=\"http:\/\/www.arqueroszamora.es\/wp-content\/uploads\/2016\/02\/adultos-participantes-en-el-campeonato.jpg\" target=\"_blank\"><img loading=\"lazy\" decoding=\"async\" class=\"aligncenter wp-image-1505\" title=\"Participantes sernior Provincial sala tiro con arco\" src=\"http:\/\/www.arqueroszamora.es\/wp-content\/uploads\/2016\/02\/adultos-participantes-en-el-campeonato.jpg\" alt=\"adultos participantes en el campeonato\" width=\"700\" height=\"525\" srcset=\"http:\/\/www.arqueroszamora.es\/wp-content\/uploads\/2016\/02\/adultos-participantes-en-el-campeonato.jpg 1024w, http:\/\/www.arqueroszamora.es\/wp-content\/uploads\/2016\/02\/adultos-participantes-en-el-campeonato-300x225.jpg 300w\" sizes=\"auto, (max-width: 700px) 100vw, 700px\" \/><\/a><\/p>\n","protected":false},"excerpt":{"rendered":"<p>Entre el s\u00e1bado y domingo los arqueros zamoranos celebraron el Campeonato Provincial de Tiro con Arco en Sala. La Delegaci\u00f3n Provincial de tiro con Arco ofreci\u00f3 la organizaci\u00f3n al C.D. Arqueros Zamora Reny Picot el cual lo hizo brillantemente un a\u00f1o m\u00e1s. Todos los participantes, casi medio centenar, fueron del club zamorano, destacando la participaci\u00f3n\u2026 <span class=\"read-more\"><a href=\"http:\/\/www.arqueroszamora.es\/index.php\/2016\/02\/10\/cronica-campeonato-provincial-de-tiro-con-arco-en-sala-2016\/\">Leer m\u00e1s &raquo;<\/a><\/span><\/p>\n","protected":false},"author":1,"featured_media":0,"comment_status":"open","ping_status":"open","sticky":false,"template":"","format":"standard","meta":{"footnotes":""},"categories":[7],"tags":[],"class_list":["post-1504","post","type-post","status-publish","format-standard","hentry","category-noticias"],"_links":{"self":[{"href":"http:\/\/www.arqueroszamora.es\/index.php\/wp-json\/wp\/v2\/posts\/1504","targetHints":{"allow":["GET"]}}],"collection":[{"href":"http:\/\/www.arqueroszamora.es\/index.php\/wp-json\/wp\/v2\/posts"}],"about":[{"href":"http:\/\/www.arqueroszamora.es\/index.php\/wp-json\/wp\/v2\/types\/post"}],"author":[{"embeddable":true,"href":"http:\/\/www.arqueroszamora.es\/index.php\/wp-json\/wp\/v2\/users\/1"}],"replies":[{"embeddable":true,"href":"http:\/\/www.arqueroszamora.es\/index.php\/wp-json\/wp\/v2\/comments?post=1504"}],"version-history":[{"count":0,"href":"http:\/\/www.arqueroszamora.es\/index.php\/wp-json\/wp\/v2\/posts\/1504\/revisions"}],"wp:attachment":[{"href":"http:\/\/www.arqueroszamora.es\/index.php\/wp-json\/wp\/v2\/media?parent=1504"}],"wp:term":[{"taxonomy":"category","embeddable":true,"href":"http:\/\/www.arqueroszamora.es\/index.php\/wp-json\/wp\/v2\/categories?post=1504"},{"taxonomy":"post_tag","embeddable":true,"href":"http:\/\/www.arqueroszamora.es\/index.php\/wp-json\/wp\/v2\/tags?post=1504"}],"curies":[{"name":"wp","href":"https:\/\/api.w.org\/{rel}","templated":true}]}}