{"id":1510,"date":"2016-05-06T16:52:21","date_gmt":"2016-05-06T15:52:21","guid":{"rendered":"http:\/\/www.arqueroszamora.es\/?p=1510"},"modified":"2016-05-06T17:56:07","modified_gmt":"2016-05-06T16:56:07","slug":"muy-buena-actuacion-de-alvaro-y-beatriz-en-el-gran-premio-de-espana-celebrado-en-lerida","status":"publish","type":"post","link":"http:\/\/www.arqueroszamora.es\/index.php\/2016\/05\/06\/muy-buena-actuacion-de-alvaro-y-beatriz-en-el-gran-premio-de-espana-celebrado-en-lerida\/","title":{"rendered":"MUY BUENA ACTUACI\u00d3N DE \u00c1LVARO Y BEATRIZ EN EL GRAN PREMIO DE ESPA\u00d1A CELEBRADO EN L\u00c9RIDA"},"content":{"rendered":"<div id=\"attachment_1512\" style=\"width: 383px\" class=\"wp-caption alignright\"><a href=\"http:\/\/www.arqueroszamora.es\/wp-content\/uploads\/2016\/05\/arqueros_zamoranos_en_L\u00e9rida.jpg\" target=\"_blank\"><img loading=\"lazy\" decoding=\"async\" aria-describedby=\"caption-attachment-1512\" class=\"wp-image-1512\" src=\"http:\/\/www.arqueroszamora.es\/wp-content\/uploads\/2016\/05\/arqueros_zamoranos_en_L\u00e9rida-300x206.jpg\" alt=\"arqueros_zamoranos_en_L\u00e9rida\" width=\"373\" height=\"256\" srcset=\"http:\/\/www.arqueroszamora.es\/wp-content\/uploads\/2016\/05\/arqueros_zamoranos_en_L\u00e9rida-300x206.jpg 300w, http:\/\/www.arqueroszamora.es\/wp-content\/uploads\/2016\/05\/arqueros_zamoranos_en_L\u00e9rida.jpg 727w\" sizes=\"auto, (max-width: 373px) 100vw, 373px\" \/><\/a><p id=\"caption-attachment-1512\" class=\"wp-caption-text\">Beatriz, Ramiro, Jose Luis, Manolo, \u00c1lvaro y Mario<\/p><\/div>\n<p>EL Club Pardinyes de Tiro con Arco de L\u00e9rida organiz\u00f3 el segundo gran Premio de Espa\u00f1a de aire libre este fin de semana. Hasta all\u00ed se desplazaron seis arqueros del C.D Arqueros Zamora Reny Picot. <strong>Manuel Artime, \u00c1lvaro Artime, Ramiro Portales, Jos\u00e9 Luis Delgado, Mario Diez <\/strong>y<strong> Beatriz Manso<\/strong>. Lo cinco primeros representar\u00e1n al club zamorano en el Campeonato de Espa\u00f1a de Clubes\u00a0 en arco recurvo. En arco compuesto las representantes ser\u00e1n <strong>Mati\u00a0 Pe\u00f1a, Sonsoles Bouzas, Juani Pedregosa, Gema Corral <\/strong>y<strong> Beatriz Manuel<\/strong> , que son las actuales campeonas de Espa\u00f1a. Estas f\u00e9minas en esta ocasi\u00f3n no asistieron a L\u00e9rida. Lo har\u00e1n en los pr\u00f3ximos eventos dado que de cinco posibles son obligatorios s\u00f3lo tres.<br \/>\nComenz\u00f3 la competici\u00f3n el s\u00e1bado por la ma\u00f1ana con una gran l\u00ednea de tiro, m\u00e1s de 100 arqueros.<\/p>\n<p>Tiraron los arqueros de arco recurvo 72 fechas a 70 m. Los peores elementos se aliaron contra el tiro con arco, lo que m\u00e1s teme un arquero all\u00ed se present\u00f3: lluvia primero y vendaval racheado despu\u00e9s. Vendaval que fue en aumento y tan fuerte fue que hab\u00eda que apuntar a dianas distintas a la del arquero y esperar que con algo de suerte el viento la llevara a la diana propia. Muchos fueron los arqueros que rompieron\u00a0 saetas contra el suelo. Alguno incluso tuvo que abandonar por quedarse sin flechas suficientes para continuar. Los nuestros aguantaron como pudieron el temporal logrando acabar las tandas clasificatorias. En estas condiciones nadie logr\u00f3 hacer buena marca. Todos los zamoranos lograron acceder a las eliminatorias. La primera de treintaidosavos fue a lo largo de la ma\u00f1ana, ya bajo un vendaval desatado que hac\u00eda pr\u00e1cticamente imposible tirar; en ella cayeron <strong>Mario<\/strong> y <strong>Manuel<\/strong>. Pasaron todos los dem\u00e1s y, afortunadamente,\u00a0 hasta el domingo por la ma\u00f1ana no volver\u00edan a competir. En la tarde del s\u00e1bado deb\u00edan competir los de arco compuesto pero en vista que los elementos atmosf\u00e9ricos eran cada vez peores, con vientos de 90km\/h, la organizaci\u00f3n la suspendi\u00f3 hasta el domingo por la ma\u00f1ana.<\/p>\n<div id=\"attachment_1513\" style=\"width: 360px\" class=\"wp-caption alignleft\"><a href=\"http:\/\/www.arqueroszamora.es\/wp-content\/uploads\/2016\/05\/panor\u00e1mica-genera-de-la-l\u00ednea-de-tiro.jpg\" target=\"_blank\"><img loading=\"lazy\" decoding=\"async\" aria-describedby=\"caption-attachment-1513\" class=\"wp-image-1513\" src=\"http:\/\/www.arqueroszamora.es\/wp-content\/uploads\/2016\/05\/panor\u00e1mica-genera-de-la-l\u00ednea-de-tiro.jpg\" alt=\"Panor\u00e1mica general de la l\u00ednea de tiro\" width=\"350\" height=\"263\" srcset=\"http:\/\/www.arqueroszamora.es\/wp-content\/uploads\/2016\/05\/panor\u00e1mica-genera-de-la-l\u00ednea-de-tiro.jpg 800w, http:\/\/www.arqueroszamora.es\/wp-content\/uploads\/2016\/05\/panor\u00e1mica-genera-de-la-l\u00ednea-de-tiro-300x225.jpg 300w\" sizes=\"auto, (max-width: 350px) 100vw, 350px\" \/><\/a><p id=\"caption-attachment-1513\" class=\"wp-caption-text\">Panor\u00e1mica general de la l\u00ednea de tiro<\/p><\/div>\n<p>El domingo, con algo menos de viento pero muy racheado, en la eliminatoria de dieciseisavos cayeron <strong>Jos\u00e9 Luis<\/strong> y <strong>Ramiro<\/strong>. Segu\u00edan adelante para octavos <strong>\u00c1lvaro<\/strong>, que remont\u00f3 un\u00a0 3-1 en contra y <strong>Beatriz<\/strong> ( ambos junior que se estaban midiendo con los senior). Los dos pasaron brillantemente la ronda. Los octavos iban complic\u00e1ndose ya que los arqueros que quedaban eran todos buenos. Pero esto no arredr\u00f3 a estos jabatos. Se propusieron hacer historia y los dos apearon a sus respectivos contrincantes. En cuartos de final a <strong>\u00c1lvaro<\/strong> le toc\u00f3 un miura: <strong>David Calleja<\/strong>, madrile\u00f1o,\u00a0 miembro de la selecci\u00f3n espa\u00f1ola, de t\u00e9cnica muy depurada a qui\u00e9n <strong>\u00c1lvaro<\/strong> plant\u00f3 cara desde el principio con mucha seriedad, y dif\u00edcil se lo puso pero finalmente no pudo con \u00e9l. Acab\u00f3 su andadura con un quinto puesto, muy bueno para \u00e9l y su autoestima.\u00a0 Otro tanto le pas\u00f3 a <strong>Beatriz<\/strong> que en cuartos se enfrent\u00f3 a una vieja conocida: la navarra <strong>Irati<\/strong>, con la que ha tenido multitud de duelos con desigual desenlace. En esta ocasi\u00f3n la alegr\u00eda fue para\u00a0 la navarra y la decepci\u00f3n para nuestra arquera. Pero su quinto puesto final es muy bueno.<br \/>\nLa nota de color la puso el nombre de nuestro equipo de recurvo: \u201cEl mot\u00edn de la trucha\u201d. Fue muy comentado por los arqueros y los medios de comunicaci\u00f3n que cubrieron la noticia a trav\u00e9s del canal Youtube por lo original del nombre y su significado. Los comentaristas se hab\u00edan informado y explicaban a los televidentes lo que ocurri\u00f3 en Zamora en la Edad Media por una trucha. Los zamoranos hicieron patria y Zamora es a\u00fan m\u00e1s conocida.<br \/>\nSatisfacci\u00f3n general entre los zamoranos que esperan mejorar la actuaci\u00f3n en el pr\u00f3ximo G.P. de Madrid y en el Campeonato de Espa\u00f1a ( ambos valederos para puntuar de cara a la final del campeonato de Espa\u00f1a de Clubes de Alcobendas).<\/p>\n<p><iframe loading=\"lazy\" src=\"https:\/\/www.youtube.com\/embed\/2oBdJcsf5Ek\" width=\"560\" height=\"315\" frameborder=\"0\" allowfullscreen=\"allowfullscreen\"><\/iframe><\/p>\n","protected":false},"excerpt":{"rendered":"<p>EL Club Pardinyes de Tiro con Arco de L\u00e9rida organiz\u00f3 el segundo gran Premio de Espa\u00f1a de aire libre este fin de semana. Hasta all\u00ed se desplazaron seis arqueros del C.D Arqueros Zamora Reny Picot. Manuel Artime, \u00c1lvaro Artime, Ramiro Portales, Jos\u00e9 Luis Delgado, Mario Diez y Beatriz Manso. Lo cinco primeros representar\u00e1n al club\u2026 <span class=\"read-more\"><a href=\"http:\/\/www.arqueroszamora.es\/index.php\/2016\/05\/06\/muy-buena-actuacion-de-alvaro-y-beatriz-en-el-gran-premio-de-espana-celebrado-en-lerida\/\">Leer m\u00e1s &raquo;<\/a><\/span><\/p>\n","protected":false},"author":1,"featured_media":0,"comment_status":"open","ping_status":"open","sticky":false,"template":"","format":"standard","meta":{"footnotes":""},"categories":[7],"tags":[],"class_list":["post-1510","post","type-post","status-publish","format-standard","hentry","category-noticias"],"_links":{"self":[{"href":"http:\/\/www.arqueroszamora.es\/index.php\/wp-json\/wp\/v2\/posts\/1510","targetHints":{"allow":["GET"]}}],"collection":[{"href":"http:\/\/www.arqueroszamora.es\/index.php\/wp-json\/wp\/v2\/posts"}],"about":[{"href":"http:\/\/www.arqueroszamora.es\/index.php\/wp-json\/wp\/v2\/types\/post"}],"author":[{"embeddable":true,"href":"http:\/\/www.arqueroszamora.es\/index.php\/wp-json\/wp\/v2\/users\/1"}],"replies":[{"embeddable":true,"href":"http:\/\/www.arqueroszamora.es\/index.php\/wp-json\/wp\/v2\/comments?post=1510"}],"version-history":[{"count":0,"href":"http:\/\/www.arqueroszamora.es\/index.php\/wp-json\/wp\/v2\/posts\/1510\/revisions"}],"wp:attachment":[{"href":"http:\/\/www.arqueroszamora.es\/index.php\/wp-json\/wp\/v2\/media?parent=1510"}],"wp:term":[{"taxonomy":"category","embeddable":true,"href":"http:\/\/www.arqueroszamora.es\/index.php\/wp-json\/wp\/v2\/categories?post=1510"},{"taxonomy":"post_tag","embeddable":true,"href":"http:\/\/www.arqueroszamora.es\/index.php\/wp-json\/wp\/v2\/tags?post=1510"}],"curies":[{"name":"wp","href":"https:\/\/api.w.org\/{rel}","templated":true}]}}