{"id":1522,"date":"2016-06-19T06:59:16","date_gmt":"2016-06-19T05:59:16","guid":{"rendered":"http:\/\/www.arqueroszamora.es\/?p=1522"},"modified":"2016-06-19T06:59:16","modified_gmt":"2016-06-19T05:59:16","slug":"gran-premio-de-madrid","status":"publish","type":"post","link":"http:\/\/www.arqueroszamora.es\/index.php\/2016\/06\/19\/gran-premio-de-madrid\/","title":{"rendered":"Gran Premio de Madrid"},"content":{"rendered":"<div id=\"attachment_1523\" style=\"width: 185px\" class=\"wp-caption alignleft\"><a href=\"http:\/\/www.arqueroszamora.es\/wp-content\/uploads\/2016\/06\/Mati-realiza-un-disparo.jpg\" target=\"_blank\"><img loading=\"lazy\" decoding=\"async\" aria-describedby=\"caption-attachment-1523\" class=\"wp-image-1523\" title=\"Mati Pe\u00f1a\" src=\"http:\/\/www.arqueroszamora.es\/wp-content\/uploads\/2016\/06\/Mati-realiza-un-disparo.jpg\" alt=\"Mati realiza un disparo\" width=\"175\" height=\"339\" srcset=\"http:\/\/www.arqueroszamora.es\/wp-content\/uploads\/2016\/06\/Mati-realiza-un-disparo.jpg 454w, http:\/\/www.arqueroszamora.es\/wp-content\/uploads\/2016\/06\/Mati-realiza-un-disparo-155x300.jpg 155w\" sizes=\"auto, (max-width: 175px) 100vw, 175px\" \/><\/a><p id=\"caption-attachment-1523\" class=\"wp-caption-text\">Mati Pe\u00f1a<\/p><\/div>\n<p>El Gran Premio de Madrid de Tiro con Arco celebrado este fin de semana en las instalaciones del complejo deportivo Puerta de Hierro de Madrid se sald\u00f3 con un noveno y un decimos\u00e9ptimo puesto para el <strong>CD. Arqueros Zamora Reny Picot.<\/strong><br \/>\nEntre un total de casi trescientos arqueros, mitad de recurvo y mitad de compuesto aproximadamente, acudieron un total de seis arqueros del club zamorano y<strong> Daniel Garc\u00eda<\/strong> como entrenador. Las expectativas eran buenas en base a los \u00faltimos entrenamientos, sin embargo en esta ocasi\u00f3n no se vieron refrendados en la medida que ellos deseaban en la clasificaci\u00f3n.<br \/>\nEl s\u00e1bado por la ma\u00f1ana entr\u00f3 en liza <strong>Mati Pe\u00f1a<\/strong> con arco compuesto. Desde el primer momento no estuvo bien, no encontr\u00f3 la estabilidad mental y t\u00e9cnica que requer\u00eda y por ello los puntos no sal\u00edan. A\u00fan as\u00ed se meti\u00f3 en las eliminatorias del domingo y con la esperanza de que con el nuevo d\u00eda la mente estuviera m\u00e1s despejada y positiva.<br \/>\nPor la tarde <strong>\u00c1lvaro Artime<\/strong>, <strong>Jos\u00e9 Luis Delgado<\/strong>, <strong>Manuel Artime<\/strong>, <strong>Mario Fern\u00e1ndez<\/strong> y <strong>Ramiro Portales<\/strong> con arco recurvo, eran los encargados de defender el pabell\u00f3n zamorano. Todos repitieron la ansiedad mostrada por su compa\u00f1era <strong>Mati<\/strong> por la ma\u00f1ana. No lograron sus mejores marcas y quedaban fuera de las eliminatorias <strong>Mario<\/strong> y <strong>Manuel<\/strong>.<br \/>\nEl domingo por la ma\u00f1ana se disputaron los treintaidosavos de final en recurvo y compuesto masculino. De los nuestros s\u00f3lo <strong>\u00c1lvaro<\/strong> la pas\u00f3 c\u00f3modamente, aunque se quejaba de no encontrar buenas sensaciones en los disparos y efectivamente, en dieciseisavos, no pudo con su rival catal\u00e1n y qued\u00f3 apeado de la competici\u00f3n en una decimos\u00e9ptima posici\u00f3n final<br \/>\nS\u00f3lo quedaba <strong>Mati<\/strong>, de quien se esperaba se hubiera recuperado del d\u00eda anterior. Gan\u00f3 c\u00f3modamente los dieciseisavos pero sin grandes lances. En octavos le toc\u00f3 una joven promesa aragonesa que ser\u00e1 una gran arquera de futuro. Un hueso duro a la que no pudo ganar y que a la postre ser\u00eda la ganadora del Gran Premio. La posici\u00f3n final de <strong>Mati<\/strong> ser\u00eda novena, buen puesto, aunque para ella no fue tan bueno.<br \/>\nLo positivo es que las puntuaciones sirven para el Campeonato de Espa\u00f1a de clubes y los hombres, bajo el nombre del equipo el \u201c<strong>Mot\u00edn de la Trucha<\/strong>\u201d, siguen estando entre los diecis\u00e9is primeros y que le dar\u00eda paso directo a la final de Alcobendas. En el caso de <strong>Mati<\/strong> tambi\u00e9n forma equipo, \u201c<strong>Ocellum Duri<\/strong>\u201d, con las compa\u00f1eras del a\u00f1o pasado, y actuales campeonas de Espa\u00f1a, y lograron sacar m\u00e1s de sesenta puntos a las terceras clasificadas por lo que el equipo zamorano sube a la segunda o tercera posici\u00f3n, a\u00fan no se sabe porque no salieron listados.<\/p>\n<p><a href=\"http:\/\/www.arqueroszamora.es\/wp-content\/uploads\/2016\/06\/Zamoranos-desplazados-a-Madrid.jpg\"><img loading=\"lazy\" decoding=\"async\" class=\"aligncenter wp-image-1524\" title=\"Zamoranos en el G.P. de Madrid\" src=\"http:\/\/www.arqueroszamora.es\/wp-content\/uploads\/2016\/06\/Zamoranos-desplazados-a-Madrid.jpg\" alt=\"Zamoranos desplazados a Madrid\" width=\"600\" height=\"450\" srcset=\"http:\/\/www.arqueroszamora.es\/wp-content\/uploads\/2016\/06\/Zamoranos-desplazados-a-Madrid.jpg 800w, http:\/\/www.arqueroszamora.es\/wp-content\/uploads\/2016\/06\/Zamoranos-desplazados-a-Madrid-300x225.jpg 300w\" sizes=\"auto, (max-width: 600px) 100vw, 600px\" \/><\/a><\/p>\n","protected":false},"excerpt":{"rendered":"<p>El Gran Premio de Madrid de Tiro con Arco celebrado este fin de semana en las instalaciones del complejo deportivo Puerta de Hierro de Madrid se sald\u00f3 con un noveno y un decimos\u00e9ptimo puesto para el CD. Arqueros Zamora Reny Picot. Entre un total de casi trescientos arqueros, mitad de recurvo y mitad de compuesto\u2026 <span class=\"read-more\"><a href=\"http:\/\/www.arqueroszamora.es\/index.php\/2016\/06\/19\/gran-premio-de-madrid\/\">Leer m\u00e1s &raquo;<\/a><\/span><\/p>\n","protected":false},"author":1,"featured_media":0,"comment_status":"open","ping_status":"open","sticky":false,"template":"","format":"standard","meta":{"footnotes":""},"categories":[7],"tags":[],"class_list":["post-1522","post","type-post","status-publish","format-standard","hentry","category-noticias"],"_links":{"self":[{"href":"http:\/\/www.arqueroszamora.es\/index.php\/wp-json\/wp\/v2\/posts\/1522","targetHints":{"allow":["GET"]}}],"collection":[{"href":"http:\/\/www.arqueroszamora.es\/index.php\/wp-json\/wp\/v2\/posts"}],"about":[{"href":"http:\/\/www.arqueroszamora.es\/index.php\/wp-json\/wp\/v2\/types\/post"}],"author":[{"embeddable":true,"href":"http:\/\/www.arqueroszamora.es\/index.php\/wp-json\/wp\/v2\/users\/1"}],"replies":[{"embeddable":true,"href":"http:\/\/www.arqueroszamora.es\/index.php\/wp-json\/wp\/v2\/comments?post=1522"}],"version-history":[{"count":0,"href":"http:\/\/www.arqueroszamora.es\/index.php\/wp-json\/wp\/v2\/posts\/1522\/revisions"}],"wp:attachment":[{"href":"http:\/\/www.arqueroszamora.es\/index.php\/wp-json\/wp\/v2\/media?parent=1522"}],"wp:term":[{"taxonomy":"category","embeddable":true,"href":"http:\/\/www.arqueroszamora.es\/index.php\/wp-json\/wp\/v2\/categories?post=1522"},{"taxonomy":"post_tag","embeddable":true,"href":"http:\/\/www.arqueroszamora.es\/index.php\/wp-json\/wp\/v2\/tags?post=1522"}],"curies":[{"name":"wp","href":"https:\/\/api.w.org\/{rel}","templated":true}]}}