{"id":1525,"date":"2016-06-19T07:10:37","date_gmt":"2016-06-19T06:10:37","guid":{"rendered":"http:\/\/www.arqueroszamora.es\/?p=1525"},"modified":"2016-06-19T07:10:37","modified_gmt":"2016-06-19T06:10:37","slug":"tres-oros-y-una-plata-en-el-territorial-de-veteranos","status":"publish","type":"post","link":"http:\/\/www.arqueroszamora.es\/index.php\/2016\/06\/19\/tres-oros-y-una-plata-en-el-territorial-de-veteranos\/","title":{"rendered":"Tres oros y una plata en el territorial de veteranos"},"content":{"rendered":"<div id=\"attachment_1526\" style=\"width: 710px\" class=\"wp-caption aligncenter\"><a href=\"http:\/\/www.arqueroszamora.es\/wp-content\/uploads\/2016\/06\/veteranos-zamoranos-en-Le\u00f3n.jpg\" target=\"_blank\"><img loading=\"lazy\" decoding=\"async\" aria-describedby=\"caption-attachment-1526\" class=\"wp-image-1526\" title=\"Zamoranos en el territorial de veteranos\" src=\"http:\/\/www.arqueroszamora.es\/wp-content\/uploads\/2016\/06\/Veteranos_peq.jpg\" alt=\"Veteranos_peq\" width=\"700\" height=\"162\" srcset=\"http:\/\/www.arqueroszamora.es\/wp-content\/uploads\/2016\/06\/Veteranos_peq.jpg 799w, http:\/\/www.arqueroszamora.es\/wp-content\/uploads\/2016\/06\/Veteranos_peq-300x69.jpg 300w\" sizes=\"auto, (max-width: 700px) 100vw, 700px\" \/><\/a><p id=\"caption-attachment-1526\" class=\"wp-caption-text\">Ramiro, Daniel, Mati, Manolo y Tano en el territorial de veteranos<\/p><\/div>\n<p>Gran resultado el obtenido por los arqueros veteranos del <strong>C.D. Arqueros Zamora Reny Picot<\/strong> este fin de semana en el campeonato territorial de veteranos de aire libre celebrado en Le\u00f3n y organizado por el Club Arqueros de Le\u00f3n.<br \/>\nHasta all\u00ed se desplazaron <strong>Ramiro Portales, Jos\u00e9 Manuel Quintano <\/strong>y<strong> Manuel Artime<\/strong> para competir en arco recurvo sobre diana de 122cm. a 70m. y <strong>Mati Pe\u00f1a<\/strong> y<strong> Daniel Garc\u00eda<\/strong> en arco compuesto sobre diana de 40 cm. a 50m.<br \/>\nEn las tandas clasificatorias ya mostraron que pod\u00edan estar en el podio viendo los resultados conseguidos. Todos entraron en eliminatorias. En el primer enfrentamiento pasaron todos los zamoranos excepto <strong>Artime<\/strong> que le hab\u00eda tocado contra <strong>Ramiro<\/strong>. En esta fase pas\u00f3 con brillantez <strong>Quintano<\/strong> al derrotar por un contundente 6-0 a<strong> Vicente Garc\u00eda<\/strong>, de Ponferrada y actual campe\u00f3n de invierno.<br \/>\nEl segundo enfrentamiento tambi\u00e9n favorec\u00eda a los zamoranos. En esta fase el encuentro m\u00e1s complicado lo tuvo <strong>Daniel<\/strong> que parti\u00f3 con cuatro puntos de desventaja y poco a poco los fue recuperando hasta vencer por uno a su contrincante astorgano. Cuatro de nuestros se aseguraban tres finales y por ende un oro y tres platas como m\u00ednimo.<br \/>\nLlegados a las finales en recurvo le tocaba enfrentarse a <strong>Ramiro<\/strong> y <strong>Quintan<\/strong>o. Estuvo re\u00f1ido el enfrentamiento entre los dos compa\u00f1eros de club que finalmente se resolvi\u00f3 a favor de <strong>Ramiro<\/strong> por un 6-4. Oro para <strong>Ramiro<\/strong> y Plata para <strong>Quintano<\/strong>.<br \/>\nEn mujeres de arco compuesto <strong>Mati Pe\u00f1a<\/strong>, que hab\u00eda hecho buen registro clasificatorio, se enfrentaba a la charra <strong>Juani Pedregosa<\/strong> a la que gan\u00f3 claramente en esta ocasi\u00f3n y se desquitaba as\u00ed de la mala actuaci\u00f3n del GP. de Madrid del fin de semana pasado. Otro oro para Zamora.<br \/>\nSimult\u00e1neamente <strong>Daniel<\/strong> tiraba la final contra el primer clasificado en el roud. Pocas veces hab\u00eda estado as\u00ed de templado nuestro veterano. Sacando tandas de 28 y 29 puntos de media logr\u00f3 imponerse al rival vallisoletano y alcanzar as\u00ed el lugar m\u00e1s alto del podio.<br \/>\nSatisfacci\u00f3n entre los arqueros del club capitalino por los tres oros y la plata alcanzados.<\/p>\n","protected":false},"excerpt":{"rendered":"<p>Gran resultado el obtenido por los arqueros veteranos del C.D. Arqueros Zamora Reny Picot este fin de semana en el campeonato territorial de veteranos de aire libre celebrado en Le\u00f3n y organizado por el Club Arqueros de Le\u00f3n. Hasta all\u00ed se desplazaron Ramiro Portales, Jos\u00e9 Manuel Quintano y Manuel Artime para competir en arco recurvo\u2026 <span class=\"read-more\"><a href=\"http:\/\/www.arqueroszamora.es\/index.php\/2016\/06\/19\/tres-oros-y-una-plata-en-el-territorial-de-veteranos\/\">Leer m\u00e1s &raquo;<\/a><\/span><\/p>\n","protected":false},"author":1,"featured_media":0,"comment_status":"open","ping_status":"open","sticky":false,"template":"","format":"standard","meta":{"footnotes":""},"categories":[7],"tags":[],"class_list":["post-1525","post","type-post","status-publish","format-standard","hentry","category-noticias"],"_links":{"self":[{"href":"http:\/\/www.arqueroszamora.es\/index.php\/wp-json\/wp\/v2\/posts\/1525","targetHints":{"allow":["GET"]}}],"collection":[{"href":"http:\/\/www.arqueroszamora.es\/index.php\/wp-json\/wp\/v2\/posts"}],"about":[{"href":"http:\/\/www.arqueroszamora.es\/index.php\/wp-json\/wp\/v2\/types\/post"}],"author":[{"embeddable":true,"href":"http:\/\/www.arqueroszamora.es\/index.php\/wp-json\/wp\/v2\/users\/1"}],"replies":[{"embeddable":true,"href":"http:\/\/www.arqueroszamora.es\/index.php\/wp-json\/wp\/v2\/comments?post=1525"}],"version-history":[{"count":0,"href":"http:\/\/www.arqueroszamora.es\/index.php\/wp-json\/wp\/v2\/posts\/1525\/revisions"}],"wp:attachment":[{"href":"http:\/\/www.arqueroszamora.es\/index.php\/wp-json\/wp\/v2\/media?parent=1525"}],"wp:term":[{"taxonomy":"category","embeddable":true,"href":"http:\/\/www.arqueroszamora.es\/index.php\/wp-json\/wp\/v2\/categories?post=1525"},{"taxonomy":"post_tag","embeddable":true,"href":"http:\/\/www.arqueroszamora.es\/index.php\/wp-json\/wp\/v2\/tags?post=1525"}],"curies":[{"name":"wp","href":"https:\/\/api.w.org\/{rel}","templated":true}]}}