{"id":1534,"date":"2016-07-06T17:22:51","date_gmt":"2016-07-06T16:22:51","guid":{"rendered":"http:\/\/www.arqueroszamora.es\/?p=1534"},"modified":"2016-07-06T17:40:06","modified_gmt":"2016-07-06T16:40:06","slug":"buena-actuacion-del-c-d-arqueros-zamora-en-el-campeonato-de-espana","status":"publish","type":"post","link":"http:\/\/www.arqueroszamora.es\/index.php\/2016\/07\/06\/buena-actuacion-del-c-d-arqueros-zamora-en-el-campeonato-de-espana\/","title":{"rendered":"Buena actuaci\u00f3n del C.D Arqueros Zamora en el Campeonato de Espa\u00f1a"},"content":{"rendered":"<div id=\"attachment_1535\" style=\"width: 360px\" class=\"wp-caption alignleft\"><a href=\"http:\/\/www.arqueroszamora.es\/wp-content\/uploads\/2016\/07\/zamoranos.jpg\" target=\"_blank\"><img loading=\"lazy\" decoding=\"async\" aria-describedby=\"caption-attachment-1535\" class=\"wp-image-1535\" src=\"http:\/\/www.arqueroszamora.es\/wp-content\/uploads\/2016\/07\/zamoranos.jpg\" alt=\"zamoranos\" width=\"350\" height=\"263\" srcset=\"http:\/\/www.arqueroszamora.es\/wp-content\/uploads\/2016\/07\/zamoranos.jpg 800w, http:\/\/www.arqueroszamora.es\/wp-content\/uploads\/2016\/07\/zamoranos-300x225.jpg 300w\" sizes=\"auto, (max-width: 350px) 100vw, 350px\" \/><\/a><p id=\"caption-attachment-1535\" class=\"wp-caption-text\">Arriba: Henar, Beatriz, Tano, Carlos, Jose Luis y \u00c1lvaro. Abajo: Mati, Ramiro y Daniel.<\/p><\/div>\n<p>Muy buena la actuaci\u00f3n del<strong> C.D. ARQUEROS ZAMORA RENY PICOT<\/strong> en el campeonato de Espa\u00f1a de Aire Libre Senior y Junior y en el Campeonato de Espa\u00f1a de Comunidades Aut\u00f3nomas que se vino con dos bronces por equipos. La Delegaci\u00f3n Provincial de Tiro con Arco de Valladolid, apoyada por la Fundaci\u00f3n Municipal de Deportes, la Junta de Castilla y Le\u00f3n, la RFETA, la FTACYL y clubes locales, fue la encargada de organizar esta edici\u00f3n y puede presumir de haberlo hecho muy bien. Dada la cantidad de arqueros inscritos, m\u00e1s de 350.El lugar elegido fue el campo de rugby de Valladolid especialmente acondicionado para la efem\u00e9ride.<\/p>\n<p>Desde Zamora acudieron ocho tiradores. <strong>Ramiro Portales, Jos\u00e9 Luis Delgado, Jos\u00e9 Manuel Quintano <\/strong>y<strong> Henar Quintano<\/strong> como senior y de arco recurvo. En compuesto senior los representantes fueron <strong>Carlos Garc\u00eda <\/strong>y<strong> Mati Pe\u00f1a<\/strong>. Como Junior en arco recurvo acudieron <strong>\u00c1lvaro Artime <\/strong>y<strong> Beatriz Manso<\/strong>.<\/p>\n<p>A lo largo del viernes se tiraron las series clasificatorias. Por la ma\u00f1ana las de arco compuesto y por la tarde arco recurvo. Los junior con la marca alcanzada pod\u00edan acceder a las eliminatorias de los senior adem\u00e1s de las suyas propias. Todos, menos <strong>Jos\u00e9 Manuel Quintano<\/strong>, entraron en las eliminatorias, algo nada f\u00e1cil dada la cantidad de arqueros y calidad que se vio. <strong>\u00c1lvaro<\/strong> se situaba, magn\u00edficamente, el 10\u00ba en la clasificaci\u00f3n senior y el 4\u00ba en la junior,\u00a0 <strong>Ramiro<\/strong> el 45, <strong>Jos\u00e9 Luis<\/strong> el 55\u00ba, <strong>Jos\u00e9 Manuel Quintano<\/strong> el 95\u00ba, <strong>Henar Quintano<\/strong> acababa la 17\u00aa. <strong>Beatriz<\/strong> tambi\u00e9n obten\u00eda una posici\u00f3n buena en senior, la 25\u00aa y en la junior la 15\u00aa. <strong>Carlos Garc\u00eda<\/strong> se situaba el 38\u00ba. Por su parte <strong>Mati Pe\u00f1a<\/strong> alcanzaba marca personal y se situaba la 14\u00ba en la general. Todos con buenas posiciones para abordar la primera de las eliminatorias que se hizo el mismo s\u00e1bado. En esta primera eliminatoria de dieciseisavos cay\u00f3 <strong>Mati<\/strong> lo que la llev\u00f3 a la 17\u00aa posici\u00f3n final y con decepci\u00f3n personal. <strong>Henar<\/strong>, en cambio gestion\u00f3 muy bien su eliminatoria y la gan\u00f3 claramente. Por su parte <strong>Beatriz<\/strong> ca\u00eda tambi\u00e9n. Los hombres disputaron los treintaidosavos y la mala suerte hizo que le tocara a <strong>Jos\u00e9 Luis<\/strong> contra <strong>\u00c1lvaro<\/strong>; pas\u00f3 <strong>Jos\u00e9 Luis<\/strong> en una re\u00f1ida eliminatoria, relegando al puesto 33\u00ba a \u00c1lvaro que qued\u00f3 algo decepcionado pero alegr\u00e1ndose porque su compa\u00f1ero siguiera. <strong>Ramiro<\/strong> solvento con un rotundo 6-0 la suya. Los diecis\u00e9isavos dejaron fuera a <strong>Ramiro<\/strong>. <strong>Carlos Garc\u00eda<\/strong> pasaba su ronda de treintaidosavos frente a <strong>Guillermo Rodr\u00edguez<\/strong>, excelente tirador paral\u00edmpico que nos representar\u00e1 en R\u00edo de Janeiro. En la siguiente ronda cay\u00f3 frente al berciano <strong>Alejandro Manuel<\/strong> en una disputada eliminatoria que perdi\u00f3 142-143.<\/p>\n<p>El s\u00e1bado se tiraron los octavos de final y de aqu\u00ed no pasaron ni <strong>Henar<\/strong> ni <strong>Jos\u00e9 Luis<\/strong>, y no porque lo hicieran mal sino porque los rivales fueron mejores. Acabaron los dos en una muy digna 9\u00aa posici\u00f3n. A las dos empezaron los octavos de final junior <strong>\u00c1lvaro y Beatriz<\/strong>. <strong>Beatriz<\/strong>, que segu\u00eda descentrada como el d\u00eda anterior cay\u00f3 quedando la 17\u00aa. <strong>\u00c1lvaro<\/strong> tuvo un primer enfrentamiento contra el vasco <strong>Illarramendi<\/strong>, muy estresado, al que gan\u00f3 c\u00f3modamente. En cuartos le toc\u00f3 el salmantino <strong>Carlos Iglesias<\/strong> con el que no pudo y que a la postre ganar\u00eda el campeonato de Espa\u00f1a contra el burgal\u00e9s <strong>Pablo Acha<\/strong>. Muy buen final para <strong>\u00c1lvaro<\/strong>, con un 5\u00ba puesto , que refrenda su buena evoluci\u00f3n si tenemos en cuenta que hace dos a\u00f1os le costaba entrar entra los diez primeros junior e impensable estar entre los quince primeros senior.<a href=\"http:\/\/www.arqueroszamora.es\/wp-content\/uploads\/2016\/07\/arcos.jpg\" target=\"_blank\"><img loading=\"lazy\" decoding=\"async\" class=\"alignright wp-image-1538 size-medium\" src=\"http:\/\/www.arqueroszamora.es\/wp-content\/uploads\/2016\/07\/arcos-300x225.jpg\" alt=\"arcos\" width=\"300\" height=\"225\" srcset=\"http:\/\/www.arqueroszamora.es\/wp-content\/uploads\/2016\/07\/arcos-300x225.jpg 300w, http:\/\/www.arqueroszamora.es\/wp-content\/uploads\/2016\/07\/arcos.jpg 800w\" sizes=\"auto, (max-width: 300px) 100vw, 300px\" \/><\/a><\/p>\n<p>En La tarde del s\u00e1bado comenz\u00f3 el otro campeonato de Espa\u00f1a, el de Comunidades Aut\u00f3nomas. <strong>Mati, \u00c1lvaro y Henar<\/strong>, con sus marcas en la clasificatoria del viernes lograron meterse en la selecci\u00f3n auton\u00f3mica de compuesto femenino, recurvo masculino y recurvo femenino respectivamente. Un logro para el club zamorano.<\/p>\n<p>A <strong>Mati<\/strong> le acompa\u00f1aron en el equipo <strong>Mar\u00eda G\u00f3mez<\/strong>, de Palencia y <strong>Gema Corral<\/strong>, salmantina. Adem\u00e1s estuvo con ellas como capit\u00e1n de equipo el zamorano <strong>Daniel Garc\u00eda<\/strong>.<\/p>\n<p>A <strong>\u00c1lvaro<\/strong> le acompa\u00f1aron el leon\u00e9s <strong>Mario Mor\u00e1n<\/strong> y <strong>\u00c1lvaro Sim\u00f3<\/strong>, de Valladolid con capit\u00e1n de equipo <strong>Carlos Garc\u00eda<\/strong>, de Zamora, que tuvo que sustituir a <strong>Daniel Morillo<\/strong>.<\/p>\n<p>El equipo de <strong>Henar<\/strong> se complet\u00f3 con las salmantinas <strong>Alba Garrote<\/strong> y <strong>Eva Fern\u00e1ndez<\/strong>, con <strong>Elena Fern\u00e1ndez<\/strong> como capitana.<\/p>\n<p>Se tiraron 48 flechas para establecer los cabezas de serie y el equipo de <strong>Mati<\/strong> pas\u00f3 de ser casi favorito a quedar 5\u00ba y por tanto en el segundo grupo para disputar el pase a las finales contra las segundas y terceras clasificadas. Los equipos de <strong>\u00c1lvaro<\/strong> y <strong>Henar<\/strong> en cambio lo hicieron muy bien y quedaban segundos, esto les encuadraba en un grupo asequible.<\/p>\n<p>El domingo, tal como hab\u00eda discurrido los equipos de los tres zamoranos ten\u00edan que ganar al menos un encuentro para acceder a las medallas. El de <strong>Mati<\/strong> lo logr\u00f3 pero con dificultades dado que no hab\u00eda ritmo de tiro adecuado y la \u00faltima tiradora se quedaba casi sin tiempo. El de <strong>Henar<\/strong> tambi\u00e9n lo logr\u00f3 con m\u00e1s comodidad. En cambio el de <strong>\u00c1lvaro<\/strong> perdi\u00f3 el primero y no pudieron disputar el segundo porque <strong>Sim\u00f3<\/strong> se lesion\u00f3 y no pudieron seguir. Una l\u00e1stima.<\/p>\n<p><a href=\"http:\/\/www.arqueroszamora.es\/wp-content\/uploads\/2016\/07\/alvaro.jpg\" target=\"_blank\"><img loading=\"lazy\" decoding=\"async\" class=\"alignleft wp-image-1539\" src=\"http:\/\/www.arqueroszamora.es\/wp-content\/uploads\/2016\/07\/alvaro.jpg\" alt=\"alvaro\" width=\"300\" height=\"400\" srcset=\"http:\/\/www.arqueroszamora.es\/wp-content\/uploads\/2016\/07\/alvaro.jpg 432w, http:\/\/www.arqueroszamora.es\/wp-content\/uploads\/2016\/07\/alvaro-225x300.jpg 225w\" sizes=\"auto, (max-width: 300px) 100vw, 300px\" \/><\/a>Comenzaron las fases finales y el equipo de <strong>Mati<\/strong> gan\u00f3 el primer enfrentamiento contra Andaluc\u00eda pero preocupaba que segu\u00edan sin ritmo correcto de tiro. El siguiente enfrentamiento contra Baleares m\u00e1s de lo mismo, las tuvieron contra la cuerdas pero el mal ritmo las mat\u00f3 en una de las entradas lo que las llev\u00f3 a perder 9 puntos a falta de doce flechas, algo casi imposible de remontar. A pesar de todo le recortaron 7 puntos pero no fue suficiente. Ya no hab\u00eda opci\u00f3n al oro. Hab\u00eda que pelear por el bronce contra Madrid. La charla motivadora de <strong>Daniel<\/strong> pareci\u00f3 surtir efecto en las primeras seis flechas pero en las siguientes volvieron a las mismas por lo que el capit\u00e1n opt\u00f3 por cambiar el orden de las tiradoras y s\u00ed funcion\u00f3. Encontraron un mejor ritmo y finalmente ganaron el bronce con trece puntos de ventaja.<\/p>\n<p>Al equipo de <strong>Henar<\/strong> sin pasarle lo mismo el resultado fue id\u00e9ntico. Ganaron el primer enfrentamiento y cuando parec\u00eda todo a favor para ganar el segundo e ir a por la final cayeron en el segundo. Con algo de decepci\u00f3n inicial abordaron la lucha por el bronce. Se conjuraron para estar en el podio y dando el 120% de s\u00ed mismas lo lograron.<\/p>\n<p>Campeonato muy digno a nivel individual para el club zamorano y bueno por equipos. Pocas veces tres representantes zamoranos est\u00e1n en otros tantos equipos luchando por estar en el podio en un campeonato Espa\u00f1a y salen de \u00e9l con dos medallas. En el acto de clausura estuvieron presentes, entre otros, <strong>Juan Carlos Holgado<\/strong> y <strong>Antonio V\u00e1quez<\/strong>, dos de los arqueros ol\u00edmpicos que en Barcelona`92 consiguieron el oro. Tambi\u00e9n asisti\u00f3 <strong>Antonio Rebollo<\/strong>, el arquero paral\u00edmpico que encendi\u00f3 el pebetero en el acto de inauguraci\u00f3n. La RFETA les hizo entrega p\u00fablicamente del arco de oro, la insignia de oro que les hab\u00edan prometido en 1992. Al otro componente del equipo de aquellas olimpiadas, <strong>Menendez<\/strong>, ya le fue entregado en otro acto.<\/p>\n<p style=\"text-align: center;\"><a href=\"http:\/\/www.arqueroszamora.es\/wp-content\/uploads\/2016\/07\/MEDALLISTAS-HENAR-Y-MATI-CON-DANIEL-GARC\u00cdA.jpg\" target=\"_blank\"><img loading=\"lazy\" decoding=\"async\" class=\"aligncenter wp-image-1536\" src=\"http:\/\/www.arqueroszamora.es\/wp-content\/uploads\/2016\/07\/MEDALLISTAS-HENAR-Y-MATI-CON-DANIEL-GARC\u00cdA.jpg\" alt=\"MEDALLISTAS HENAR Y MATI  CON DANIEL GARC\u00cdA\" width=\"700\" height=\"525\" srcset=\"http:\/\/www.arqueroszamora.es\/wp-content\/uploads\/2016\/07\/MEDALLISTAS-HENAR-Y-MATI-CON-DANIEL-GARC\u00cdA.jpg 800w, http:\/\/www.arqueroszamora.es\/wp-content\/uploads\/2016\/07\/MEDALLISTAS-HENAR-Y-MATI-CON-DANIEL-GARC\u00cdA-300x225.jpg 300w\" sizes=\"auto, (max-width: 700px) 100vw, 700px\" \/><\/a><\/p>\n<p style=\"text-align: center;\"><a title=\"Resultados finales Campeonato Espa\u00f1a 2016\" href=\"http:\/\/www.arqueroszamora.es\/wp-content\/uploads\/2016\/07\/BOOK.pdf\" target=\"_blank\">Resultados finales<\/a> &#8211; <a href=\"https:\/\/plus.google.com\/photos\/106705070378411861359\/albums\/6303529920797261185\" target=\"_blank\">Galer\u00eda fotogr\u00e1fica<\/a><\/p>\n","protected":false},"excerpt":{"rendered":"<p>Muy buena la actuaci\u00f3n del C.D. ARQUEROS ZAMORA RENY PICOT en el campeonato de Espa\u00f1a de Aire Libre Senior y Junior y en el Campeonato de Espa\u00f1a de Comunidades Aut\u00f3nomas que se vino con dos bronces por equipos. La Delegaci\u00f3n Provincial de Tiro con Arco de Valladolid, apoyada por la Fundaci\u00f3n Municipal de Deportes, la\u2026 <span class=\"read-more\"><a href=\"http:\/\/www.arqueroszamora.es\/index.php\/2016\/07\/06\/buena-actuacion-del-c-d-arqueros-zamora-en-el-campeonato-de-espana\/\">Leer m\u00e1s &raquo;<\/a><\/span><\/p>\n","protected":false},"author":1,"featured_media":0,"comment_status":"open","ping_status":"open","sticky":false,"template":"","format":"standard","meta":{"footnotes":""},"categories":[7],"tags":[],"class_list":["post-1534","post","type-post","status-publish","format-standard","hentry","category-noticias"],"_links":{"self":[{"href":"http:\/\/www.arqueroszamora.es\/index.php\/wp-json\/wp\/v2\/posts\/1534","targetHints":{"allow":["GET"]}}],"collection":[{"href":"http:\/\/www.arqueroszamora.es\/index.php\/wp-json\/wp\/v2\/posts"}],"about":[{"href":"http:\/\/www.arqueroszamora.es\/index.php\/wp-json\/wp\/v2\/types\/post"}],"author":[{"embeddable":true,"href":"http:\/\/www.arqueroszamora.es\/index.php\/wp-json\/wp\/v2\/users\/1"}],"replies":[{"embeddable":true,"href":"http:\/\/www.arqueroszamora.es\/index.php\/wp-json\/wp\/v2\/comments?post=1534"}],"version-history":[{"count":0,"href":"http:\/\/www.arqueroszamora.es\/index.php\/wp-json\/wp\/v2\/posts\/1534\/revisions"}],"wp:attachment":[{"href":"http:\/\/www.arqueroszamora.es\/index.php\/wp-json\/wp\/v2\/media?parent=1534"}],"wp:term":[{"taxonomy":"category","embeddable":true,"href":"http:\/\/www.arqueroszamora.es\/index.php\/wp-json\/wp\/v2\/categories?post=1534"},{"taxonomy":"post_tag","embeddable":true,"href":"http:\/\/www.arqueroszamora.es\/index.php\/wp-json\/wp\/v2\/tags?post=1534"}],"curies":[{"name":"wp","href":"https:\/\/api.w.org\/{rel}","templated":true}]}}