{"id":1542,"date":"2016-07-10T17:44:34","date_gmt":"2016-07-10T16:44:34","guid":{"rendered":"http:\/\/www.arqueroszamora.es\/?p=1542"},"modified":"2016-07-29T17:52:05","modified_gmt":"2016-07-29T16:52:05","slug":"1542","status":"publish","type":"post","link":"http:\/\/www.arqueroszamora.es\/index.php\/2016\/07\/10\/1542\/","title":{"rendered":"Territorial de cadetes y menores 2016"},"content":{"rendered":"<p>El domingo 10 se celebr\u00f3 en Cabrerizos ( Salamanca ) el Campeonato territorial de Cadetes y Menores de Tiro con Arco y \u00faltima tirada de Liga Territorial, organizado por el club La Flecha y al que asistieron desde Zamora un total de nueve arqueros: <strong>Laura Merayo, M\u00f3nica Gonz\u00e1lez<\/strong> y <strong>Luis Prada<\/strong> como cadetes y <strong>Sara Rego, Raquel Gonz\u00e1lez, Marta Insua, Vera Carmona, Olivia Carmona<\/strong> y <strong>Aar\u00f3n Mu\u00f1oz<\/strong> como menores de 14 a\u00f1os. Todos ellos del club <strong>C.D Arqueros Zamora Reny Picot.<\/strong> Estuvieron acompa\u00f1ados de los t\u00e9cnicos <strong>Javier Sastre<\/strong>, <strong>\u00c1lvaro Artime<\/strong> y <strong>Daniel Garc\u00eda<\/strong>.<br \/>\nPor la ma\u00f1ana, con unas temperaturas muy altas, compitieron los cadetes. Primero lanzaron las tandas clasificatorias y los tres entraron en ellas, siendo <strong>Luis<\/strong> quien mejor se situ\u00f3. En la eliminatoria de semifinales cay\u00f3 y tuvo que jugarse el bronce contra <strong>Jaume<\/strong>, de \u00c1vila, al que gan\u00f3 con comodidad ganando as\u00ed el bronce. <strong>Laura<\/strong> no tuvo un buen d\u00eda y le toc\u00f3 un enfrentamiento duro en cuartos que no super\u00f3 y hubo de conformarse con el noveno puesto. <strong>M\u00f3nica<\/strong>, aunque mejor que su compa\u00f1era, tampoco super\u00f3 esa fase y qued\u00f3 apeada tambi\u00e9n de la opci\u00f3n por las medallas.<a href=\"http:\/\/www.arqueroszamora.es\/wp-content\/uploads\/2016\/07\/LAURA-SARA-Y-RAQUEL-CON-LOS-ENTRENADORES.jpg\"><img loading=\"lazy\" decoding=\"async\" class=\"alignright wp-image-1543\" src=\"http:\/\/www.arqueroszamora.es\/wp-content\/uploads\/2016\/07\/LAURA-SARA-Y-RAQUEL-CON-LOS-ENTRENADORES.jpg\" alt=\"LAURA, SARA Y RAQUEL CON LOS ENTRENADORES\" width=\"400\" height=\"400\" srcset=\"http:\/\/www.arqueroszamora.es\/wp-content\/uploads\/2016\/07\/LAURA-SARA-Y-RAQUEL-CON-LOS-ENTRENADORES.jpg 800w, http:\/\/www.arqueroszamora.es\/wp-content\/uploads\/2016\/07\/LAURA-SARA-Y-RAQUEL-CON-LOS-ENTRENADORES-150x150.jpg 150w, http:\/\/www.arqueroszamora.es\/wp-content\/uploads\/2016\/07\/LAURA-SARA-Y-RAQUEL-CON-LOS-ENTRENADORES-300x300.jpg 300w\" sizes=\"auto, (max-width: 400px) 100vw, 400px\" \/><\/a><br \/>\nLas infantiles<strong> Raquel<\/strong> y <strong>Sara<\/strong> hicieron buenos registros clasificatorios. <strong>Raquel<\/strong> acababa primera con buena marca personal y <strong>Sara<\/strong> quinta. Estaban bien posicionadas para las medallas.<br \/>\nEn las eliminatorias de cuartos <strong>Raquel<\/strong> ten\u00eda pase directo. <strong>Sara<\/strong> se enfrent\u00f3 a <strong>Isabel Rodr\u00edguez<\/strong>, de salamanca, a la que venci\u00f3 caramente con un 6-0. En semifinales le toc\u00f3 contra su compa\u00f1era <strong>Raquel<\/strong> y despu\u00e9s de un emocionante enfrentamiento <strong>Sara<\/strong> gan\u00f3. <strong>Raquel<\/strong> se jugar\u00eda y ganar\u00eda el bronce con la burgalesa <strong>Natalia Ant\u00f3n<\/strong>.<br \/>\nLa final entre <strong>Sara<\/strong> y <strong>Jimena<\/strong>, de salamanca, tuvo alternancias en el dominio. Empez\u00f3 fuerte <strong>Sara<\/strong> ganando 4-0 pero poco a poco la charra le fue recortando hasta ganarla por 6-4. Plata que le viene muy bien a <strong>Sara<\/strong> para coger m\u00e1s confianza.<br \/>\nPor la tarde le toc\u00f3 el turno a los menores de 14 a\u00f1os. <strong>Marta<\/strong> y <strong>Vera<\/strong> como alevines pelearon hasta el final por estar en el podio las dos. Finalmente fue <strong>Vera<\/strong> la que consigui\u00f3 un merecido bronce seguida de cerca por su compa\u00f1era <strong>Marta<\/strong>.<strong> Olivia<\/strong> y <strong>Aar\u00f3n<\/strong> compitieron en benjamines y los dos lo hicieron muy bien. <strong>Aar\u00f3n<\/strong> subi\u00f3 al caj\u00f3n a recoger la plata y <strong>Olivia<\/strong> a por su bronce.<br \/>\nEste campeonato ten\u00eda validez como cuarta jornada de Liga Territorial. Por ello la entrega de medallas fue doble. Primero se entregaron las preseas del Campeonato y despu\u00e9s las de la Liga, es decir,el premio a la regularidad, en la que tambi\u00e9n los nuestros estuvieron en el podio siendo dobles medallistas casi todos: <strong>Laura<\/strong> era oro. <strong>Luis<\/strong> bronce. <strong>Raquel<\/strong> plata. <strong>Sara<\/strong> bronce. <strong>Marta<\/strong> plata. <strong>Vera<\/strong> bronce. <strong>Olivia<\/strong> plata y <strong>Aar\u00f3n<\/strong> plata.<br \/>\nEn definitiva, buena jornada para el tiro con arco zamorano que sigue pisando fuerte y que pudo ser mejor de haber asistido algunos de los habituales pero que ayer no pudieron.<\/p>\n","protected":false},"excerpt":{"rendered":"<p>El domingo 10 se celebr\u00f3 en Cabrerizos ( Salamanca ) el Campeonato territorial de Cadetes y Menores de Tiro con Arco y \u00faltima tirada de Liga Territorial, organizado por el club La Flecha y al que asistieron desde Zamora un total de nueve arqueros: Laura Merayo, M\u00f3nica Gonz\u00e1lez y Luis Prada como cadetes y Sara\u2026 <span class=\"read-more\"><a href=\"http:\/\/www.arqueroszamora.es\/index.php\/2016\/07\/10\/1542\/\">Leer m\u00e1s &raquo;<\/a><\/span><\/p>\n","protected":false},"author":1,"featured_media":0,"comment_status":"open","ping_status":"open","sticky":false,"template":"","format":"standard","meta":{"footnotes":""},"categories":[7],"tags":[],"class_list":["post-1542","post","type-post","status-publish","format-standard","hentry","category-noticias"],"_links":{"self":[{"href":"http:\/\/www.arqueroszamora.es\/index.php\/wp-json\/wp\/v2\/posts\/1542","targetHints":{"allow":["GET"]}}],"collection":[{"href":"http:\/\/www.arqueroszamora.es\/index.php\/wp-json\/wp\/v2\/posts"}],"about":[{"href":"http:\/\/www.arqueroszamora.es\/index.php\/wp-json\/wp\/v2\/types\/post"}],"author":[{"embeddable":true,"href":"http:\/\/www.arqueroszamora.es\/index.php\/wp-json\/wp\/v2\/users\/1"}],"replies":[{"embeddable":true,"href":"http:\/\/www.arqueroszamora.es\/index.php\/wp-json\/wp\/v2\/comments?post=1542"}],"version-history":[{"count":0,"href":"http:\/\/www.arqueroszamora.es\/index.php\/wp-json\/wp\/v2\/posts\/1542\/revisions"}],"wp:attachment":[{"href":"http:\/\/www.arqueroszamora.es\/index.php\/wp-json\/wp\/v2\/media?parent=1542"}],"wp:term":[{"taxonomy":"category","embeddable":true,"href":"http:\/\/www.arqueroszamora.es\/index.php\/wp-json\/wp\/v2\/categories?post=1542"},{"taxonomy":"post_tag","embeddable":true,"href":"http:\/\/www.arqueroszamora.es\/index.php\/wp-json\/wp\/v2\/tags?post=1542"}],"curies":[{"name":"wp","href":"https:\/\/api.w.org\/{rel}","templated":true}]}}