{"id":1544,"date":"2016-07-29T18:10:07","date_gmt":"2016-07-29T17:10:07","guid":{"rendered":"http:\/\/www.arqueroszamora.es\/?p=1544"},"modified":"2016-07-29T18:10:53","modified_gmt":"2016-07-29T17:10:53","slug":"buena-actuacion-de-los-arqueros-zamoranos-en-el-campeonato-territorial-absoluto-y-junior-y-campeonato-de-arco-adaptado","status":"publish","type":"post","link":"http:\/\/www.arqueroszamora.es\/index.php\/2016\/07\/29\/buena-actuacion-de-los-arqueros-zamoranos-en-el-campeonato-territorial-absoluto-y-junior-y-campeonato-de-arco-adaptado\/","title":{"rendered":"Buena actuaci\u00f3n de los arqueros zamoranos en el campeonato territorial absoluto y junior y campeonato de Arco Adaptado."},"content":{"rendered":"<p>El <strong>CD Arqueros Zamora Reny Picot<\/strong> fue el encargado de organizar brillantemente esta edici\u00f3n del campeonato este fin de semana en la Ciudad Deportiva de Zamora. Hasta nuestra ciudad se desplazaron cerca de sesenta arqueros de toda Castilla y Le\u00f3n entre los cuales estuvieron <strong>\u00c1lvaro Artime, Javier Sastre <\/strong>y<strong> Beatriz Manso<\/strong> en categor\u00eda junior y modalidad recurvo. <strong>Manuel Artime, Jos\u00e9 Manuel Quintano, Henar Quintano, Ramiro Portales<\/strong> y <strong>Jos\u00e9 Luis Delgado<\/strong> como senior de arco recurvo y <strong>Mati Pe\u00f1a, Carlos Garc\u00eda<\/strong> y <strong>Daniel Garc\u00eda<\/strong> como senior en arco compuesto. <a href=\"http:\/\/www.arqueroszamora.es\/wp-content\/uploads\/2016\/07\/DSC03559.jpg\" target=\"_blank\"><img loading=\"lazy\" decoding=\"async\" class=\"alignright wp-image-1545 size-medium\" src=\"http:\/\/www.arqueroszamora.es\/wp-content\/uploads\/2016\/07\/DSC03559-300x225.jpg\" alt=\"DSC03559\" width=\"300\" height=\"225\" srcset=\"http:\/\/www.arqueroszamora.es\/wp-content\/uploads\/2016\/07\/DSC03559-300x225.jpg 300w, http:\/\/www.arqueroszamora.es\/wp-content\/uploads\/2016\/07\/DSC03559.jpg 640w\" sizes=\"auto, (max-width: 300px) 100vw, 300px\" \/><\/a><br \/>\nCabe destacar entre los asistentes a Jos\u00e9 Manuel Mar\u00edn, jienense afincado en Valladolid y que ha participado en las tres \u00faltimas olimpiadas paral\u00edmpicas.<br \/>\n<a href=\"http:\/\/www.arqueroszamora.es\/wp-content\/uploads\/2016\/07\/DSC03929.jpg\"><img loading=\"lazy\" decoding=\"async\" class=\"alignleft wp-image-1547 size-medium\" src=\"http:\/\/www.arqueroszamora.es\/wp-content\/uploads\/2016\/07\/DSC03929-225x300.jpg\" alt=\"DSC03929\" width=\"225\" height=\"300\" srcset=\"http:\/\/www.arqueroszamora.es\/wp-content\/uploads\/2016\/07\/DSC03929-225x300.jpg 225w, http:\/\/www.arqueroszamora.es\/wp-content\/uploads\/2016\/07\/DSC03929.jpg 384w\" sizes=\"auto, (max-width: 225px) 100vw, 225px\" \/><\/a>La competici\u00f3n tuvo el formato de los grandes premios de Espa\u00f1a. Es decir, con la clasificaci\u00f3n junior quedaba establecido el podio de campeones directamente y con su marca pod\u00edan acceder a las eliminatorias de senior. En base a esto <strong>\u00c1lvaro Artime<\/strong> se proclam\u00f3 campe\u00f3n y <strong>Javier Sastre<\/strong> le secund\u00f3 en el podio con la plata.<br \/>\nSe lanzaron las tandas clasificatorias y en ellas entraron todos menos <strong>Daniel<\/strong> , que no tuvo buen d\u00eda. Despu\u00e9s de hacer eliminatorias desde octavos de final la suerte abandon\u00f3 a <strong>Jos\u00e9 Luis, Ramiro, Javier Sastre<\/strong>, <strong>Beatriz Manso<\/strong> y <strong>Manuel Artime<\/strong> que cayeron en cuartos.<br \/>\nEn semis cayeron <strong>Mati Pe\u00f1a<\/strong> y <strong>Carlos Garc\u00eda<\/strong>, <strong>Quintano<\/strong> y <strong>\u00c1lvaro Artime<\/strong>, quedando condenados a pelear por el bronce, bronce que s\u00f3lo alcanzar\u00edan <strong>Mati<\/strong> y <strong>\u00c1lvaro<\/strong>. Carlos cay\u00f3 frente al vallisoletano <strong>Jorge Espinilla<\/strong> y <strong>Quintano<\/strong> frente a <strong>\u00c1lvaro Artime<\/strong>. Los dos ser\u00edan cuartos y diploma.<br \/>\n<strong>Henar Quintano<\/strong> hizo un campeonato muy regular y desde el principio mostr\u00f3 su poder\u00edo frente a rivales importantes. A pesar de todo confi\u00f3 en sus posibilidades y se plant\u00f3 en la final frente a la cadete, <strong>\u00c1ngela Garrote<\/strong>, que compet\u00eda como junior y senior y a la que gan\u00f3 con relativa comodidad. Oro merecid\u00edsimo para <strong>Henar<\/strong> que lo celebr\u00f3 con todos los compa\u00f1eros de club. Con este oro, el club se colocaba segundo en el medallero.<br \/>\nAcabada la competici\u00f3n se hizo entrega de medallas a los ganadores por parte los delegados provinciales presentes del presidente de la FTACYL que aprovech\u00f3 la ocasi\u00f3n para alabar la buena organizaci\u00f3n mostrada.<br \/>\nEste campeonato era la pen\u00faltima prueba oficial de aire libre. El Pr\u00f3ximo fin de semana ser\u00e1 el Campeonato de Espa\u00f1a de Clubes en Alcobendas y a \u00e9l acudir\u00e1n los dos equipos que el club tiene inscritos: <strong>Mot\u00edn de la Trucha<\/strong>, masculino de arco recurvo, y, <strong>Ocellum Duri<\/strong>, femenino de arco compuesto y que intentar\u00e1n revalidar el t\u00edtulo de campeonas conseguido en 2015.<\/p>\n<p><a href=\"http:\/\/www.arqueroszamora.es\/wp-content\/uploads\/2016\/07\/DSC03845.jpg\"><img loading=\"lazy\" decoding=\"async\" class=\"aligncenter size-full wp-image-1546\" src=\"http:\/\/www.arqueroszamora.es\/wp-content\/uploads\/2016\/07\/DSC03845.jpg\" alt=\"DSC03845\" width=\"640\" height=\"480\" srcset=\"http:\/\/www.arqueroszamora.es\/wp-content\/uploads\/2016\/07\/DSC03845.jpg 640w, http:\/\/www.arqueroszamora.es\/wp-content\/uploads\/2016\/07\/DSC03845-300x225.jpg 300w\" sizes=\"auto, (max-width: 640px) 100vw, 640px\" \/><\/a><\/p>\n","protected":false},"excerpt":{"rendered":"<p>El CD Arqueros Zamora Reny Picot fue el encargado de organizar brillantemente esta edici\u00f3n del campeonato este fin de semana en la Ciudad Deportiva de Zamora. Hasta nuestra ciudad se desplazaron cerca de sesenta arqueros de toda Castilla y Le\u00f3n entre los cuales estuvieron \u00c1lvaro Artime, Javier Sastre y Beatriz Manso en categor\u00eda junior y\u2026 <span class=\"read-more\"><a href=\"http:\/\/www.arqueroszamora.es\/index.php\/2016\/07\/29\/buena-actuacion-de-los-arqueros-zamoranos-en-el-campeonato-territorial-absoluto-y-junior-y-campeonato-de-arco-adaptado\/\">Leer m\u00e1s &raquo;<\/a><\/span><\/p>\n","protected":false},"author":1,"featured_media":0,"comment_status":"open","ping_status":"open","sticky":false,"template":"","format":"standard","meta":{"footnotes":""},"categories":[7],"tags":[],"class_list":["post-1544","post","type-post","status-publish","format-standard","hentry","category-noticias"],"_links":{"self":[{"href":"http:\/\/www.arqueroszamora.es\/index.php\/wp-json\/wp\/v2\/posts\/1544","targetHints":{"allow":["GET"]}}],"collection":[{"href":"http:\/\/www.arqueroszamora.es\/index.php\/wp-json\/wp\/v2\/posts"}],"about":[{"href":"http:\/\/www.arqueroszamora.es\/index.php\/wp-json\/wp\/v2\/types\/post"}],"author":[{"embeddable":true,"href":"http:\/\/www.arqueroszamora.es\/index.php\/wp-json\/wp\/v2\/users\/1"}],"replies":[{"embeddable":true,"href":"http:\/\/www.arqueroszamora.es\/index.php\/wp-json\/wp\/v2\/comments?post=1544"}],"version-history":[{"count":0,"href":"http:\/\/www.arqueroszamora.es\/index.php\/wp-json\/wp\/v2\/posts\/1544\/revisions"}],"wp:attachment":[{"href":"http:\/\/www.arqueroszamora.es\/index.php\/wp-json\/wp\/v2\/media?parent=1544"}],"wp:term":[{"taxonomy":"category","embeddable":true,"href":"http:\/\/www.arqueroszamora.es\/index.php\/wp-json\/wp\/v2\/categories?post=1544"},{"taxonomy":"post_tag","embeddable":true,"href":"http:\/\/www.arqueroszamora.es\/index.php\/wp-json\/wp\/v2\/tags?post=1544"}],"curies":[{"name":"wp","href":"https:\/\/api.w.org\/{rel}","templated":true}]}}