{"id":1558,"date":"2016-10-17T21:13:25","date_gmt":"2016-10-17T20:13:25","guid":{"rendered":"http:\/\/www.arqueroszamora.es\/?p=1558"},"modified":"2016-10-20T11:10:26","modified_gmt":"2016-10-20T10:10:26","slug":"convocatoria-asamblea-general-extraordinaria-del-club-arqueros-zamora","status":"publish","type":"post","link":"http:\/\/www.arqueroszamora.es\/index.php\/2016\/10\/17\/convocatoria-asamblea-general-extraordinaria-del-club-arqueros-zamora\/","title":{"rendered":"CONVOCATORIA ASAMBLEA GENERAL EXTRAORDINARIA DEL CLUB ARQUEROS ZAMORA."},"content":{"rendered":"<p><a href=\"http:\/\/www.arqueroszamora.es\/wp-content\/uploads\/2013\/10\/LogoArquerosZamora.jpg\"><img loading=\"lazy\" decoding=\"async\" class=\"align left wp-image-979\" src=\"http:\/\/www.arqueroszamora.es\/wp-content\/uploads\/2013\/10\/LogoArquerosZamora.jpg\" alt=\"LogoArquerosZamora\" width=\"145\" height=\"113\" srcset=\"http:\/\/www.arqueroszamora.es\/wp-content\/uploads\/2013\/10\/LogoArquerosZamora.jpg 360w, http:\/\/www.arqueroszamora.es\/wp-content\/uploads\/2013\/10\/LogoArquerosZamora-300x235.jpg 300w\" sizes=\"auto, (max-width: 145px) 100vw, 145px\" \/><\/a><\/p>\n<p>POR LA PRESENTE SE CONVOCA A TODOS LOS SOCIOS DEL CLUB A LA ASAMBLEA GENERAL EXTRAORDINARIA QUE SE CELEBRAR\u00c1 EL D\u00cdA <strong>24 DE OCTUBRE DE 2016 A LAS 20:30h<\/strong>. EN LA SALA <span style=\"font-size: large;\"><span style=\"text-decoration: underline;\"><b>A<\/b><\/span><\/span> DE LA CASA DEL DEPORTE. ( Se entra desde el aparcamiento de los pirag\u00fcistas).<\/p>\n<p>ORDEN DEL D\u00cdA:<\/p>\n<ol>\n<li><span style=\"color: #003366;\">Presentaci\u00f3n de la memoria econ\u00f3mica del club.<\/span><\/li>\n<li><span style=\"color: #003366;\">Presentaci\u00f3n de la Memoria deportiva del club.<\/span><\/li>\n<li><span style=\"color: #003366;\">Aprobaci\u00f3n, si procede, del Reglamento Electoral del Club<\/span><\/li>\n<li><span style=\"color: #003366;\">Disoluci\u00f3n del la Junta Directiva.<\/span><\/li>\n<li><span style=\"color: #003366;\">Nombramiento de la Junta Gestora.<\/span><\/li>\n<li><span style=\"color: #003366;\">Convocatoria de elecciones generales del Club.<\/span><\/li>\n<li><span style=\"color: #003366;\">Nombramiento de la Junta Electoral.<\/span><\/li>\n<li><span style=\"color: #003366;\">Ruegos y preguntas.<\/span><\/li>\n<\/ol>\n<p><span style=\"text-decoration: underline;\"><b>Nota<\/b><\/span>: SE CONSIDERAN SOCIOS CON DERECHO A VOZ Y VOTO LOS SOCIOS CON LAS SIGUIENTES CIRCUNSTANCIAS:<\/p>\n<p>.- SER MAYOR DE 16 A\u00d1O.<\/p>\n<p>.- TENER UNA ANTIG\u00dcEDAD M\u00cdNIMA EN EL CLUB DE UN A\u00d1O.<\/p>\n<p>LO ANTERIOR NO EXCLUYE QUE PUEDA ASISTIR, AUNQUE SIN VOZ NI VOTO EN DICHA ASAMBLEA CUALQUIER SOCIO CON LICENCIA EN 2016. EN REPRESENTACI\u00d3N DE LOS MENORES DE EDAD PUEDEN ASISTIR SUS TUTORES LEGALES.<\/p>\n<p>En Zamora a 17 de octubre de 2016.<\/p>\n<p>Daniel Valent\u00edn Garc\u00eda Ferrero<\/p>\n<p>Pte, del C.D.Arquero Zamora<\/p>\n","protected":false},"excerpt":{"rendered":"<p>POR LA PRESENTE SE CONVOCA A TODOS LOS SOCIOS DEL CLUB A LA ASAMBLEA GENERAL EXTRAORDINARIA QUE SE CELEBRAR\u00c1 EL D\u00cdA 24 DE OCTUBRE DE 2016 A LAS 20:30h. EN LA SALA A DE LA CASA DEL DEPORTE. ( Se entra desde el aparcamiento de los pirag\u00fcistas). ORDEN DEL D\u00cdA: Presentaci\u00f3n de la memoria econ\u00f3mica\u2026 <span class=\"read-more\"><a href=\"http:\/\/www.arqueroszamora.es\/index.php\/2016\/10\/17\/convocatoria-asamblea-general-extraordinaria-del-club-arqueros-zamora\/\">Leer m\u00e1s &raquo;<\/a><\/span><\/p>\n","protected":false},"author":1,"featured_media":0,"comment_status":"open","ping_status":"open","sticky":false,"template":"","format":"standard","meta":{"footnotes":""},"categories":[7],"tags":[],"class_list":["post-1558","post","type-post","status-publish","format-standard","hentry","category-noticias"],"_links":{"self":[{"href":"http:\/\/www.arqueroszamora.es\/index.php\/wp-json\/wp\/v2\/posts\/1558","targetHints":{"allow":["GET"]}}],"collection":[{"href":"http:\/\/www.arqueroszamora.es\/index.php\/wp-json\/wp\/v2\/posts"}],"about":[{"href":"http:\/\/www.arqueroszamora.es\/index.php\/wp-json\/wp\/v2\/types\/post"}],"author":[{"embeddable":true,"href":"http:\/\/www.arqueroszamora.es\/index.php\/wp-json\/wp\/v2\/users\/1"}],"replies":[{"embeddable":true,"href":"http:\/\/www.arqueroszamora.es\/index.php\/wp-json\/wp\/v2\/comments?post=1558"}],"version-history":[{"count":0,"href":"http:\/\/www.arqueroszamora.es\/index.php\/wp-json\/wp\/v2\/posts\/1558\/revisions"}],"wp:attachment":[{"href":"http:\/\/www.arqueroszamora.es\/index.php\/wp-json\/wp\/v2\/media?parent=1558"}],"wp:term":[{"taxonomy":"category","embeddable":true,"href":"http:\/\/www.arqueroszamora.es\/index.php\/wp-json\/wp\/v2\/categories?post=1558"},{"taxonomy":"post_tag","embeddable":true,"href":"http:\/\/www.arqueroszamora.es\/index.php\/wp-json\/wp\/v2\/tags?post=1558"}],"curies":[{"name":"wp","href":"https:\/\/api.w.org\/{rel}","templated":true}]}}