{"id":1594,"date":"2017-01-15T21:02:01","date_gmt":"2017-01-15T20:02:01","guid":{"rendered":"http:\/\/www.arqueroszamora.es\/?p=1594"},"modified":"2017-01-16T18:06:04","modified_gmt":"2017-01-16T17:06:04","slug":"resultados-y-fotografias-del-campeonato-provincial","status":"publish","type":"post","link":"http:\/\/www.arqueroszamora.es\/index.php\/2017\/01\/15\/resultados-y-fotografias-del-campeonato-provincial\/","title":{"rendered":"Cr\u00f3nica, fotograf\u00edas y resultados del Campeonato Provincial"},"content":{"rendered":"<p style=\"text-align: left;\"><img loading=\"lazy\" decoding=\"async\" class=\"alignleft wp-image-1602\" src=\"http:\/\/www.arqueroszamora.es\/wp-content\/uploads\/2017\/01\/DSC06900-1024x278.png\" width=\"700\" height=\"190\" srcset=\"http:\/\/www.arqueroszamora.es\/wp-content\/uploads\/2017\/01\/DSC06900-1024x278.png 1024w, http:\/\/www.arqueroszamora.es\/wp-content\/uploads\/2017\/01\/DSC06900-300x81.png 300w, http:\/\/www.arqueroszamora.es\/wp-content\/uploads\/2017\/01\/DSC06900-768x209.png 768w, http:\/\/www.arqueroszamora.es\/wp-content\/uploads\/2017\/01\/DSC06900.png 1300w\" sizes=\"auto, (max-width: 700px) 100vw, 700px\" \/><\/p>\n<p style=\"text-align: left;\">El <strong>CD Arqueros Zamora Reny Picot<\/strong> fue el encargado de organizar a lo largo del fin de semana el campeonato provincial de tiro con arco en sala en la Ciudad Deportiva al que asistieron\u00a0 cerca de medio centenar de deportistas desde los benjamines hasta los senior bajo las modalidades de arco recurvo y compuesto. Pr\u00e1cticamente todos fueron del club capitalino y algunos del benaventano.<\/p>\n<p style=\"text-align: left;\">El campeonato estuvo dirigido por los <strong>jueces Javier Alonso<\/strong>, <strong>Javier Sastre<\/strong> y <strong>Bel\u00e9n Montero<\/strong>.<img loading=\"lazy\" decoding=\"async\" class=\"alignleft size-medium wp-image-1601\" src=\"http:\/\/www.arqueroszamora.es\/wp-content\/uploads\/2017\/01\/lnea-de-tiro-menores-2-300x217.jpg\" alt=\"\" width=\"300\" height=\"217\" srcset=\"http:\/\/www.arqueroszamora.es\/wp-content\/uploads\/2017\/01\/lnea-de-tiro-menores-2-300x217.jpg 300w, http:\/\/www.arqueroszamora.es\/wp-content\/uploads\/2017\/01\/lnea-de-tiro-menores-2-768x556.jpg 768w, http:\/\/www.arqueroszamora.es\/wp-content\/uploads\/2017\/01\/lnea-de-tiro-menores-2-1024x742.jpg 1024w\" sizes=\"auto, (max-width: 300px) 100vw, 300px\" \/><\/p>\n<p style=\"text-align: left;\">A lo largo de la tarde del s\u00e1bado fueron los menores los que pusieron en liza su habilidad dejando patente que en Zamora hay cantera. En benjamines fueron <strong>Diego S\u00e1nchez<\/strong>, <strong>Aar\u00f3n Rodr\u00edguez<\/strong> y <strong>Enma Piedra<\/strong> los ganadores. El p\u00f3dium de alev\u00edn femenino estuvo\u00a0 copado por el oro de\u00a0 <strong>Olivia Lorenzo<\/strong>, la plata de <strong>Luc\u00eda Barroso<\/strong> y\u00a0 el bronce de <strong>Paula Delgado<\/strong>. En alev\u00edn masculino <strong>Josu\u00e9 Fern\u00e1ndez<\/strong>, <strong>Alberto Santos<\/strong> e <strong>Iv\u00e1n Gonz\u00e1lez<\/strong> consiguieron el oro, plata y bronce respectivamente.<\/p>\n<p style=\"text-align: left;\">Los infantiles ganadores fueron <strong>Jaime de Salvador<\/strong>, <strong>Vera Lorenzo<\/strong> y <strong>Marina Fuentes<\/strong> en arco recurvo y <strong>Mario Mart\u00edn<\/strong> con arco compuesto. Tanto <strong>Jaime<\/strong> como <strong>Marina<\/strong> se estrenaban en competici\u00f3n y respondieron a las expectativas puestas en ellos.<\/p>\n<p style=\"text-align: left;\">El domingo les toc\u00f3 turno a los mayores, desde cadetes hasta senior. Se desarroll\u00f3 la competici\u00f3n siguiendo el formato de los grandes premios de Espa\u00f1a: los cadetes ten\u00edan su propio campeonato y el podio sal\u00eda de las tandas clasificatorias, pero su puntuaci\u00f3n era v\u00e1lida para entrar en las eliminatorias de los senior. Destacar que <strong>Mario Mart\u00edn<\/strong>, infantil, tir\u00f3 de nuevo, esta vez como cadete, y volvi\u00f3 a destacar. Como cadete hizo una muy buena clasificatoria. Gan\u00f3 su medalla y adem\u00e1s se meti\u00f3\u00a0 en las eliminatorias de senior\u00a0 en cuarto lugar. Su primer enfrentamiento fue contra <strong>Daniel Garc\u00eda<\/strong> y perdi\u00f3 de forma muy digna. Esta derrota le llev\u00f3 a pelear el bronce contra el benaventano <strong>Bienvenido Corral<\/strong>, que hab\u00eda perdido contra <strong>Fernando Calzada<\/strong>, al que gan\u00f3 y le llev\u00f3\u00a0 merecidamente al podio.<\/p>\n<p style=\"text-align: left;\">La final de arco compuesto la pelearon <strong>Daniel Garc\u00eda<\/strong> y <strong>Fernando Calzada<\/strong>. Este \u00faltimo fue el merecido ganador a pesar de que <strong>Daniel<\/strong> se lo puso dif\u00edcil.<\/p>\n<p style=\"text-align: left;\"><strong>Matilde Pe\u00f1a<\/strong>, representante femenina en arco compuesto, no s\u00f3lo fue campeona sino que logro su mejor marca personal de la temporada.<\/p>\n<p style=\"text-align: left;\">En arco recurvo cadete femenino el podio\u00a0 fue para <strong>Raquel Gonz\u00e1lez<\/strong>, <strong>M\u00f3nica Fern\u00e1ndez<\/strong> y<strong> Malena Delgado<\/strong> con muy buena puntuaci\u00f3n para <strong>Raquel<\/strong> y <strong>M\u00f3nica<\/strong> que las metieron en las eliminatorias de senior.<br \/>\nPor parte de los cadetes de arco recurvo <strong>Luis Prada<\/strong> y <strong>Jorge \u00c1lvarez<\/strong> se encargaron de disputarse el oro y la plata, siendo el oro para <strong>Luis<\/strong> de forma muy clara.<\/p>\n<p style=\"text-align: left;\"><img loading=\"lazy\" decoding=\"async\" class=\"size-medium wp-image-1603 alignright\" src=\"http:\/\/www.arqueroszamora.es\/wp-content\/uploads\/2017\/01\/IMG_8512-300x200.jpg\" alt=\"\" width=\"300\" height=\"200\" srcset=\"http:\/\/www.arqueroszamora.es\/wp-content\/uploads\/2017\/01\/IMG_8512-300x200.jpg 300w, http:\/\/www.arqueroszamora.es\/wp-content\/uploads\/2017\/01\/IMG_8512-768x512.jpg 768w, http:\/\/www.arqueroszamora.es\/wp-content\/uploads\/2017\/01\/IMG_8512.jpg 1024w\" sizes=\"auto, (max-width: 300px) 100vw, 300px\" \/>Las f\u00e9minas senior que entraron en eliminatorias de semifinales\u00a0 fueron <strong>Henar Quintano<\/strong>, gran campeonato el realizado por esta arquera, <strong>Raquel Gonz\u00e1lez<\/strong>, <strong>M\u00f3nica Fern\u00e1ndez<\/strong> y <strong>Judith Sastre<\/strong>. <strong>Henar<\/strong> elimin\u00f3 claramente a <strong>Judith<\/strong> y <strong>Raquel<\/strong> a <strong>M\u00f3nica<\/strong>. En la lucha por el bronce fue <strong>M\u00f3nica<\/strong> quien se llev\u00f3 el gato al agua. La final entre <strong>Henar<\/strong> y <strong>Raquel<\/strong> tuvo poca pelea dado que <strong>Henar<\/strong> s\u00f3lo permiti\u00f3 que <strong>Raquel<\/strong> le hiciera 2 de los 6 puntos posibles y subi\u00f3 a lo m\u00e1s alto del caj\u00f3n merecidamente.<\/p>\n<p style=\"text-align: left;\">Las tandas clasificatorias para las eliminatorias de senior masculino\u00a0 dejaron\u00a0 para los cuartos de final a <strong>Jos\u00e9 Luis Delgado, Ramiro Portales, Jos\u00e9 Manuel Quintano, Manuel Artime, Luis Prada, Jorge \u00c1lvarez, Manuel Laguno<\/strong> y <strong>Mario D\u00edaz<\/strong>. En la primera ronda pasaron <strong>Jos\u00e9 Luis, Ramiro, Jos\u00e9 Manuel<\/strong> y <strong>Luis<\/strong>, \u00e9ste despu\u00e9s de llegar a empatar 5-5 y\u00a0 tirar una emocionante\u00a0 flecha de desempate contra <strong>Artime<\/strong>. En las semifinales le toc\u00f3 contra <strong>Jos\u00e9 Luis<\/strong>, a la postre campe\u00f3n, y perdi\u00f3 6-4 tras ir ganando 4-0. Tendr\u00eda que disputar el bronce contra <strong>Jos\u00e9 Manuel<\/strong> contra el que tambi\u00e9n empat\u00f3 5-5 y de nuevo flecha de desempate\u00a0 que le llev\u00f3 a ganar el bronce.<\/p>\n<p style=\"text-align: left;\">La final de senior entre <strong>Jos\u00e9 Luis<\/strong>\u00a0 y <strong>Ramiro<\/strong> fue tensa, emocionante y para tener tambi\u00e9n los nervios templados. Al igual que <strong>Luis<\/strong>, llegaron a empatar 5-5 y lanzar la fat\u00eddica flecha de desempate. Los dos hicieron un diez, pero el de <strong>Jos\u00e9 Luis<\/strong> fue m\u00e1s centrado y para \u00e9l fue el oro.<\/p>\n<p style=\"text-align: left;\">Destacar el papel del infantil y de los cadetes que participaron. Todos ellos est\u00e1n dentro del plan de Tecnificaci\u00f3n de Castilla y\u00a0 Le\u00f3n. El entrenamiento est\u00e1 dando sus frutos, se codearon de t\u00fa a t\u00fa sin complejos contra los senior.<\/p>\n<p style=\"text-align: center;\"><a href=\"https:\/\/goo.gl\/photos\/8f3Gx8mXYCDQiPxL8\" target=\"_blank\">F O T O G R A F I A S<\/a><\/p>\n<p style=\"text-align: center;\">____________________________________<\/p>\n<p style=\"text-align: center;\"><span style=\"color: #666699;\"><strong><span style=\"color: #ff6600;\">EDADES<\/span> <\/strong><\/span><\/p>\n<p style=\"text-align: center;\"><a href=\"http:\/\/www.arqueroszamora.es\/wp-content\/uploads\/2017\/01\/clasificacion-provincial-sala-edades-2017.pdf\" target=\"_blank\">CLASIFICACIONES<\/a><\/p>\n<p style=\"text-align: center;\">____________________________________<\/p>\n<p style=\"text-align: center;\"><span style=\"color: #ff6600;\"><strong>JUNIOR Y SENIOR<\/strong><\/span><\/p>\n<p style=\"text-align: center;\"><a href=\"http:\/\/www.arqueroszamora.es\/wp-content\/uploads\/2017\/01\/resultados-clasificatoria-provincial-sala-cadete-y-senior-2017.pdf\" target=\"_blank\">RESULTADOS CLASIFICATORIO<\/a> &#8211; <a href=\"http:\/\/www.arqueroszamora.es\/wp-content\/uploads\/2017\/01\/resultados-senior-provincial-sala-2017.pdf\" target=\"_blank\">RESULTADOS ARQUEROS SENIOR<\/a><\/p>\n<p style=\"text-align: center;\"><a href=\"http:\/\/www.arqueroszamora.es\/wp-content\/uploads\/2017\/01\/cuadros-eliminatorias-provincial-sala-2017.pdf\" target=\"_blank\">CUADROS DE ELIMINATORIAS<\/a><\/p>\n<p style=\"text-align: center;\"><a href=\"http:\/\/www.arqueroszamora.es\/wp-content\/uploads\/2017\/01\/resultados-clasificatoria-provincial-sala-cadete-y-senior-2017-1.pdf\" target=\"_blank\">RESULTADOS CLASIFICATORIA CADETE &#8211; SENIOR<\/a><\/p>\n<p style=\"text-align: center;\"><a href=\"http:\/\/www.arqueroszamora.es\/wp-content\/uploads\/2017\/01\/medallistas-senior-provincial-sala-2017.pdf\" target=\"_blank\">MEDALLISTAS SENIOR<\/a><\/p>\n","protected":false},"excerpt":{"rendered":"<p>El CD Arqueros Zamora Reny Picot fue el encargado de organizar a lo largo del fin de semana el campeonato provincial de tiro con arco en sala en la Ciudad Deportiva al que asistieron\u00a0 cerca de medio centenar de deportistas desde los benjamines hasta los senior bajo las modalidades de arco recurvo y compuesto. Pr\u00e1cticamente\u2026 <span class=\"read-more\"><a href=\"http:\/\/www.arqueroszamora.es\/index.php\/2017\/01\/15\/resultados-y-fotografias-del-campeonato-provincial\/\">Leer m\u00e1s &raquo;<\/a><\/span><\/p>\n","protected":false},"author":1,"featured_media":0,"comment_status":"open","ping_status":"open","sticky":false,"template":"","format":"standard","meta":{"footnotes":""},"categories":[7],"tags":[],"class_list":["post-1594","post","type-post","status-publish","format-standard","hentry","category-noticias"],"_links":{"self":[{"href":"http:\/\/www.arqueroszamora.es\/index.php\/wp-json\/wp\/v2\/posts\/1594","targetHints":{"allow":["GET"]}}],"collection":[{"href":"http:\/\/www.arqueroszamora.es\/index.php\/wp-json\/wp\/v2\/posts"}],"about":[{"href":"http:\/\/www.arqueroszamora.es\/index.php\/wp-json\/wp\/v2\/types\/post"}],"author":[{"embeddable":true,"href":"http:\/\/www.arqueroszamora.es\/index.php\/wp-json\/wp\/v2\/users\/1"}],"replies":[{"embeddable":true,"href":"http:\/\/www.arqueroszamora.es\/index.php\/wp-json\/wp\/v2\/comments?post=1594"}],"version-history":[{"count":0,"href":"http:\/\/www.arqueroszamora.es\/index.php\/wp-json\/wp\/v2\/posts\/1594\/revisions"}],"wp:attachment":[{"href":"http:\/\/www.arqueroszamora.es\/index.php\/wp-json\/wp\/v2\/media?parent=1594"}],"wp:term":[{"taxonomy":"category","embeddable":true,"href":"http:\/\/www.arqueroszamora.es\/index.php\/wp-json\/wp\/v2\/categories?post=1594"},{"taxonomy":"post_tag","embeddable":true,"href":"http:\/\/www.arqueroszamora.es\/index.php\/wp-json\/wp\/v2\/tags?post=1594"}],"curies":[{"name":"wp","href":"https:\/\/api.w.org\/{rel}","templated":true}]}}