{"id":1609,"date":"2017-02-01T20:11:15","date_gmt":"2017-02-01T19:11:15","guid":{"rendered":"http:\/\/www.arqueroszamora.es\/?p=1609"},"modified":"2017-02-01T20:11:15","modified_gmt":"2017-02-01T19:11:15","slug":"campeonato-territorial-absoluto-junior-y-adaptado","status":"publish","type":"post","link":"http:\/\/www.arqueroszamora.es\/index.php\/2017\/02\/01\/campeonato-territorial-absoluto-junior-y-adaptado\/","title":{"rendered":"Campeonato territorial absoluto, junior y adaptado"},"content":{"rendered":"<p>Hasta \u00c1vila se desplazaron nueve integrantes del <strong>CD Arqueros Zamora Reny Picot<\/strong> para disputar el Campeonato Territorial Absoluto, Junior y adaptado de precisi\u00f3n en sala. El evento estuvo organizado por el CD Arqueros Abulenses en el pabell\u00f3n San Antonio.<\/p>\n<div id=\"attachment_1611\" style=\"width: 310px\" class=\"wp-caption alignleft\"><img loading=\"lazy\" decoding=\"async\" aria-describedby=\"caption-attachment-1611\" class=\"size-medium wp-image-1611\" src=\"http:\/\/www.arqueroszamora.es\/wp-content\/uploads\/2017\/02\/un-aspecto-de-la-l\u00ednea-de-tiro-300x225.jpg\" alt=\"\" width=\"300\" height=\"225\" srcset=\"http:\/\/www.arqueroszamora.es\/wp-content\/uploads\/2017\/02\/un-aspecto-de-la-l\u00ednea-de-tiro-300x225.jpg 300w, http:\/\/www.arqueroszamora.es\/wp-content\/uploads\/2017\/02\/un-aspecto-de-la-l\u00ednea-de-tiro-768x576.jpg 768w, http:\/\/www.arqueroszamora.es\/wp-content\/uploads\/2017\/02\/un-aspecto-de-la-l\u00ednea-de-tiro.jpg 800w\" sizes=\"auto, (max-width: 300px) 100vw, 300px\" \/><p id=\"caption-attachment-1611\" class=\"wp-caption-text\">dig<\/p><\/div>\n<p>No fue el mejor d\u00eda de los nuestros en l\u00edneas generales que pudieron estar afectados por la poca temperatura que hizo en el pabell\u00f3n. El bagaje de preseas fue algo exiguo teniendo en cuenta las expectativas que hab\u00eda. En las tandas clasificatorias de recurvo masculino el mejor clasificado fue <strong>Ramiro Portales<\/strong> en sexta posici\u00f3n. En recurvo femenino<strong> Henar Quintano<\/strong> lograba la pole de cara a las eliminatorias con una buena marca. En arco compuesto femenino <strong>Mati Pe\u00f1a<\/strong> se colocaba cuarta. La misma posici\u00f3n alcanzaba el junior <strong>\u00c1lvaro Artime<\/strong> y que le met\u00eda en la lucha de las medallas de senior.<br \/>\nYa en las eliminatorias cayeron en octavos <strong>Jos\u00e9 Manuel Quintano<\/strong> y <strong>Manuel Artime<\/strong> siendo novena su posici\u00f3n final. En cuartos acabaron su andadura <strong>Ramiro<\/strong> y <strong>\u00c1lvaro<\/strong> haciendo buenas eliminatorias pero no lo suficientes para pasar. Su puesto final fue quinto. <strong>\u00c1lvaro<\/strong> a\u00fan se trajo la medalla de consolaci\u00f3n, 4\u00ba, en junior.<br \/>\nS\u00f3lo quedaban para semis <strong>Henar<\/strong> y <strong>Mati<\/strong>. \u00c9sta, perd\u00eda la oportunidad de luchar por el oro al perder contra la palentina <strong>Mar\u00eda G\u00f3mez<\/strong>, quedando as\u00ed relegada a pelear por el bronce, bronce que perder\u00eda frente a la berciana <strong>Beatriz Manuel<\/strong> conform\u00e1ndose con la medalla de chocolate.<br \/>\n<img loading=\"lazy\" decoding=\"async\" class=\"size-medium wp-image-1610 alignright\" src=\"http:\/\/www.arqueroszamora.es\/wp-content\/uploads\/2017\/02\/Participantes-zamoranos-en-\u00c1vila-300x225.jpg\" alt=\"\" width=\"300\" height=\"225\" srcset=\"http:\/\/www.arqueroszamora.es\/wp-content\/uploads\/2017\/02\/Participantes-zamoranos-en-\u00c1vila-300x225.jpg 300w, http:\/\/www.arqueroszamora.es\/wp-content\/uploads\/2017\/02\/Participantes-zamoranos-en-\u00c1vila-768x576.jpg 768w, http:\/\/www.arqueroszamora.es\/wp-content\/uploads\/2017\/02\/Participantes-zamoranos-en-\u00c1vila.jpg 800w\" sizes=\"auto, (max-width: 300px) 100vw, 300px\" \/><br \/>\n<strong>Henar<\/strong> ganar\u00eda su enfrentamiento claramente frente a la salmantina <strong>Eva Fern\u00e1ndez<\/strong> logrando el pase a la lucha por el oro frente a otra buena tiradora de Salamanca: <strong>Alba Garrote<\/strong>. La pelea fue igualada 4-4 en las cuatro primeras entradas. En la \u00faltima y definitiva entrada estaban las espadas en todo lo alto a falta de una sola flecha y los hados quisieron aliarse esta vez con la charra. Plata muy merecida para la zamorana.<br \/>\nDestacar que en este campeonato se presentaba un arquero ciego del club La Flecha que caus\u00f3 sensaci\u00f3n entre los dem\u00e1s participantes por su destreza y ganas de superaci\u00f3n.<br \/>\nEn la entrega de trofeos el presidente de la FTACYL aprovech\u00f3 para presentar a la nueva delegada provincial de Zamora: <strong>Bel\u00e9n Montero Mart\u00edn<\/strong>, que sustituye a <strong>Miguel Su\u00e1rez Barrio<\/strong>.<\/p>\n","protected":false},"excerpt":{"rendered":"<p>Hasta \u00c1vila se desplazaron nueve integrantes del CD Arqueros Zamora Reny Picot para disputar el Campeonato Territorial Absoluto, Junior y adaptado de precisi\u00f3n en sala. El evento estuvo organizado por el CD Arqueros Abulenses en el pabell\u00f3n San Antonio. No fue el mejor d\u00eda de los nuestros en l\u00edneas generales que pudieron estar afectados por\u2026 <span class=\"read-more\"><a href=\"http:\/\/www.arqueroszamora.es\/index.php\/2017\/02\/01\/campeonato-territorial-absoluto-junior-y-adaptado\/\">Leer m\u00e1s &raquo;<\/a><\/span><\/p>\n","protected":false},"author":1,"featured_media":0,"comment_status":"open","ping_status":"open","sticky":false,"template":"","format":"standard","meta":{"footnotes":""},"categories":[7],"tags":[],"class_list":["post-1609","post","type-post","status-publish","format-standard","hentry","category-noticias"],"_links":{"self":[{"href":"http:\/\/www.arqueroszamora.es\/index.php\/wp-json\/wp\/v2\/posts\/1609","targetHints":{"allow":["GET"]}}],"collection":[{"href":"http:\/\/www.arqueroszamora.es\/index.php\/wp-json\/wp\/v2\/posts"}],"about":[{"href":"http:\/\/www.arqueroszamora.es\/index.php\/wp-json\/wp\/v2\/types\/post"}],"author":[{"embeddable":true,"href":"http:\/\/www.arqueroszamora.es\/index.php\/wp-json\/wp\/v2\/users\/1"}],"replies":[{"embeddable":true,"href":"http:\/\/www.arqueroszamora.es\/index.php\/wp-json\/wp\/v2\/comments?post=1609"}],"version-history":[{"count":0,"href":"http:\/\/www.arqueroszamora.es\/index.php\/wp-json\/wp\/v2\/posts\/1609\/revisions"}],"wp:attachment":[{"href":"http:\/\/www.arqueroszamora.es\/index.php\/wp-json\/wp\/v2\/media?parent=1609"}],"wp:term":[{"taxonomy":"category","embeddable":true,"href":"http:\/\/www.arqueroszamora.es\/index.php\/wp-json\/wp\/v2\/categories?post=1609"},{"taxonomy":"post_tag","embeddable":true,"href":"http:\/\/www.arqueroszamora.es\/index.php\/wp-json\/wp\/v2\/tags?post=1609"}],"curies":[{"name":"wp","href":"https:\/\/api.w.org\/{rel}","templated":true}]}}