{"id":1613,"date":"2017-02-12T23:43:54","date_gmt":"2017-02-12T22:43:54","guid":{"rendered":"http:\/\/www.arqueroszamora.es\/?p=1613"},"modified":"2017-02-13T15:32:12","modified_gmt":"2017-02-13T14:32:12","slug":"campeonato-territorial-de-sala-menores-y-cadetes","status":"publish","type":"post","link":"http:\/\/www.arqueroszamora.es\/index.php\/2017\/02\/12\/campeonato-territorial-de-sala-menores-y-cadetes\/","title":{"rendered":"Campeonato de Castilla y Le\u00f3n de menores y cadetes en sala"},"content":{"rendered":"<p>La cantera del CD Arqueros Zamora Reny Picot sigue dando frutos cada vez que se ponen delante de la l\u00ednea de tiro.<\/p>\n<p><img loading=\"lazy\" decoding=\"async\" class=\"alignleft size-medium wp-image-1614\" src=\"http:\/\/www.arqueroszamora.es\/wp-content\/uploads\/2017\/02\/linea-de-tiro-300x225.jpg\" alt=\"\" width=\"300\" height=\"225\" srcset=\"http:\/\/www.arqueroszamora.es\/wp-content\/uploads\/2017\/02\/linea-de-tiro-300x225.jpg 300w, http:\/\/www.arqueroszamora.es\/wp-content\/uploads\/2017\/02\/linea-de-tiro-768x576.jpg 768w, http:\/\/www.arqueroszamora.es\/wp-content\/uploads\/2017\/02\/linea-de-tiro-1024x768.jpg 1024w\" sizes=\"auto, (max-width: 300px) 100vw, 300px\" \/>En esta ocasi\u00f3n estaba en juego el campeonato de Castilla y Le\u00f3n de Menores y Cadetes en Sala, organizado por el club La Flecha, de Salamanca y al que acudieron ochenta y cinco tiradores de toda la Comunidad y de los cuales diecinueve eran del club zamorano, la provincia que m\u00e1s arqueros inscribi\u00f3 y todos ellos de la Escuela Municipal de Tiro con Arco. Estuvieron asistidos por siete t\u00e9cnicos.<\/p>\n<p>Los resultados fueron muy buenos teniendo en cuenta que el nivel est\u00e1 subiendo mucho en todas las provincias y no es f\u00e1cil estar en el caj\u00f3n de los elegidos.<\/p>\n<p>Dos oros, una plata, tres bronces y dos diplomas al cuarto y varios quintos puestos fue el bot\u00edn que se vino para Zamora. Las preseas de oro fueron para <strong>Aar\u00f3n Mu\u00f1oz<\/strong> en arco recurvo benjam\u00edn y <strong>Olivia Lorenzo<\/strong> como alev\u00edn recurvo. Los dos ganaron de forma incontestable el lugar m\u00e1s importante del podio. Los dos arqueros se perfilan como buenos arqueros de futuro a poco que se lo propongan.<\/p>\n<p>La plata fue para una debutante, <strong>Enma Piedra<\/strong>, como benjam\u00edn recurvo, y que bien pudo ser el oro si la segunda tanda la hubiese tirado como la primera. Debutar implica pagar un precio en forma de nervios y es lo que le pas\u00f3 a la jovenc\u00edsima <strong>Enma<\/strong>, que a bien seguro en la pr\u00f3xima edici\u00f3n lo har\u00e1 mejor.<\/p>\n<p>Otra debutante, <strong>Luc\u00eda Barroso<\/strong>, tambi\u00e9n subi\u00f3 al caj\u00f3n de las alevines de arco recurvo para recoger su medalla de bronce. Y tambi\u00e9n pudo ser de plata. Al contrario que <strong>Enma<\/strong>, tir\u00f3 peor la segunda manga. A pesar de todo fue un excelente resultado para la \u00fanica arquera con arco de madera e iniciaci\u00f3n frente a los met\u00e1licos y m\u00e1s fiables de sus rivales. Su compa\u00f1era de club y tambi\u00e9n debutante, <strong>Paula Delgado<\/strong>, ser\u00eda cuarta con una muy buena marca. <strong>Daniel Mel\u00f3n<\/strong> e <strong>Iv\u00e1n Gonz\u00e1lez<\/strong>, debutantes, rindieron a buen nivel.<\/p>\n<p>Ya en Infantiles la mejor de las nuestras en esta categor\u00eda fue la veterana <strong>Sara Criado<\/strong> que a pesar de su cansancio prematuro logr\u00f3 el diploma al cuarto puesto. Aqu\u00ed tambi\u00e9n cayeron otras dos arqueras que tienen una buena proyecci\u00f3n: <strong>Vera Lorenzo<\/strong> y <strong>Marta Insua<\/strong>. Las dos ser\u00edan quintas. Excelente resultado. Otras dos debutantes <strong>Marina Fuentes<\/strong> y <strong>Alba Poves<\/strong> se desenvolv\u00edan con soltura y aplomo entre las arqueras experimentadas contra las que se enfrentaron. Llegaron a las eliminatorias con una tremenda dignidad. Las perdieron, era de esperar, pero su actuaci\u00f3n dej\u00f3 muy buen sabor de boca en sus mentores.<\/p>\n<p>Otro quinto puesto ser\u00eda para <strong>Mario Mart\u00edn<\/strong> en arco compuesto que no tuvo su mejor d\u00eda.<\/p>\n<p>En categor\u00eda cadete recurvo <strong>Raquel Garrido<\/strong>, despu\u00e9s de dejar viva a su rival en semis en la lucha por las dos primeras plazas, sub\u00eda al caj\u00f3n para recoger su merecido bronce ganado a <strong>Mar\u00eda Arranz<\/strong>, de Valladolid. Otro cadete, <strong>Luis Prada<\/strong>, que fue de menos a m\u00e1s en el campeonato, se colgaba otro bronce ganado brillantemente frente al burgal\u00e9s <strong>Rub\u00e9n Santiago<\/strong>.<\/p>\n<p>Lo dos debutantes en esta categor\u00eda <strong>Iv\u00e1n Diez<\/strong> y <strong>Malena Delgado<\/strong>\u00a0cumplieron los objetivos que llevaban propuestos.<\/p>\n<p>La entrega de medallas estuvo a cargo del presidente de la FTACYL y los delegados provinciales.<\/p>\n<p><img loading=\"lazy\" decoding=\"async\" class=\"aligncenter wp-image-1616\" src=\"http:\/\/www.arqueroszamora.es\/wp-content\/uploads\/2017\/02\/expedici\u00f3n-zamorana.jpg\" width=\"700\" height=\"525\" srcset=\"http:\/\/www.arqueroszamora.es\/wp-content\/uploads\/2017\/02\/expedici\u00f3n-zamorana.jpg 1152w, http:\/\/www.arqueroszamora.es\/wp-content\/uploads\/2017\/02\/expedici\u00f3n-zamorana-300x225.jpg 300w, http:\/\/www.arqueroszamora.es\/wp-content\/uploads\/2017\/02\/expedici\u00f3n-zamorana-768x576.jpg 768w, http:\/\/www.arqueroszamora.es\/wp-content\/uploads\/2017\/02\/expedici\u00f3n-zamorana-1024x768.jpg 1024w\" sizes=\"auto, (max-width: 700px) 100vw, 700px\" \/><\/p>\n","protected":false},"excerpt":{"rendered":"<p>La cantera del CD Arqueros Zamora Reny Picot sigue dando frutos cada vez que se ponen delante de la l\u00ednea de tiro. En esta ocasi\u00f3n estaba en juego el campeonato de Castilla y Le\u00f3n de Menores y Cadetes en Sala, organizado por el club La Flecha, de Salamanca y al que acudieron ochenta y cinco\u2026 <span class=\"read-more\"><a href=\"http:\/\/www.arqueroszamora.es\/index.php\/2017\/02\/12\/campeonato-territorial-de-sala-menores-y-cadetes\/\">Leer m\u00e1s &raquo;<\/a><\/span><\/p>\n","protected":false},"author":1,"featured_media":0,"comment_status":"open","ping_status":"open","sticky":false,"template":"","format":"standard","meta":{"footnotes":""},"categories":[7],"tags":[],"class_list":["post-1613","post","type-post","status-publish","format-standard","hentry","category-noticias"],"_links":{"self":[{"href":"http:\/\/www.arqueroszamora.es\/index.php\/wp-json\/wp\/v2\/posts\/1613","targetHints":{"allow":["GET"]}}],"collection":[{"href":"http:\/\/www.arqueroszamora.es\/index.php\/wp-json\/wp\/v2\/posts"}],"about":[{"href":"http:\/\/www.arqueroszamora.es\/index.php\/wp-json\/wp\/v2\/types\/post"}],"author":[{"embeddable":true,"href":"http:\/\/www.arqueroszamora.es\/index.php\/wp-json\/wp\/v2\/users\/1"}],"replies":[{"embeddable":true,"href":"http:\/\/www.arqueroszamora.es\/index.php\/wp-json\/wp\/v2\/comments?post=1613"}],"version-history":[{"count":0,"href":"http:\/\/www.arqueroszamora.es\/index.php\/wp-json\/wp\/v2\/posts\/1613\/revisions"}],"wp:attachment":[{"href":"http:\/\/www.arqueroszamora.es\/index.php\/wp-json\/wp\/v2\/media?parent=1613"}],"wp:term":[{"taxonomy":"category","embeddable":true,"href":"http:\/\/www.arqueroszamora.es\/index.php\/wp-json\/wp\/v2\/categories?post=1613"},{"taxonomy":"post_tag","embeddable":true,"href":"http:\/\/www.arqueroszamora.es\/index.php\/wp-json\/wp\/v2\/tags?post=1613"}],"curies":[{"name":"wp","href":"https:\/\/api.w.org\/{rel}","templated":true}]}}