{"id":1630,"date":"2017-04-19T21:09:42","date_gmt":"2017-04-19T20:09:42","guid":{"rendered":"http:\/\/www.arqueroszamora.es\/?p=1630"},"modified":"2017-04-19T21:09:42","modified_gmt":"2017-04-19T20:09:42","slug":"cronica-del-gran-premio-de-espana-de-aragon","status":"publish","type":"post","link":"http:\/\/www.arqueroszamora.es\/index.php\/2017\/04\/19\/cronica-del-gran-premio-de-espana-de-aragon\/","title":{"rendered":"Cronica del Gran Premio de Espa\u00f1a de Arag\u00f3n"},"content":{"rendered":"<p><a href=\"http:\/\/www.arqueroszamora.es\/wp-content\/uploads\/2017\/04\/EXPEDICI\u00d3N-ZAMORANA-EN-EL-GP-DE-ARAG\u00d3N.jpg\"><img loading=\"lazy\" decoding=\"async\" class=\"aligncenter wp-image-1632\" src=\"http:\/\/www.arqueroszamora.es\/wp-content\/uploads\/2017\/04\/EXPEDICI\u00d3N-ZAMORANA-EN-EL-GP-DE-ARAG\u00d3N.jpg\" alt=\"\" width=\"600\" height=\"301\" srcset=\"http:\/\/www.arqueroszamora.es\/wp-content\/uploads\/2017\/04\/EXPEDICI\u00d3N-ZAMORANA-EN-EL-GP-DE-ARAG\u00d3N.jpg 800w, http:\/\/www.arqueroszamora.es\/wp-content\/uploads\/2017\/04\/EXPEDICI\u00d3N-ZAMORANA-EN-EL-GP-DE-ARAG\u00d3N-300x150.jpg 300w, http:\/\/www.arqueroszamora.es\/wp-content\/uploads\/2017\/04\/EXPEDICI\u00d3N-ZAMORANA-EN-EL-GP-DE-ARAG\u00d3N-768x385.jpg 768w\" sizes=\"auto, (max-width: 600px) 100vw, 600px\" \/><\/a><\/p>\n<p>A lo largo del fin de semana se celebr\u00f3 en Mar\u00eda de Huerva, Zaragoza, el <strong>Gran Premio de Espa\u00f1a de Arag\u00f3n<\/strong> de tiro con arco. A \u00e9l asistieron cinco arqueros del CD Arqueros Zamora Reny Picot: <strong>Henar Quintano<\/strong>, <strong>Jos\u00e9 Luis Delgado<\/strong>, <strong>Manuel Artime<\/strong>, <strong>Mario Diez<\/strong> y <strong>Ramiro Portales<\/strong> en arco ol\u00edmpico y <strong>Mati Pe\u00f1a<\/strong> con arco compuesto.<br \/>\nLas condiciones clim\u00e1ticas no fueron las mejores, especialmente por las fuertes rachas de viento que alcanzaron los 50km\/h y que hac\u00edan crear mucha incertidumbre en los arqueros.<\/p>\n<p>Comenzaron el s\u00e1bado por la ma\u00f1ana los arqueros de compuesto. <strong>Mati<\/strong>, a causa del viento, en las primeras 36 flechas no estuvo muy acertada y quedaba la 27 en la clasificaci\u00f3n provisional. En la segunda serie subi\u00f3 algo el nivel y ascendi\u00f3 hasta el puesto 23. Entraba en las eliminatorias de dieciseisavos que tirar\u00eda nada m\u00e1s acabar la clasificatoria contra la palentina <strong>Mar\u00eda G\u00f3mez<\/strong>, varias veces campeona de Espa\u00f1a. La suerte acompa\u00f1\u00f3 a la zamorana y pasaba la siguiente ronda que se disputar\u00eda el domingo.<\/p>\n<p>La tarde del s\u00e1bado, con m\u00e1s viento, si cabe, y amenazando lluvia, entraron en liza los arqueros de arco ol\u00edmpico. Al acabar los mejor colocados eran <strong>Henar<\/strong>, <strong>Jos\u00e9 Luis<\/strong> y <strong>Ramiro<\/strong> que quedaba en el 13, 26 y 31 puesto respectivamente que les daba pase a las eliminatorias. <strong>Artime<\/strong> y <strong>Mario<\/strong> quedaban el 78 y 97 y fuera de eliminatorias. En la pri<a href=\"http:\/\/www.arqueroszamora.es\/wp-content\/uploads\/2017\/04\/MATI-CON-SU-BRONCE-Y-TROFEO.jpg\"><img loading=\"lazy\" decoding=\"async\" class=\" wp-image-1631 alignright\" src=\"http:\/\/www.arqueroszamora.es\/wp-content\/uploads\/2017\/04\/MATI-CON-SU-BRONCE-Y-TROFEO-169x300.jpg\" alt=\"\" width=\"223\" height=\"395\" srcset=\"http:\/\/www.arqueroszamora.es\/wp-content\/uploads\/2017\/04\/MATI-CON-SU-BRONCE-Y-TROFEO-169x300.jpg 169w, http:\/\/www.arqueroszamora.es\/wp-content\/uploads\/2017\/04\/MATI-CON-SU-BRONCE-Y-TROFEO-768x1365.jpg 768w, http:\/\/www.arqueroszamora.es\/wp-content\/uploads\/2017\/04\/MATI-CON-SU-BRONCE-Y-TROFEO-576x1024.jpg 576w, http:\/\/www.arqueroszamora.es\/wp-content\/uploads\/2017\/04\/MATI-CON-SU-BRONCE-Y-TROFEO.jpg 900w\" sizes=\"auto, (max-width: 223px) 100vw, 223px\" \/><\/a>mera eliminatoria cayeron <strong>Jos\u00e9 Luis<\/strong> y <strong>Ramiro<\/strong>. <strong>Henar<\/strong> se deshac\u00eda de su rival con un contundente 7-3.<\/p>\n<p>El domingo amaneci\u00f3 en con condiciones a\u00fan peores. Las r\u00e1fagas de viento hac\u00edan muy dif\u00edcil controlar los disparos en los octavos de final. Tanto <strong>Henar<\/strong> como <strong>Mati<\/strong> comenzaron bien, con posibilidades de ganar las dos, sin embargo <strong>Henar<\/strong> cay\u00f3 derrotada ante una de las favoritas, la balear <strong>Mirian Alarc\u00f3n<\/strong>. El puesto final de <strong>Henar<\/strong> ser\u00eda novena. Buen resultado. <strong>Mati<\/strong> pas\u00f3 su enfrentamiento contra otra arquera internacional, la anfitriona <strong>Julia Benito<\/strong>, con la que tras algunos titubeos por culpa del viento derrot\u00f3 claramente. Pasaba a s\u00ed a disputar los cuartos contra <strong>Luc\u00eda Rodr\u00edguez<\/strong>, segunda en el clasificatorio y muy s\u00f3lida en sus disparos. <strong>Luc\u00eda<\/strong> tuvo problemas con la gesti\u00f3n de dos flechas con las que no puntu\u00f3; <strong>Mati<\/strong> supo aprovechar la inesperada ventaja que le dio su rival y la gan\u00f3. Casi de puntillas se hab\u00eda colado en las semifinales. En \u00e9stas le toc\u00f3 contra una arquera canaria que a pesar de su juventud demostr\u00f3 mucho temple y t\u00e9cnica ganando a <strong>Mati<\/strong> y ya relegada al bronce junto la perdedora de la otra semifinal. El formato de estos Grandes Premios no contempla el enfrentamiento directo por el bronce sino que proclaman autom\u00e1ticamente terceras a las dos que pierden la semifinal. Por tanto, Bronce muy bueno para <strong>Mati<\/strong> que le supo a oro.<br \/>\nSatisfacci\u00f3n entre los zamoranos por los logros en este GP de Arag\u00f3n que era puntuable para el campeonato de Espa\u00f1a de clubes que se celebrar\u00e1 en Alcobendas en Julio.<\/p>\n","protected":false},"excerpt":{"rendered":"<p>A lo largo del fin de semana se celebr\u00f3 en Mar\u00eda de Huerva, Zaragoza, el Gran Premio de Espa\u00f1a de Arag\u00f3n de tiro con arco. A \u00e9l asistieron cinco arqueros del CD Arqueros Zamora Reny Picot: Henar Quintano, Jos\u00e9 Luis Delgado, Manuel Artime, Mario Diez y Ramiro Portales en arco ol\u00edmpico y Mati Pe\u00f1a con\u2026 <span class=\"read-more\"><a href=\"http:\/\/www.arqueroszamora.es\/index.php\/2017\/04\/19\/cronica-del-gran-premio-de-espana-de-aragon\/\">Leer m\u00e1s &raquo;<\/a><\/span><\/p>\n","protected":false},"author":1,"featured_media":0,"comment_status":"open","ping_status":"open","sticky":false,"template":"","format":"standard","meta":{"footnotes":""},"categories":[7],"tags":[],"class_list":["post-1630","post","type-post","status-publish","format-standard","hentry","category-noticias"],"_links":{"self":[{"href":"http:\/\/www.arqueroszamora.es\/index.php\/wp-json\/wp\/v2\/posts\/1630","targetHints":{"allow":["GET"]}}],"collection":[{"href":"http:\/\/www.arqueroszamora.es\/index.php\/wp-json\/wp\/v2\/posts"}],"about":[{"href":"http:\/\/www.arqueroszamora.es\/index.php\/wp-json\/wp\/v2\/types\/post"}],"author":[{"embeddable":true,"href":"http:\/\/www.arqueroszamora.es\/index.php\/wp-json\/wp\/v2\/users\/1"}],"replies":[{"embeddable":true,"href":"http:\/\/www.arqueroszamora.es\/index.php\/wp-json\/wp\/v2\/comments?post=1630"}],"version-history":[{"count":0,"href":"http:\/\/www.arqueroszamora.es\/index.php\/wp-json\/wp\/v2\/posts\/1630\/revisions"}],"wp:attachment":[{"href":"http:\/\/www.arqueroszamora.es\/index.php\/wp-json\/wp\/v2\/media?parent=1630"}],"wp:term":[{"taxonomy":"category","embeddable":true,"href":"http:\/\/www.arqueroszamora.es\/index.php\/wp-json\/wp\/v2\/categories?post=1630"},{"taxonomy":"post_tag","embeddable":true,"href":"http:\/\/www.arqueroszamora.es\/index.php\/wp-json\/wp\/v2\/tags?post=1630"}],"curies":[{"name":"wp","href":"https:\/\/api.w.org\/{rel}","templated":true}]}}