{"id":1645,"date":"2017-06-27T18:55:12","date_gmt":"2017-06-27T17:55:12","guid":{"rendered":"http:\/\/www.arqueroszamora.es\/?p=1645"},"modified":"2017-07-09T18:56:38","modified_gmt":"2017-07-09T17:56:38","slug":"cronica-del-xx-torneo-nacioal-san-pedro-y-v-trofeo-ciudad-de-zamora","status":"publish","type":"post","link":"http:\/\/www.arqueroszamora.es\/index.php\/2017\/06\/27\/cronica-del-xx-torneo-nacioal-san-pedro-y-v-trofeo-ciudad-de-zamora\/","title":{"rendered":"Cr\u00f3nica del XX Torneo Nacioal San Pedro y V Trofeo Ciudad de Zamora"},"content":{"rendered":"<p><a href=\"http:\/\/www.arqueroszamora.es\/wp-content\/uploads\/2017\/07\/arqueros-contemplan-los-impactos.jpg\"><img loading=\"lazy\" decoding=\"async\" class=\"size-medium wp-image-1647 alignleft\" src=\"http:\/\/www.arqueroszamora.es\/wp-content\/uploads\/2017\/07\/arqueros-contemplan-los-impactos-300x225.jpg\" alt=\"\" width=\"300\" height=\"225\" srcset=\"http:\/\/www.arqueroszamora.es\/wp-content\/uploads\/2017\/07\/arqueros-contemplan-los-impactos-300x225.jpg 300w, http:\/\/www.arqueroszamora.es\/wp-content\/uploads\/2017\/07\/arqueros-contemplan-los-impactos-768x576.jpg 768w, http:\/\/www.arqueroszamora.es\/wp-content\/uploads\/2017\/07\/arqueros-contemplan-los-impactos.jpg 1024w\" sizes=\"auto, (max-width: 300px) 100vw, 300px\" \/><\/a>En la ma\u00f1ana de ayer domingo, se celebr\u00f3 el <strong>XX Torneo Nacional San Pedro de Tiro con Arco<\/strong> y <strong>V Trofeo Ciudad de Zamora<\/strong>. El evento fue organizado por la Delegaci\u00f3n de Zamora de Tiro con Arco. Acudieron a la cita cerca de ochenta arqueros de Castilla y Le\u00f3n, Asturias, Galicia, Madrid, Extremadura y Arag\u00f3n atra\u00eddos por la calidad del torneo a pesar de que hubo varios que no pudieron acudir en el \u00faltimo momento. Todos los deportistas fueron obsequiados con unos regalos antes de la competici\u00f3n as\u00ed como con abundante agua, caf\u00e9, pastas y fruta.<\/p>\n<p>Las modalidades que participaban eran de Arco Recurvado Instintivo, Arco Longbow, arco Recurvo y Arco compuesto masculino y femenino.<\/p>\n<p>Las condiciones atmosf\u00e9ricas fueron buenas. Sin calor, ligera brisa y nublado. Pudieron caer records pero no hubo ninguno.<\/p>\n<p>En el XX Torneo San Pedro se dispararon 72 flechas a 70 m. los de arco recurvo,\u00a0 a 50m. los de compuesto y a 30m. y 18m. los de arco tradicional en series de 36 flechas. No hab\u00eda eliminatorias despu\u00e9s de las clasificatorias.<\/p>\n<p>Trece fueron los arqueros zamoranos de arco recurvo y compuesto que se citaron en la hierba en busca de marcas personales y de alguno de los preciados trofeos. Algunos lo consiguieron como <strong>Henar Quintano<\/strong> que refrend\u00f3 las buenas sensaciones que estaba teniendo en los entrenamientos y consigui\u00f3 subir a lo m\u00e1s alto y colgarse el oro en arco recurvo. La otra presea, de bronce, conseguida por los locales, fue de la mano de<strong> \u00c1lvaro Artime<\/strong> que a pesar de no haber entrenado todo lo que deseaba dej\u00f3 muestras de su calidad y compromiso con este deporte.<\/p>\n<p>El resto de los zamoranos estuvieron cerca. La que m\u00e1s fue <strong>Mati Pe\u00f1a<\/strong> en arco compuesto que pas\u00f3 del 5\u00ba puesto al 4\u00ba en un campeonato de menos a m\u00e1s y por muy poco no se llev\u00f3 medalla.<\/p>\n<p><strong>Ignacio Catal\u00e1n<\/strong>, en compuesto; <strong>\u00c1lvaro Sim<\/strong>\u00f3, en arco recurvo; <strong>Juan Pablo Rodr\u00edguez<\/strong> con arco tradicional, y <strong>\u00c1ngel Lorenzo Rojo<\/strong> con longbow fueron tambi\u00e9n los ganadores del XX Torneo san Pedro en la divisi\u00f3n masculina. En la femenina las ganadoras fueron <strong>Ana Alonso<\/strong>, de Valladolid, en arco compuesto; <strong>Henar Quintano<\/strong>, de Zamora, en arco recurvo; <strong>Ana Isabel de la Riva<\/strong>, de Valladolid, en arco tradicional y<strong> Mar\u00eda Luisa<\/strong>, de salamanca, en arco longbow.<a href=\"http:\/\/www.arqueroszamora.es\/wp-content\/uploads\/2017\/07\/Otro-momento-de-la-competii\u00f3n2.jpg\"><img loading=\"lazy\" decoding=\"async\" class=\"size-medium wp-image-1648 alignleft\" src=\"http:\/\/www.arqueroszamora.es\/wp-content\/uploads\/2017\/07\/Otro-momento-de-la-competii\u00f3n2-300x225.jpg\" alt=\"\" width=\"300\" height=\"225\" srcset=\"http:\/\/www.arqueroszamora.es\/wp-content\/uploads\/2017\/07\/Otro-momento-de-la-competii\u00f3n2-300x225.jpg 300w, http:\/\/www.arqueroszamora.es\/wp-content\/uploads\/2017\/07\/Otro-momento-de-la-competii\u00f3n2-768x576.jpg 768w, http:\/\/www.arqueroszamora.es\/wp-content\/uploads\/2017\/07\/Otro-momento-de-la-competii\u00f3n2.jpg 1024w\" sizes=\"auto, (max-width: 300px) 100vw, 300px\" \/><\/a><\/p>\n<p>Acabado este XX Torneo San Pedro se dio paso al IV Trofeo Ciudad de Zamora (coloquialmente llamado trofeo del queso) en el que participaron de nuevo todos los arqueros. Este torneo, muy atractivo pero muy estresante en los tramos finales del mismo, consiste en empezar haciendo una puntuaci\u00f3n m\u00ednima con tres flechas. Los que pasen, en la siguiente ronda deben hacer un punto m\u00e1s. As\u00ed hasta llegar a los 30 puntos en arcos de precisi\u00f3n y hasta 18 puntos los de arco tradicional. Cuatro quesos de leche de oveja curado de 3 kg eran los trofeos. En esta edici\u00f3n del torneo ning\u00fan zamorano pudo hacerse con preciado queso de Reny Picot yendo a parar estos a <strong>Juan Pablo Rodr\u00edguez Santana<\/strong> del CD Arco Astorga en arco Tradicional. <strong>Jos\u00e9 Prieto Prieto<\/strong> del CD Arcomir\u00f3briga se lo llev\u00f3 en arco Longbow. En arco compuesto, el internacional aragon\u00e9s, <strong>Ignacio Catal\u00e1n<\/strong> fue quien gan\u00f3 el queso y en arco recurvo <strong>\u00c1lvaro Sim\u00f3<\/strong>, del CD Arcolid, se lo llev\u00f3 a tierras vallisoletanas.<\/p>\n<p>Acabada la competici\u00f3n se hizo entrega de Trofeos a los ganadores. Al acto asisti\u00f3 el concejal del Ayuntamiento de Zamora, el <strong>Sr. Christoph Strieder<\/strong> que en el acto de clausura agradeci\u00f3 a los presentes su participaci\u00f3n y los emplaz\u00f3 para la nueva edici\u00f3n del 2018.<\/p>\n<p>Acto seguido todos los asistentes y acompa\u00f1antes fueron invitados por la organizaci\u00f3n a un abundante lunch.<\/p>\n<p>Faltaron a esta cita con el arco dos cadetes, del N\u00facleo de Tecnificaci\u00f3n de Zamora, <strong>Laura Merayo Neira<\/strong> y <strong>Raquel Gonz\u00e1lez Garrido<\/strong>. No pudieron estar en Zamora porque ten\u00edan una cita ineludible en Madrid el s\u00e1bado y el domingo para disputar la 3\u00aa jornada de Liga Nacional. Ambas se clasificaron brillantemente el s\u00e1bado para las eliminatorias. <strong>Raquel<\/strong> no pudo con la suya de dieciseisavos. <strong>Laura<\/strong> en cambio, con una clasificatoria muy buena de 591 puntos ( mejor marca personal en competici\u00f3n), fue pasando eliminatorias de 16\u00ba, 8\u00ba, 4\u00ba y se plant\u00f3 en semifinales en las que cay\u00f3 y qued\u00f3 relegada a luchar por la medalla de bronce frente a la vasca <strong>Eire<\/strong> contra la que perdi\u00f3 no sin hacer un gran papel pues las tandas de\u00a0 fueron de 27,28,26,.. puntos obligando a su rival a hacer 29,30,\u2026. Finalmente qued\u00f3 4\u00aa, su mejor posici\u00f3n en competici\u00f3n oficial nacional. Sus mentores saben que tiene nivel para estar entre las 10 primeras de Espa\u00f1a y este fin de semana lo ha demostrado. Ahora a esperar que pueda refrendarlo en el Campeonato de Espa\u00f1a que se celebrar\u00e1 en julio.<\/p>\n<p><a href=\"http:\/\/www.arqueroszamora.es\/wp-content\/uploads\/2017\/07\/Todos-los-que-subieron-al-podio.jpg\"><img loading=\"lazy\" decoding=\"async\" class=\"aligncenter wp-image-1649\" src=\"http:\/\/www.arqueroszamora.es\/wp-content\/uploads\/2017\/07\/Todos-los-que-subieron-al-podio-1024x768.jpg\" alt=\"\" width=\"700\" height=\"525\" srcset=\"http:\/\/www.arqueroszamora.es\/wp-content\/uploads\/2017\/07\/Todos-los-que-subieron-al-podio.jpg 1024w, http:\/\/www.arqueroszamora.es\/wp-content\/uploads\/2017\/07\/Todos-los-que-subieron-al-podio-300x225.jpg 300w, http:\/\/www.arqueroszamora.es\/wp-content\/uploads\/2017\/07\/Todos-los-que-subieron-al-podio-768x576.jpg 768w\" sizes=\"auto, (max-width: 700px) 100vw, 700px\" \/><\/a><\/p>\n","protected":false},"excerpt":{"rendered":"<p>En la ma\u00f1ana de ayer domingo, se celebr\u00f3 el XX Torneo Nacional San Pedro de Tiro con Arco y V Trofeo Ciudad de Zamora. El evento fue organizado por la Delegaci\u00f3n de Zamora de Tiro con Arco. Acudieron a la cita cerca de ochenta arqueros de Castilla y Le\u00f3n, Asturias, Galicia, Madrid, Extremadura y Arag\u00f3n\u2026 <span class=\"read-more\"><a href=\"http:\/\/www.arqueroszamora.es\/index.php\/2017\/06\/27\/cronica-del-xx-torneo-nacioal-san-pedro-y-v-trofeo-ciudad-de-zamora\/\">Leer m\u00e1s &raquo;<\/a><\/span><\/p>\n","protected":false},"author":1,"featured_media":0,"comment_status":"open","ping_status":"open","sticky":false,"template":"","format":"standard","meta":{"footnotes":""},"categories":[7],"tags":[],"class_list":["post-1645","post","type-post","status-publish","format-standard","hentry","category-noticias"],"_links":{"self":[{"href":"http:\/\/www.arqueroszamora.es\/index.php\/wp-json\/wp\/v2\/posts\/1645","targetHints":{"allow":["GET"]}}],"collection":[{"href":"http:\/\/www.arqueroszamora.es\/index.php\/wp-json\/wp\/v2\/posts"}],"about":[{"href":"http:\/\/www.arqueroszamora.es\/index.php\/wp-json\/wp\/v2\/types\/post"}],"author":[{"embeddable":true,"href":"http:\/\/www.arqueroszamora.es\/index.php\/wp-json\/wp\/v2\/users\/1"}],"replies":[{"embeddable":true,"href":"http:\/\/www.arqueroszamora.es\/index.php\/wp-json\/wp\/v2\/comments?post=1645"}],"version-history":[{"count":0,"href":"http:\/\/www.arqueroszamora.es\/index.php\/wp-json\/wp\/v2\/posts\/1645\/revisions"}],"wp:attachment":[{"href":"http:\/\/www.arqueroszamora.es\/index.php\/wp-json\/wp\/v2\/media?parent=1645"}],"wp:term":[{"taxonomy":"category","embeddable":true,"href":"http:\/\/www.arqueroszamora.es\/index.php\/wp-json\/wp\/v2\/categories?post=1645"},{"taxonomy":"post_tag","embeddable":true,"href":"http:\/\/www.arqueroszamora.es\/index.php\/wp-json\/wp\/v2\/tags?post=1645"}],"curies":[{"name":"wp","href":"https:\/\/api.w.org\/{rel}","templated":true}]}}