{"id":1651,"date":"2017-07-09T19:12:30","date_gmt":"2017-07-09T18:12:30","guid":{"rendered":"http:\/\/www.arqueroszamora.es\/?p=1651"},"modified":"2017-07-09T19:12:30","modified_gmt":"2017-07-09T18:12:30","slug":"exito-de-los-arqueros-zamoranos-en-el-campeonato-de-espana-de-tiro-con-arco-absoluto-y-junior","status":"publish","type":"post","link":"http:\/\/www.arqueroszamora.es\/index.php\/2017\/07\/09\/exito-de-los-arqueros-zamoranos-en-el-campeonato-de-espana-de-tiro-con-arco-absoluto-y-junior\/","title":{"rendered":"\u00c9XITO DE LOS ARQUEROS ZAMORANOS EN EL CAMPEONATO DE ESPA\u00d1A DE TIRO CON ARCO ABSOLUTO Y JUNIOR"},"content":{"rendered":"<div id=\"attachment_1654\" style=\"width: 510px\" class=\"wp-caption aligncenter\"><a href=\"http:\/\/www.arqueroszamora.es\/wp-content\/uploads\/2017\/07\/OroEquiposMixtos.jpg\" target=\"_blank\" rel=\"noopener noreferrer\"><img loading=\"lazy\" decoding=\"async\" aria-describedby=\"caption-attachment-1654\" class=\"wp-image-1654\" src=\"http:\/\/www.arqueroszamora.es\/wp-content\/uploads\/2017\/07\/OroEquiposMixtos.jpg\" alt=\"\" width=\"500\" height=\"478\" srcset=\"http:\/\/www.arqueroszamora.es\/wp-content\/uploads\/2017\/07\/OroEquiposMixtos.jpg 800w, http:\/\/www.arqueroszamora.es\/wp-content\/uploads\/2017\/07\/OroEquiposMixtos-300x287.jpg 300w, http:\/\/www.arqueroszamora.es\/wp-content\/uploads\/2017\/07\/OroEquiposMixtos-768x734.jpg 768w\" sizes=\"auto, (max-width: 500px) 100vw, 500px\" \/><\/a><p id=\"caption-attachment-1654\" class=\"wp-caption-text\">Henar Quintano y Pablo Acha, oro por equipos mixtos en al Campeonato de Espa\u00f1a celebrado en Salamanca.<\/p><\/div>\n<p>\u00c9xito rotundo de los arqueros de <strong>CD Arqueros Zamora Reny Picot<\/strong> en el campeonato de Espa\u00f1a Absoluto y Junior de Aire Libre y de Espa\u00f1a de Comunidades Aut\u00f3nomas celebrado desde el viernes hasta el domingo en Salamanca.<\/p>\n<p>Al evento asistieron cerca de 400 arqueros representando a toda Espa\u00f1a. El club zamorano estuvo esta vez representado \u00fanicamente, por distintas circunstancias, por dos atletas pero a fe que lo representaron bien. Dos arqueros y tres medallas: una de oro y dos de bronce. Bot\u00edn muy alto y que probablemente ning\u00fan otro club alcanz\u00f3 tal relaci\u00f3n arqueros prsentados-medallas. Los responsables de tama\u00f1a gesta han sido <strong>Henar Quintano<\/strong> y <strong>\u00c1lvaro Artime<\/strong>. Una, senior y el otro, junior. Oro y bronce para <strong>Henar<\/strong> y bronce para <strong>\u00c1lvaro<\/strong>.<\/p>\n<p>La competici\u00f3n comenz\u00f3 el viernes a las ocho de la ma\u00f1ana para arco compuesto, si bien los nuestros, de arco recurvo u ol\u00edmpico, hasta las 15:00h no comenzaron. Los augurios meteorol\u00f3gicos no eran nada buenos, de hecho, comenzaron con vendaval , aguacero y temperaturas de 15\u00baC. Nada agradable para lanzar flechas con buen tino.<\/p>\n<div id=\"attachment_1653\" style=\"width: 310px\" class=\"wp-caption alignright\"><a href=\"http:\/\/www.arqueroszamora.es\/wp-content\/uploads\/2017\/07\/aspecto-de-la-la-l\u00ednea-de-tiro-en-uno-de-los-turnos.jpg\" target=\"_blank\" rel=\"noopener noreferrer\"><img loading=\"lazy\" decoding=\"async\" aria-describedby=\"caption-attachment-1653\" class=\"wp-image-1653 size-medium\" src=\"http:\/\/www.arqueroszamora.es\/wp-content\/uploads\/2017\/07\/aspecto-de-la-la-l\u00ednea-de-tiro-en-uno-de-los-turnos-300x225.jpg\" alt=\"\" width=\"300\" height=\"225\" srcset=\"http:\/\/www.arqueroszamora.es\/wp-content\/uploads\/2017\/07\/aspecto-de-la-la-l\u00ednea-de-tiro-en-uno-de-los-turnos-300x225.jpg 300w, http:\/\/www.arqueroszamora.es\/wp-content\/uploads\/2017\/07\/aspecto-de-la-la-l\u00ednea-de-tiro-en-uno-de-los-turnos-768x576.jpg 768w, http:\/\/www.arqueroszamora.es\/wp-content\/uploads\/2017\/07\/aspecto-de-la-la-l\u00ednea-de-tiro-en-uno-de-los-turnos.jpg 800w\" sizes=\"auto, (max-width: 300px) 100vw, 300px\" \/><\/a><p id=\"caption-attachment-1653\" class=\"wp-caption-text\">200 arqueros compon\u00edan la l\u00ednea de tiro en cada uno de los dos turnos<\/p><\/div>\n<p>Este inicio de competici\u00f3n era para establecer la clasificaci\u00f3n de cara a las eliminatorias individuales y la formaci\u00f3n de dos tipos de equipos comunitarios: equipos mixtos formados por el mejor hombre y mujer de cada comunidad aut\u00f3noma y equipos de comunidades tanto masculinos como femeninos de arco recurvo y compuesto formados por las tres mejores marcas de hombres y de mujeres. La clasificatoria de los dos fue bastante buena. <strong>Henar<\/strong>, que ha hecho un campeonato muy bueno, de menos a m\u00e1s, con su marca global se colocaba la 7\u00aa individualmente y lograba ser la mejor chica de Castilla y Le\u00f3n que le daba pase a formar el equipo mixto junto al burgal\u00e9s <strong>Pablo Acha<\/strong>, mejor chico. Adem\u00e1s su marca tambi\u00e9n le met\u00eda en el equipo femenino de Castilla y Le\u00f3n junto a la salmantina <strong>Mar\u00eda Bl\u00e1zquez<\/strong> y la vallisoletana <strong>Mar\u00eda Arranz<\/strong>. En las eliminatorias individuales lleg\u00f3 hasta cuartos y en la \u00faltima flecha no pudo con su rival. Su posici\u00f3n final individual fue un muy meritorio 5\u00ba puesto.<\/p>\n<p><strong>\u00c1lvaro Artime<\/strong> aunque acusaba la falta de entrenamiento por sus estudios, era todo pundonor,compromiso y garra. Con una marca cercana a los 600 puntos le otorgaba la d\u00e9cimo tercera posici\u00f3n y se met\u00eda tambi\u00e9n en el equipo junior de Castilla y Le\u00f3n masculino, el cual en el c\u00f3mputo era tercero y ya ten\u00eda, por tanto <strong>\u00c1lvaro<\/strong>, su medalla de plata asegurada dado que los junior no tendr\u00edan eliminatorias por equipos. S\u00ed las tendr\u00eda individualmente cayendo en octavos y acabando en una 9\u00aa posici\u00f3n final mejorando claramente la clasificatoria.<\/p>\n<div id=\"attachment_1652\" style=\"width: 235px\" class=\"wp-caption alignleft\"><a href=\"http:\/\/www.arqueroszamora.es\/wp-content\/uploads\/2017\/07\/\u00c1lvaro-y-Henar-orgullosos-con-sus-preseas.jpg\" target=\"_blank\" rel=\"noopener noreferrer\"><img loading=\"lazy\" decoding=\"async\" aria-describedby=\"caption-attachment-1652\" class=\"wp-image-1652 size-medium\" src=\"http:\/\/www.arqueroszamora.es\/wp-content\/uploads\/2017\/07\/\u00c1lvaro-y-Henar-orgullosos-con-sus-preseas-225x300.jpg\" alt=\"\" width=\"225\" height=\"300\" srcset=\"http:\/\/www.arqueroszamora.es\/wp-content\/uploads\/2017\/07\/\u00c1lvaro-y-Henar-orgullosos-con-sus-preseas-225x300.jpg 225w, http:\/\/www.arqueroszamora.es\/wp-content\/uploads\/2017\/07\/\u00c1lvaro-y-Henar-orgullosos-con-sus-preseas.jpg 600w\" sizes=\"auto, (max-width: 225px) 100vw, 225px\" \/><\/a><p id=\"caption-attachment-1652\" class=\"wp-caption-text\">Alvaro Artime y Henar Quintano<\/p><\/div>\n<p>El s\u00e1bado por la tarde tirar\u00edan los equipos comunitarios hasta el bronce. Henar junto al resto del equipo castellanoleon\u00e9s fueron ganando eliminatorias hasta caer en semifinales. Esto no las amilan\u00f3 y fueron decididas a por el bronce, bronce que ganaron con autoridad. Era la primera medalla de bronce para Henar en un campeonato de Espa\u00f1a.<\/p>\n<p>Tambi\u00e9n el s\u00e1bado tiraron los equipos mixtos, y aqu\u00ed <strong>Henar<\/strong> y <strong>Pablo Acha<\/strong>, arquero de mucha proyecci\u00f3n internacional pese a su juventud, fueron dejando brillantemente atr\u00e1s contrincantes hasta plantarse en la final, final que se disputar\u00eda el domingo por la ma\u00f1ana frente a poderoso equipo gallego formado por el campe\u00f3n de mundo <strong>Miguel Alvari\u00f1o<\/strong> y <strong>Cristina Castr<\/strong>o. La decisi\u00f3n, confianza y determinaci\u00f3n de nuestro equipo, que sab\u00eda no era inferior al gallego, lo llev\u00f3 a ganar con mucha autoridad y colgarse el oro. Segunda medalla para nuestra arquera.<\/p>\n<p>Con este oro <strong>Henar<\/strong> se convert\u00eda en una de las grandes triunfadoras del campeonato.<\/p>\n<p>Gran alegr\u00eda entre los zamoranos presentes, arqueros y amigos porque el club zamorano vuelve a presumir, un a\u00f1o m\u00e1s, de medallistas en campeonatos de Espa\u00f1a y sigue siendo un club de referencia en el panorama nacional.<\/p>\n","protected":false},"excerpt":{"rendered":"<p>\u00c9xito rotundo de los arqueros de CD Arqueros Zamora Reny Picot en el campeonato de Espa\u00f1a Absoluto y Junior de Aire Libre y de Espa\u00f1a de Comunidades Aut\u00f3nomas celebrado desde el viernes hasta el domingo en Salamanca. Al evento asistieron cerca de 400 arqueros representando a toda Espa\u00f1a. El club zamorano estuvo esta vez representado\u2026 <span class=\"read-more\"><a href=\"http:\/\/www.arqueroszamora.es\/index.php\/2017\/07\/09\/exito-de-los-arqueros-zamoranos-en-el-campeonato-de-espana-de-tiro-con-arco-absoluto-y-junior\/\">Leer m\u00e1s &raquo;<\/a><\/span><\/p>\n","protected":false},"author":1,"featured_media":0,"comment_status":"open","ping_status":"open","sticky":false,"template":"","format":"standard","meta":{"footnotes":""},"categories":[7],"tags":[],"class_list":["post-1651","post","type-post","status-publish","format-standard","hentry","category-noticias"],"_links":{"self":[{"href":"http:\/\/www.arqueroszamora.es\/index.php\/wp-json\/wp\/v2\/posts\/1651","targetHints":{"allow":["GET"]}}],"collection":[{"href":"http:\/\/www.arqueroszamora.es\/index.php\/wp-json\/wp\/v2\/posts"}],"about":[{"href":"http:\/\/www.arqueroszamora.es\/index.php\/wp-json\/wp\/v2\/types\/post"}],"author":[{"embeddable":true,"href":"http:\/\/www.arqueroszamora.es\/index.php\/wp-json\/wp\/v2\/users\/1"}],"replies":[{"embeddable":true,"href":"http:\/\/www.arqueroszamora.es\/index.php\/wp-json\/wp\/v2\/comments?post=1651"}],"version-history":[{"count":0,"href":"http:\/\/www.arqueroszamora.es\/index.php\/wp-json\/wp\/v2\/posts\/1651\/revisions"}],"wp:attachment":[{"href":"http:\/\/www.arqueroszamora.es\/index.php\/wp-json\/wp\/v2\/media?parent=1651"}],"wp:term":[{"taxonomy":"category","embeddable":true,"href":"http:\/\/www.arqueroszamora.es\/index.php\/wp-json\/wp\/v2\/categories?post=1651"},{"taxonomy":"post_tag","embeddable":true,"href":"http:\/\/www.arqueroszamora.es\/index.php\/wp-json\/wp\/v2\/tags?post=1651"}],"curies":[{"name":"wp","href":"https:\/\/api.w.org\/{rel}","templated":true}]}}