{"id":1658,"date":"2017-08-08T10:44:10","date_gmt":"2017-08-08T09:44:10","guid":{"rendered":"http:\/\/www.arqueroszamora.es\/?p=1658"},"modified":"2017-08-08T10:44:10","modified_gmt":"2017-08-08T09:44:10","slug":"campeonato-territorial-de-menores-y-cadetes-aire-libre","status":"publish","type":"post","link":"http:\/\/www.arqueroszamora.es\/index.php\/2017\/08\/08\/campeonato-territorial-de-menores-y-cadetes-aire-libre\/","title":{"rendered":"Campeonato territorial de menores y cadetes aire libre"},"content":{"rendered":"<p><img loading=\"lazy\" decoding=\"async\" class=\"alignleft wp-image-979 \" src=\"http:\/\/www.arqueroszamora.es\/wp-content\/uploads\/2013\/10\/LogoArquerosZamora-300x235.jpg\" alt=\"\" width=\"155\" height=\"121\" srcset=\"http:\/\/www.arqueroszamora.es\/wp-content\/uploads\/2013\/10\/LogoArquerosZamora-300x235.jpg 300w, http:\/\/www.arqueroszamora.es\/wp-content\/uploads\/2013\/10\/LogoArquerosZamora.jpg 360w\" sizes=\"auto, (max-width: 155px) 100vw, 155px\" \/>El CD Arqueros Zamora Reny Picot organiz\u00f3, en la Ciudad Deportiva de Zamora, de forma brillante en la ma\u00f1ana del domingo el <strong>Campeonato Territorial de Menores y Cadetes de aire libre<\/strong> al que asistieron sesenta arqueros de pr\u00e1cticamente toda la comunidad. El club zamorano present\u00f3 diecisiete deportistas: dos de categor\u00eda ardilla; dos benjam\u00edn, seis alev\u00edn, tres infantil y cuatro cadete, todos en la modalidad de arco recurvo. Cada categor\u00eda tir\u00f3 setenta y dos flechas a la distancia y diana correspondiente.<\/p>\n<p>La puntuaci\u00f3n de este campeonato era v\u00e1lida como cuarta y \u00faltima prueba de la Liga Territorial de Menores y Cadetes, por tanto al acabar el evento se hicieron dos tipos de podio: el del Campeonato Territorial y el de la Liga Territorial.<\/p>\n<p>Si brillante fue la organizaci\u00f3n del evento m\u00e1s lo fue el nivel exhibido por los nuestros dado que en el campeonato alcanzaron nada menos que cinco oros, tres platas, un bronce y dos diplomas al cuarto, dando lugar a un puesto privilegiado en el medallero territorial.<\/p>\n<div id=\"attachment_1659\" style=\"width: 310px\" class=\"wp-caption alignright\"><a href=\"http:\/\/www.arqueroszamora.es\/wp-content\/uploads\/2017\/08\/aspecto-de-la-l\u00ednea-de-tiro.jpg\" target=\"_blank\" rel=\"noopener noreferrer\"><img loading=\"lazy\" decoding=\"async\" aria-describedby=\"caption-attachment-1659\" class=\"wp-image-1659 size-medium\" src=\"http:\/\/www.arqueroszamora.es\/wp-content\/uploads\/2017\/08\/aspecto-de-la-l\u00ednea-de-tiro-300x225.jpg\" alt=\"\" width=\"300\" height=\"225\" srcset=\"http:\/\/www.arqueroszamora.es\/wp-content\/uploads\/2017\/08\/aspecto-de-la-l\u00ednea-de-tiro-300x225.jpg 300w, http:\/\/www.arqueroszamora.es\/wp-content\/uploads\/2017\/08\/aspecto-de-la-l\u00ednea-de-tiro-768x576.jpg 768w, http:\/\/www.arqueroszamora.es\/wp-content\/uploads\/2017\/08\/aspecto-de-la-l\u00ednea-de-tiro.jpg 1023w\" sizes=\"auto, (max-width: 300px) 100vw, 300px\" \/><\/a><p id=\"caption-attachment-1659\" class=\"wp-caption-text\">Aspecto de la l\u00ednea de tiro<\/p><\/div>\n<p>La cadete <strong>Laura Merayo<\/strong>, en clara ascensi\u00f3n deportiva y muy disciplinada, despleg\u00f3 toda su artiller\u00eda en la clasificatoria y en las eliminatorias para proclamarse brillantemente campeona territorial cadete despu\u00e9s de imponerse en la final a la vallisoletana <strong>Mar\u00eda Arranz<\/strong>. Otro tanto har\u00edan los ardillas <strong>Rodrigo Cristobal<\/strong> y <strong>Silvia Santos<\/strong>, que fueron debutantes en competici\u00f3n y a\u00fan as\u00ed estuvieron a la altura. <strong>Aar\u00f3n Mu\u00f1oz<\/strong>, muy nervioso al comienzo de la prueba, tambi\u00e9n se colg\u00f3 el oro en benjamines. <strong>Luc\u00eda Barroso<\/strong>, pr\u00e1cticamente una novata dado que era su tercera competici\u00f3n, sub\u00eda al podio alev\u00edn con su primer entorchado de oro territorial.<\/p>\n<p>Las platas fueron para la benjam\u00edn <strong>Enma Piedra<\/strong>, la alev\u00edn <strong>Paula Degado<\/strong> y el cadete <strong>Jorge \u00c1lvarez<\/strong>, que hicieron un campeonato extraordinario. Finalmente la alev\u00edn <strong>Olivia Lorenzo<\/strong>, despu\u00e9s de remontar del cuarto al tercer lugar, subir\u00eda al podio con un merecido bronce. Los diplomas al cuarto fueron para <strong>Sara Criado<\/strong> que tuvo que tirar una flecha de desempate en la pelea por el bronce pero no tuvo suerte, y para para la cadete <strong>Raquel Gonz\u00e1lez<\/strong>, arquera que ha progresado mucho, y que por muy poco se le fue el bronce frente a la charra <strong>\u00c1ngela Garrote<\/strong>.<\/p>\n<p>Destacar en este campeonato el podio de las ni\u00f1as alevines zamoranas: <strong>Luc\u00eda Barroso<\/strong>, <strong>Paula Delgado<\/strong> y <strong>Olivia Lorenzo<\/strong> que coparon el podio de forma brillante.<\/p>\n<p><a href=\"http:\/\/www.arqueroszamora.es\/wp-content\/uploads\/2017\/08\/algunas-alevines-prepararan-su-lanzamiento.jpg\" target=\"_blank\" rel=\"noopener noreferrer\"><img loading=\"lazy\" decoding=\"async\" class=\"alignleft wp-image-1660 size-medium\" src=\"http:\/\/www.arqueroszamora.es\/wp-content\/uploads\/2017\/08\/algunas-alevines-prepararan-su-lanzamiento-300x225.jpg\" alt=\"\" width=\"300\" height=\"225\" srcset=\"http:\/\/www.arqueroszamora.es\/wp-content\/uploads\/2017\/08\/algunas-alevines-prepararan-su-lanzamiento-300x225.jpg 300w, http:\/\/www.arqueroszamora.es\/wp-content\/uploads\/2017\/08\/algunas-alevines-prepararan-su-lanzamiento-768x576.jpg 768w, http:\/\/www.arqueroszamora.es\/wp-content\/uploads\/2017\/08\/algunas-alevines-prepararan-su-lanzamiento.jpg 1024w\" sizes=\"auto, (max-width: 300px) 100vw, 300px\" \/><\/a>En la Liga territorial, competici\u00f3n de la regularidad, fueron ocho los metales que los arqueros zamoranos se llevaron a casa: tres oros que fueron cosechados por los benjamines <strong>Enma Piedra<\/strong> y <strong>Aar\u00f3n Mu\u00f1oz<\/strong> y la alev\u00edn <strong>Olivia Lorenzo<\/strong>. Dos platas fueron para la alev\u00edn <strong>Luc\u00eda Barroso<\/strong> y <strong>Daniel Mel\u00f3n<\/strong> y los bronces para los alevines <strong>Paula Delgado<\/strong>, <strong>Iv\u00e1n Gonz\u00e1lez<\/strong> y la cadete <strong>Raquel Gonz\u00e1lez.<\/strong><\/p>\n<p>Gran satisfacci\u00f3n para los arqueros, t\u00e9cnicos, padres y responsables del club que ven d\u00eda tras d\u00eda c\u00f3mo la cantera de este modesto club sigue dando frutos extraordinarios a nivel territorial y nacional para nuestra ciudad.<\/p>\n<p>Esta fue la \u00faltima prueba territorial para los m\u00e1s peque\u00f1os. Para las cadetes, <strong>Laura Merayo<\/strong> y <strong>Raquel Gonz\u00e1lez<\/strong>, a\u00fan les queda otra prueba de fuego antes de coger vacaciones deportivas. Tendr\u00e1n que disputar el campeonato de Espa\u00f1a el pr\u00f3ximo fin de semana en La Coru\u00f1a.<\/p>\n","protected":false},"excerpt":{"rendered":"<p>El CD Arqueros Zamora Reny Picot organiz\u00f3, en la Ciudad Deportiva de Zamora, de forma brillante en la ma\u00f1ana del domingo el Campeonato Territorial de Menores y Cadetes de aire libre al que asistieron sesenta arqueros de pr\u00e1cticamente toda la comunidad. El club zamorano present\u00f3 diecisiete deportistas: dos de categor\u00eda ardilla; dos benjam\u00edn, seis alev\u00edn,\u2026 <span class=\"read-more\"><a href=\"http:\/\/www.arqueroszamora.es\/index.php\/2017\/08\/08\/campeonato-territorial-de-menores-y-cadetes-aire-libre\/\">Leer m\u00e1s &raquo;<\/a><\/span><\/p>\n","protected":false},"author":1,"featured_media":0,"comment_status":"open","ping_status":"open","sticky":false,"template":"","format":"standard","meta":{"footnotes":""},"categories":[7],"tags":[],"class_list":["post-1658","post","type-post","status-publish","format-standard","hentry","category-noticias"],"_links":{"self":[{"href":"http:\/\/www.arqueroszamora.es\/index.php\/wp-json\/wp\/v2\/posts\/1658","targetHints":{"allow":["GET"]}}],"collection":[{"href":"http:\/\/www.arqueroszamora.es\/index.php\/wp-json\/wp\/v2\/posts"}],"about":[{"href":"http:\/\/www.arqueroszamora.es\/index.php\/wp-json\/wp\/v2\/types\/post"}],"author":[{"embeddable":true,"href":"http:\/\/www.arqueroszamora.es\/index.php\/wp-json\/wp\/v2\/users\/1"}],"replies":[{"embeddable":true,"href":"http:\/\/www.arqueroszamora.es\/index.php\/wp-json\/wp\/v2\/comments?post=1658"}],"version-history":[{"count":0,"href":"http:\/\/www.arqueroszamora.es\/index.php\/wp-json\/wp\/v2\/posts\/1658\/revisions"}],"wp:attachment":[{"href":"http:\/\/www.arqueroszamora.es\/index.php\/wp-json\/wp\/v2\/media?parent=1658"}],"wp:term":[{"taxonomy":"category","embeddable":true,"href":"http:\/\/www.arqueroszamora.es\/index.php\/wp-json\/wp\/v2\/categories?post=1658"},{"taxonomy":"post_tag","embeddable":true,"href":"http:\/\/www.arqueroszamora.es\/index.php\/wp-json\/wp\/v2\/tags?post=1658"}],"curies":[{"name":"wp","href":"https:\/\/api.w.org\/{rel}","templated":true}]}}