{"id":1757,"date":"2018-01-29T18:31:18","date_gmt":"2018-01-29T17:31:18","guid":{"rendered":"http:\/\/www.arqueroszamora.es\/?p=1757"},"modified":"2018-01-29T18:36:46","modified_gmt":"2018-01-29T17:36:46","slug":"campeonato-territorial-2018-menores-y-cadetes","status":"publish","type":"post","link":"http:\/\/www.arqueroszamora.es\/index.php\/2018\/01\/29\/campeonato-territorial-2018-menores-y-cadetes\/","title":{"rendered":"Campeonato Territorial 2018. Menores y cadetes"},"content":{"rendered":"<p><a href=\"http:\/\/www.arqueroszamora.es\/wp-content\/uploads\/2018\/01\/IMG_0002.jpg\"><img loading=\"lazy\" decoding=\"async\" class=\"alignleft wp-image-1758 size-medium\" src=\"http:\/\/www.arqueroszamora.es\/wp-content\/uploads\/2018\/01\/IMG_0002-300x200.jpg\" alt=\"\" width=\"300\" height=\"200\" srcset=\"http:\/\/www.arqueroszamora.es\/wp-content\/uploads\/2018\/01\/IMG_0002-300x200.jpg 300w, http:\/\/www.arqueroszamora.es\/wp-content\/uploads\/2018\/01\/IMG_0002-768x512.jpg 768w, http:\/\/www.arqueroszamora.es\/wp-content\/uploads\/2018\/01\/IMG_0002.jpg 800w\" sizes=\"auto, (max-width: 300px) 100vw, 300px\" \/><\/a>La ma\u00f1ana del domingo fue muy intensa \u00a0en el pabell\u00f3n Azul de la Ciudad Deportiva de Zamora con el tiro con arco, que estuvo abarrotado de p\u00fablico disfrutando de la habilidad con el arco y las flechas de los m\u00e1s peque\u00f1os emuladores de Robin Hood de Castilla y Le\u00f3n.<\/p>\n<p>El <strong>C.D. Arqueros Zamora Reny \u00a0Picot<\/strong> organiz\u00f3 una vez m\u00e1s el Campeonato Territorial de Tiro con Arco en Sala \u00a0de \u00a0Menores y cadetes al que acudieron m\u00e1s de setenta tiradores de toda la comunidad. Zamora present\u00f3 a veinte j\u00f3venes arqueros desde categor\u00eda benjam\u00edn hasta la cadete, todos de arco recurvo a excepci\u00f3n de un infantil de arco compuesto. Este campeonato tambi\u00e9n era v\u00e1lido como primera prueba puntuable para la Liga Territorial.<\/p>\n<p>La cantera arquera zamorana sigue dando frutos, no en vano, muy bien dirigidos desde el \u00e1rea t\u00e9cnica por sus entrenadores, cosecharon diez \u00a0medallas: un oro, tres platas y seis bronces, adem\u00e1s de un cuarto puesto.<\/p>\n<p>Todas las categor\u00edas subieron al podio excepto los infantiles masculinos. En \u00a0Ardillas <strong>Silvia Santos<\/strong> luc\u00eda orgullosa en lo alto del podio su oro. <strong>Rodrigo Cristobal<\/strong> con su bronce dejaba huella entre los benjamines. <strong>Olivia Carmona<\/strong> y <strong>Enma Piedra<\/strong>, que ven\u00edan de ser campeona y subcampeonas provinciales demostraron que no lo fueron por casualidad y \u00a0hoy se alzaron con la plata y bronce respectivamente con unas buenas puntuaciones. Las mismas medallas consegu\u00edan <strong>Aar\u00f3n Mu\u00f1oz<\/strong> y <strong>Diego S\u00e1nchez<\/strong> en categor\u00eda \u00a0alev\u00edn que tambi\u00e9n ven\u00edan de ser campe\u00f3n y subcampe\u00f3n provinciales. <strong>Paula Delgado<\/strong>, bronce, y <strong>Elisa Rodr\u00edguez<\/strong>, cuarta lograban representar al club zamorano en el podio infantil con gran alegr\u00eda para ambas.<\/p>\n<p><strong>Mario Mart\u00edn<\/strong>, infantil en arco compuesto, despu\u00e9s de disputar una intensa eliminatoria, con flecha de desempate incluida para acceder a la lucha por el oro. No pudo ser por mil\u00edmetros y hubo de conformarse con el bronce.<\/p>\n<p>Las chicas cadetes alcanzaron un bronce de la mano de <strong>Raquel Gonz\u00e1lez<\/strong> tambi\u00e9n despu\u00e9s de eliminatoria y flecha de desempate que los jueces tuvieron que medir con comp\u00e1s para determinar la ganadora.<\/p>\n<p>En cadetes la agradable sorpresa fue de la mano de <strong>Jorge \u00c1lvarez<\/strong> que, con unos comienzos titubeantes en las series clasificatorias, en las eliminatorias estuvo inconmesurable. Fue dejando atr\u00e1s contrincantes de mucho calado hasta plantarse en la final frente a uno de los favoritos, el charro <strong>Daniel Garc\u00eda Medina<\/strong>, que hizo gala del cartel y aunque Jorge tir\u00f3 muy bien nada pudo hacer m\u00e1s que felicitarlo.<\/p>\n<p>Por volumen de preseas fue el primer club de Castilla y Le\u00f3n con un porcentaje \u00a0del 50% de \u00e9xito, si bien no es esto el objetivo principal de sus t\u00e9cnicos sino que participen, disfruten y aprendan valores como respeto, convivencia, amistad por encima de la rivalidad, tolerancia, superaci\u00f3n personal superaci\u00f3n de la frustraci\u00f3n y asimilaci\u00f3n del \u00e9xito.<\/p>\n<p>En la entrega de medallas estuvieron presentes el Concejal de Deportes del Ayuntamiento, <strong>D Manuel Alexandre<\/strong>, el presidente de la Federaci\u00f3n Territorial de tiro con Arco,<strong> Jos\u00e9 Mar\u00eda Rioja<\/strong>\u00a0 , y los delegados provinciales.<\/p>\n<p>El 4 de marzo este mismo escenario volver\u00e1 a acoger otra prueba, la segunda jornada de liga Territorial, organizada de nuevo por el club capitalino. De momento los nuestros est\u00e1n bien situados en la clasificaci\u00f3n provisional.<\/p>\n<p style=\"text-align: center;\"><a href=\"http:\/\/www.arqueroszamora.es\/wp-content\/uploads\/2018\/01\/resultados-menores-sala-18.pdf\" target=\"_blank\" rel=\"noopener\">RESULTADOS COMPLETOS<\/a><\/p>\n<p><a href=\"http:\/\/www.arqueroszamora.es\/wp-content\/uploads\/2018\/01\/IMG_9971-1.jpg\"><img loading=\"lazy\" decoding=\"async\" class=\"alignleft wp-image-1760\" src=\"http:\/\/www.arqueroszamora.es\/wp-content\/uploads\/2018\/01\/IMG_9971-1.jpg\" alt=\"\" width=\"700\" height=\"466\" srcset=\"http:\/\/www.arqueroszamora.es\/wp-content\/uploads\/2018\/01\/IMG_9971-1.jpg 800w, http:\/\/www.arqueroszamora.es\/wp-content\/uploads\/2018\/01\/IMG_9971-1-300x200.jpg 300w, http:\/\/www.arqueroszamora.es\/wp-content\/uploads\/2018\/01\/IMG_9971-1-768x512.jpg 768w\" sizes=\"auto, (max-width: 700px) 100vw, 700px\" \/><\/a><\/p>\n","protected":false},"excerpt":{"rendered":"<p>La ma\u00f1ana del domingo fue muy intensa \u00a0en el pabell\u00f3n Azul de la Ciudad Deportiva de Zamora con el tiro con arco, que estuvo abarrotado de p\u00fablico disfrutando de la habilidad con el arco y las flechas de los m\u00e1s peque\u00f1os emuladores de Robin Hood de Castilla y Le\u00f3n. El C.D. Arqueros Zamora Reny \u00a0Picot\u2026 <span class=\"read-more\"><a href=\"http:\/\/www.arqueroszamora.es\/index.php\/2018\/01\/29\/campeonato-territorial-2018-menores-y-cadetes\/\">Leer m\u00e1s &raquo;<\/a><\/span><\/p>\n","protected":false},"author":1,"featured_media":0,"comment_status":"open","ping_status":"open","sticky":false,"template":"","format":"standard","meta":{"footnotes":""},"categories":[4,7],"tags":[],"class_list":["post-1757","post","type-post","status-publish","format-standard","hentry","category-competiciones","category-noticias"],"_links":{"self":[{"href":"http:\/\/www.arqueroszamora.es\/index.php\/wp-json\/wp\/v2\/posts\/1757","targetHints":{"allow":["GET"]}}],"collection":[{"href":"http:\/\/www.arqueroszamora.es\/index.php\/wp-json\/wp\/v2\/posts"}],"about":[{"href":"http:\/\/www.arqueroszamora.es\/index.php\/wp-json\/wp\/v2\/types\/post"}],"author":[{"embeddable":true,"href":"http:\/\/www.arqueroszamora.es\/index.php\/wp-json\/wp\/v2\/users\/1"}],"replies":[{"embeddable":true,"href":"http:\/\/www.arqueroszamora.es\/index.php\/wp-json\/wp\/v2\/comments?post=1757"}],"version-history":[{"count":0,"href":"http:\/\/www.arqueroszamora.es\/index.php\/wp-json\/wp\/v2\/posts\/1757\/revisions"}],"wp:attachment":[{"href":"http:\/\/www.arqueroszamora.es\/index.php\/wp-json\/wp\/v2\/media?parent=1757"}],"wp:term":[{"taxonomy":"category","embeddable":true,"href":"http:\/\/www.arqueroszamora.es\/index.php\/wp-json\/wp\/v2\/categories?post=1757"},{"taxonomy":"post_tag","embeddable":true,"href":"http:\/\/www.arqueroszamora.es\/index.php\/wp-json\/wp\/v2\/tags?post=1757"}],"curies":[{"name":"wp","href":"https:\/\/api.w.org\/{rel}","templated":true}]}}