{"id":1764,"date":"2018-02-05T18:27:58","date_gmt":"2018-02-05T17:27:58","guid":{"rendered":"http:\/\/www.arqueroszamora.es\/?p=1764"},"modified":"2018-02-05T18:27:58","modified_gmt":"2018-02-05T17:27:58","slug":"campeonato-territorial-sala-salamanca-2018","status":"publish","type":"post","link":"http:\/\/www.arqueroszamora.es\/index.php\/2018\/02\/05\/campeonato-territorial-sala-salamanca-2018\/","title":{"rendered":"Campeonato Territorial Sala. Salamanca 2018"},"content":{"rendered":"<p>El recinto ferial de Salamanca presenci\u00f3 un nuevo \u00e9xito de la expedici\u00f3n zamorana de tiro con arco en la disputa del campeonato territorial de tiro con arco junior y senior al que asistieron cerca de noventa tiradores de casi toda Castilla y Le\u00f3n, y muchos miembros del Centro de Alto Rendimiento Joaqu\u00edn Blume de Madrid por lo cual la calidad era muy alta.<\/p>\n<p>Si la semana pasada fueron los m\u00e1s peque\u00f1os del <strong>C.D. Arqueros Zamora Reny Picot<\/strong> los que defend\u00edan el honor del club capitalino, hoy fueron los junior y senior lo encargados de seguir manteniendo en alto el pabell\u00f3n zamorano del tiro con arco. Un oro, dos platas, dos bronces y dos diplomas al cuarto fue el excelente bagaje cosechado en un entorno deportivo de mucha calidad en los participantes.<a href=\"http:\/\/www.arqueroszamora.es\/wp-content\/uploads\/2018\/02\/Medallistas-con-Daniel-Garc\u00eda.jpg\" target=\"_blank\" rel=\"noopener\"><img loading=\"lazy\" decoding=\"async\" class=\"alignleft wp-image-1766 size-medium\" src=\"http:\/\/www.arqueroszamora.es\/wp-content\/uploads\/2018\/02\/Medallistas-con-Daniel-Garc\u00eda-300x200.jpg\" alt=\"\" width=\"300\" height=\"200\" srcset=\"http:\/\/www.arqueroszamora.es\/wp-content\/uploads\/2018\/02\/Medallistas-con-Daniel-Garc\u00eda-300x200.jpg 300w, http:\/\/www.arqueroszamora.es\/wp-content\/uploads\/2018\/02\/Medallistas-con-Daniel-Garc\u00eda-768x512.jpg 768w, http:\/\/www.arqueroszamora.es\/wp-content\/uploads\/2018\/02\/Medallistas-con-Daniel-Garc\u00eda.jpg 1024w\" sizes=\"auto, (max-width: 300px) 100vw, 300px\" \/><\/a><\/p>\n<p>Los zamoranos que acudieron fueron <strong>Laura Merayo, Raquel Gonz\u00e1lez<\/strong> y <strong>Jorge \u00c1lvarez<\/strong>, cadetes de arco recurvo a los que su entrenador <strong>Daniel Garc\u00eda<\/strong> anim\u00f3 a participar como junior. <strong>Ramiro Portales, Jos\u00e9 Manuel Quintano, Henar Quintano, Jos\u00e9 Luis Delgado, Manuel Artime, \u00c1lvaro Artime, Mar\u00eda Elena N\u00fa\u00f1ez, Mati Pe\u00f1a, Daniel Garc\u00eda y Juan M\u00e9ndez<\/strong> lo hicieron como senior.<\/p>\n<p>En las tandas clasificatorias se fue viendo que los favoritos refrendaban su condici\u00f3n y que habr\u00eda que estar muy finos para poder estar entre los mejores al final de la jornada. Todos los zamoranos mejoraron sus marcas, esto hizo que <strong>Laura<\/strong> y <strong>Raquel<\/strong> acabaran primera y segunda lo que supon\u00eda que si todo iba bien s\u00f3lo volver\u00edan a verse en la final. Y as\u00ed fue; despu\u00e9s de ir eliminando a rivales muy importantes, entre ellas la actual campeona de Espa\u00f1a cadete, llegaron a la final. Compa\u00f1eras de club, amigas y hoy rivales. Cada una dio lo mejor de s\u00ed mismas y finalmente <strong>Laura<\/strong> se llev\u00f3 el gato al agua. Oro y plata de una tacada para Zamora. <strong>Raquel<\/strong> con esta plata consigue en una semana dos metales en sendos campeonatos territoriales.<\/p>\n<p><strong>Jorge<\/strong> repiti\u00f3 la actuaci\u00f3n de la semana anterior. Fue de menos a m\u00e1s. Aunque sus rivales no eran f\u00e1ciles logr\u00f3 llegar a las semifinales. No accedi\u00f3 a la final, pero pele\u00f3 con un optimismo ejemplar por el bronce frente a uno de los favoritos y lo gan\u00f3. Este bronce le supo a oro. Al igual que <strong>Raquel<\/strong> ha logrado dos preseas en ocho d\u00edas.<\/p>\n<p>Entre los adultos <strong>Mati Pe\u00f1a<\/strong>, con arco compuesto, tambi\u00e9n fue de menos a m\u00e1s. En la clasificatoria quedaba la cuarta. En la primera eliminatoria de cuartos apeaba a una de las favoritas: <strong>Ana Alonso<\/strong>, de Valladolid. En semifinales se enfrentar\u00eda a la charra <strong>Gema Corral<\/strong> que ven\u00eda de hacer una muy buena clasificatoria y se postulaba entre las favoritas para las medallas. <strong>Mati<\/strong>, despu\u00e9s de ir perdiendo de dos puntos, lograba empatarle en las tres \u00faltimas flechas y forzar la flecha de desempate, la cara y la cruz; despu\u00e9s de cuatro horas de competici\u00f3n una flecha iba a decidir si pelear\u00eda por el oro una o la otra. La suerte estuvo con la zamorana que logr\u00f3 un diez perfecto frente al nueve de <strong>Gema<\/strong>. La pelea por el oro fue frente a la favorita: la palentina <strong>Mar\u00eda G\u00f3mez<\/strong>, contra la que realmente <strong>Mati<\/strong> nada pudo hacer m\u00e1s que felicitarla. Nueva plata para Zamora y total satisfacci\u00f3n de la arquera.<a href=\"http:\/\/www.arqueroszamora.es\/wp-content\/uploads\/2018\/02\/Raquel-y-Laura-disputando-la-final-de-recurvo-junior.jpg\" target=\"_blank\" rel=\"noopener\"><img loading=\"lazy\" decoding=\"async\" class=\"wp-image-1765 size-medium alignright\" src=\"http:\/\/www.arqueroszamora.es\/wp-content\/uploads\/2018\/02\/Raquel-y-Laura-disputando-la-final-de-recurvo-junior-300x200.jpg\" alt=\"\" width=\"300\" height=\"200\" srcset=\"http:\/\/www.arqueroszamora.es\/wp-content\/uploads\/2018\/02\/Raquel-y-Laura-disputando-la-final-de-recurvo-junior-300x200.jpg 300w, http:\/\/www.arqueroszamora.es\/wp-content\/uploads\/2018\/02\/Raquel-y-Laura-disputando-la-final-de-recurvo-junior-768x512.jpg 768w, http:\/\/www.arqueroszamora.es\/wp-content\/uploads\/2018\/02\/Raquel-y-Laura-disputando-la-final-de-recurvo-junior.jpg 1024w\" sizes=\"auto, (max-width: 300px) 100vw, 300px\" \/><\/a><\/p>\n<p>Entre las mujeres de <strong>Henar Quintano<\/strong>, a priori favorita, no comenz\u00f3 del todo bien en la clasificatoria, no encontr\u00f3 las buenas sensaciones de otros d\u00edas; no obstante pas\u00f3 a las eliminatorias con mejores sensaciones, pero un despiste en semifinales en una entrada la castig\u00f3 a la lucha por el bronce frente a la compa\u00f1era del club <strong>Mar\u00eda Elena<\/strong> a la que gan\u00f3. En este duelo <strong>Mar\u00eda Elena<\/strong> sufri\u00f3 una rotura de material que la condicion\u00f3 el resto de la eliminatoria y que la llev\u00f3 a conformarse con el diploma al cuarto puesto. <strong>Henar<\/strong> con esta medalla tambi\u00e9n se convert\u00eda en doble medallista en ocho d\u00edas.<\/p>\n<p>Entre los hombres senior el m\u00e1s destacado fue <strong>\u00c1lvaro Artime<\/strong> que a pesar de no haber entrenado apenas por las obligaciones con sus estudios hizo un campeonato memorable. En esta categor\u00eda los favoritos eran los atletas de la Blume y as\u00ed fue finalmente pero a fe que los nuestros dieron guerra. En cuartos de final estaban los cuatros favoritos y cuatro zamoranos: <strong>Jos\u00e9 Luis, Ramiro, Manuel y \u00c1lvaro<\/strong>. <strong>Jos\u00e9 Luis<\/strong> cay\u00f3 frente a <strong>Pablo Acha<\/strong>, a la postre campe\u00f3n, <strong>Manuel<\/strong> sucumbi\u00f3 ante <strong>Carlos Iglesias<\/strong>, que despu\u00e9s ser\u00eda plata, y, <strong>Ramiro<\/strong> se enfrent\u00f3 a <strong>\u00c1lvaro<\/strong> el cual tir\u00f3 muy bien apeando a su compa\u00f1ero de club. <strong>\u00c1lvaro Artime<\/strong>, en el enfrentamiento por el bronce contra el otro favorito a podio el vallisoletano <strong>\u00c1lvaro Sim\u00f3<\/strong>, tir\u00f3 como nunca pero el pucelano lo hizo muy bien y no pudo hacer nada por subir al caj\u00f3n a recoger el bronce. Hubo de conformarme con un diploma que ni siquiera \u00e9ste era f\u00e1cil alcanzar.<\/p>\n<p>El resto de tiradores zamoranos quedaron lejos del podio. <strong>Jos\u00e9 Manuel Quintano<\/strong> tuvo la mala suerte de tocarle en octavos a su compa\u00f1ero <strong>Ramiro<\/strong>, el cual lo elimin\u00f3, quedando finalmente noveno.<\/p>\n<p><strong>Daniel Garc\u00eda<\/strong> hizo un primer parcial clasificatorio extraordinario. El segundo ya no tanto. A pesar de todo consigui\u00f3 marca personal. En dieciseisavos cay\u00f3 frente al salmantino <strong>Emilio Antu\u00f1a<\/strong>. Su posici\u00f3n final fue la diecisiete. La misma posici\u00f3n alcanz\u00f3 <strong>Juan M\u00e9ndez<\/strong> que tampoco pudo superar la primera eliminatoria.<\/p>\n<p>Mucha satisfacci\u00f3n entre los zamoranos por el gran campeonato realizado. Junto con el club la Flecha de Salamanca fue el primero en el medallero.<\/p>\n<p>El pr\u00f3ximo fin de semana los cadetes que hoy tiraron como junior se desplazar\u00e1n a Asturias a pelear en el Campeonato de Espa\u00f1a Cadete. Ojal\u00e1 vuelvan as\u00ed de satisfechos.<\/p>\n<p><a href=\"http:\/\/www.arqueroszamora.es\/wp-content\/uploads\/2018\/02\/expedici\u00f3n-zamorana-en-el-campeonato.jpg\"><img loading=\"lazy\" decoding=\"async\" class=\"alignleft wp-image-1767\" src=\"http:\/\/www.arqueroszamora.es\/wp-content\/uploads\/2018\/02\/expedici\u00f3n-zamorana-en-el-campeonato.jpg\" alt=\"\" width=\"700\" height=\"467\" srcset=\"http:\/\/www.arqueroszamora.es\/wp-content\/uploads\/2018\/02\/expedici\u00f3n-zamorana-en-el-campeonato.jpg 1024w, http:\/\/www.arqueroszamora.es\/wp-content\/uploads\/2018\/02\/expedici\u00f3n-zamorana-en-el-campeonato-300x200.jpg 300w, http:\/\/www.arqueroszamora.es\/wp-content\/uploads\/2018\/02\/expedici\u00f3n-zamorana-en-el-campeonato-768x512.jpg 768w\" sizes=\"auto, (max-width: 700px) 100vw, 700px\" \/><\/a><\/p>\n","protected":false},"excerpt":{"rendered":"<p>El recinto ferial de Salamanca presenci\u00f3 un nuevo \u00e9xito de la expedici\u00f3n zamorana de tiro con arco en la disputa del campeonato territorial de tiro con arco junior y senior al que asistieron cerca de noventa tiradores de casi toda Castilla y Le\u00f3n, y muchos miembros del Centro de Alto Rendimiento Joaqu\u00edn Blume de Madrid\u2026 <span class=\"read-more\"><a href=\"http:\/\/www.arqueroszamora.es\/index.php\/2018\/02\/05\/campeonato-territorial-sala-salamanca-2018\/\">Leer m\u00e1s &raquo;<\/a><\/span><\/p>\n","protected":false},"author":1,"featured_media":0,"comment_status":"open","ping_status":"open","sticky":false,"template":"","format":"standard","meta":{"footnotes":""},"categories":[7],"tags":[],"class_list":["post-1764","post","type-post","status-publish","format-standard","hentry","category-noticias"],"_links":{"self":[{"href":"http:\/\/www.arqueroszamora.es\/index.php\/wp-json\/wp\/v2\/posts\/1764","targetHints":{"allow":["GET"]}}],"collection":[{"href":"http:\/\/www.arqueroszamora.es\/index.php\/wp-json\/wp\/v2\/posts"}],"about":[{"href":"http:\/\/www.arqueroszamora.es\/index.php\/wp-json\/wp\/v2\/types\/post"}],"author":[{"embeddable":true,"href":"http:\/\/www.arqueroszamora.es\/index.php\/wp-json\/wp\/v2\/users\/1"}],"replies":[{"embeddable":true,"href":"http:\/\/www.arqueroszamora.es\/index.php\/wp-json\/wp\/v2\/comments?post=1764"}],"version-history":[{"count":0,"href":"http:\/\/www.arqueroszamora.es\/index.php\/wp-json\/wp\/v2\/posts\/1764\/revisions"}],"wp:attachment":[{"href":"http:\/\/www.arqueroszamora.es\/index.php\/wp-json\/wp\/v2\/media?parent=1764"}],"wp:term":[{"taxonomy":"category","embeddable":true,"href":"http:\/\/www.arqueroszamora.es\/index.php\/wp-json\/wp\/v2\/categories?post=1764"},{"taxonomy":"post_tag","embeddable":true,"href":"http:\/\/www.arqueroszamora.es\/index.php\/wp-json\/wp\/v2\/tags?post=1764"}],"curies":[{"name":"wp","href":"https:\/\/api.w.org\/{rel}","templated":true}]}}