{"id":1769,"date":"2018-02-13T19:34:36","date_gmt":"2018-02-13T18:34:36","guid":{"rendered":"http:\/\/www.arqueroszamora.es\/?p=1769"},"modified":"2018-02-13T19:34:36","modified_gmt":"2018-02-13T18:34:36","slug":"campeonato-de-espana-cadete-y-menores-de-14-anos","status":"publish","type":"post","link":"http:\/\/www.arqueroszamora.es\/index.php\/2018\/02\/13\/campeonato-de-espana-cadete-y-menores-de-14-anos\/","title":{"rendered":"Campeonato de Espa\u00f1a Cadete y Menores de 14 a\u00f1os"},"content":{"rendered":"<p>Nuevo \u00e9xito para el <strong>C.D. Arqueros Zamora Reny Picot<\/strong>. En este caso la buena actuaci\u00f3n fue en el campeonato de Espa\u00f1a cadete y menores de 14 a\u00f1os \u00a0de tiro con arco que se celebr\u00f3 en Langreo a lo largo del fin de semana y que fue \u00a0organizado brillantemente por la Federaci\u00f3n Asturiana de tiro con Arco dado que logr\u00f3 reunir una cantidad r\u00e9cord de participantes tanto entre los menores de 14 como cadetes.<\/p>\n<p><a href=\"http:\/\/www.arqueroszamora.es\/wp-content\/uploads\/2018\/02\/expedici\u00f3n-zamorana.jpg\"><img loading=\"lazy\" decoding=\"async\" class=\"alignleft wp-image-1770\" src=\"http:\/\/www.arqueroszamora.es\/wp-content\/uploads\/2018\/02\/expedici\u00f3n-zamorana.jpg\" alt=\"\" width=\"350\" height=\"263\" srcset=\"http:\/\/www.arqueroszamora.es\/wp-content\/uploads\/2018\/02\/expedici\u00f3n-zamorana.jpg 1024w, http:\/\/www.arqueroszamora.es\/wp-content\/uploads\/2018\/02\/expedici\u00f3n-zamorana-300x225.jpg 300w, http:\/\/www.arqueroszamora.es\/wp-content\/uploads\/2018\/02\/expedici\u00f3n-zamorana-768x576.jpg 768w\" sizes=\"auto, (max-width: 350px) 100vw, 350px\" \/><\/a><\/p>\n<p>Acudieron con ciertas esperanzas los cadetes <strong>Raquel Gonz\u00e1lez, Laura Merayo<\/strong> y <strong>Jorge \u00c1lvarez<\/strong>, todos pertenecientes al Centro de Tecnificaci\u00f3n Deportiva de Castilla y Le\u00f3n en el n\u00facleo de tecnificaci\u00f3n de Zamora. Estuvieron dirigidos \u00a0por los t\u00e9cnicos <strong>Daniel Garc\u00eda<\/strong> y <strong>\u00c1lvaro Artime<\/strong>.<\/p>\n<p>El s\u00e1bado por la tarde fueron las tandas clasificatorias. Los tres tuvieron comienzos titubeantes achacables al miedo esc\u00e9nico, sin embargo no lograron encauzar su estado mental y estuvieron por debajo de sus medias. No obstante <strong>Raquel, Laura<\/strong> y <strong>Jorge<\/strong> entraban en las eliminatorias de dieciseisavos, en 11\u00ba, 14\u00ba y 27\u00ba lugar. \u00a0En esta primera cay\u00f3 \u00a0<strong>Jorge<\/strong> con un 6-2 \u00a0frente al vasco <strong>Be\u00f1at Barcina<\/strong>. Su puesto final fue el decimos\u00e9ptimo entre los 34 participantes de su modalidad y categor\u00eda, misma posici\u00f3n en la que acab\u00f3 la clasificatoria.<\/p>\n<p>Las dos chicas tuvieron m\u00e1s suerte. <strong>Laura<\/strong> venc\u00eda 6-2 \u00a0a la andaluza <strong>Cristina de Guzm\u00e1n<\/strong>. En octavos caer\u00eda v\u00edctima de la presi\u00f3n frente a la madrile\u00f1a <strong>In\u00e9s de Velasco<\/strong>. Acabar\u00eda su andadura en noveno lugar y cumpl\u00eda as\u00ed el objetivo propuesto inicialmente: quedar entre las diez primeras.<\/p>\n<p>Paralelamente <strong>Raquel<\/strong> iba tirando tambi\u00e9n sus eliminatorias. La primera la gan\u00f3 con relativa facilidad, 6-4 frente a la madrile\u00f1a <strong>Mar\u00eda Laorden<\/strong>. Octavos fueron m\u00e1s sufridos para ella, t\u00e9cnicos, familiares y amigos. Le toc\u00f3 la asturiana <strong>Vanesa Berdasco<\/strong>, una buena arquera que hab\u00eda sido sexta en las tandas clasificatorias. Nuestra arquera, despu\u00e9s de ir perdiendo 5-3, consigui\u00f3 empatarle y en la flecha de desempate, flecha que suele beneficiar a quien ha remontado, logr\u00f3 un diez perfecto frente al nueve de su oponente. Pase a las semifinales del domingo y a la lucha real por las medallas.<a href=\"http:\/\/www.arqueroszamora.es\/wp-content\/uploads\/2018\/02\/Raquel-en-plena-elminatoria.jpeg\"><img loading=\"lazy\" decoding=\"async\" class=\"wp-image-1772 alignright\" src=\"http:\/\/www.arqueroszamora.es\/wp-content\/uploads\/2018\/02\/Raquel-en-plena-elminatoria.jpeg\" alt=\"\" width=\"300\" height=\"200\" srcset=\"http:\/\/www.arqueroszamora.es\/wp-content\/uploads\/2018\/02\/Raquel-en-plena-elminatoria.jpeg 1024w, http:\/\/www.arqueroszamora.es\/wp-content\/uploads\/2018\/02\/Raquel-en-plena-elminatoria-300x200.jpeg 300w, http:\/\/www.arqueroszamora.es\/wp-content\/uploads\/2018\/02\/Raquel-en-plena-elminatoria-768x512.jpeg 768w\" sizes=\"auto, (max-width: 300px) 100vw, 300px\" \/><\/a><\/p>\n<p>El domingo comenz\u00f3 muy bien los calentamientos. El primer enfrentamiento fue contra <strong>Elia Canales<\/strong>, catalana de mucha calidad que hab\u00eda quedado segunda en la clasificatoria pero que sin embargo comenz\u00f3 con algunos titubeos que <strong>Raquel<\/strong> no supo aprovechar y ganarle los cuatro primeros puntos que le hubiese dado mayor tranquilidad y nerviosismo a su rival. No lo hizo y perdi\u00f3 el factor sorpresa. <strong>Elia<\/strong> ya no le dio opci\u00f3n a la nuestra, que empez\u00f3 a fallar lo que no hab\u00eda fallado hasta el momento, \u00a0y cay\u00f3 con un 7-1 releg\u00e1ndola a la lucha por el bronce. La pelea por el bronce fue contra <strong>Roc\u00edo Gonz\u00e1lez<\/strong>, andaluza, que supo aprovechar el baj\u00f3n mental de <strong>Raquel<\/strong> y le gan\u00f3 el bronce dejando la medalla de chocolate para la zamorana. Cuarto puesto final. Excelente resultado, aunque en un inicio supiera a poco, dado que al igual que su compa\u00f1era <strong>Laura<\/strong> el objetivo que llevaba era estar entre las 10 primeras y no s\u00f3lo eso sino que subir\u00eda al podio en cuarto lugar entre las casi 50 chicas participantes. Y todas de una enorme calidad dada la juventud de las mismas.<\/p>\n<p>Gran satisfacci\u00f3n entre la expedici\u00f3n zamorana que ven c\u00f3mo nuestros j\u00f3venes rinden a gran altura frente a los mejores de Espa\u00f1a.<\/p>\n<p>Con este campeonato acaba oficialmente la temporada de sala y comienza la de aire libre.<\/p>\n<p><a href=\"http:\/\/www.arqueroszamora.es\/wp-content\/uploads\/2018\/02\/Raquel-cuarta-en-el-podio.jpg\"><img loading=\"lazy\" decoding=\"async\" class=\"wp-image-1771 aligncenter\" src=\"http:\/\/www.arqueroszamora.es\/wp-content\/uploads\/2018\/02\/Raquel-cuarta-en-el-podio.jpg\" alt=\"\" width=\"650\" height=\"488\" srcset=\"http:\/\/www.arqueroszamora.es\/wp-content\/uploads\/2018\/02\/Raquel-cuarta-en-el-podio.jpg 1024w, http:\/\/www.arqueroszamora.es\/wp-content\/uploads\/2018\/02\/Raquel-cuarta-en-el-podio-300x225.jpg 300w, http:\/\/www.arqueroszamora.es\/wp-content\/uploads\/2018\/02\/Raquel-cuarta-en-el-podio-768x576.jpg 768w\" sizes=\"auto, (max-width: 650px) 100vw, 650px\" \/><\/a><\/p>\n","protected":false},"excerpt":{"rendered":"<p>Nuevo \u00e9xito para el C.D. Arqueros Zamora Reny Picot. En este caso la buena actuaci\u00f3n fue en el campeonato de Espa\u00f1a cadete y menores de 14 a\u00f1os \u00a0de tiro con arco que se celebr\u00f3 en Langreo a lo largo del fin de semana y que fue \u00a0organizado brillantemente por la Federaci\u00f3n Asturiana de tiro con\u2026 <span class=\"read-more\"><a href=\"http:\/\/www.arqueroszamora.es\/index.php\/2018\/02\/13\/campeonato-de-espana-cadete-y-menores-de-14-anos\/\">Leer m\u00e1s &raquo;<\/a><\/span><\/p>\n","protected":false},"author":1,"featured_media":0,"comment_status":"open","ping_status":"open","sticky":false,"template":"","format":"standard","meta":{"footnotes":""},"categories":[7],"tags":[],"class_list":["post-1769","post","type-post","status-publish","format-standard","hentry","category-noticias"],"_links":{"self":[{"href":"http:\/\/www.arqueroszamora.es\/index.php\/wp-json\/wp\/v2\/posts\/1769","targetHints":{"allow":["GET"]}}],"collection":[{"href":"http:\/\/www.arqueroszamora.es\/index.php\/wp-json\/wp\/v2\/posts"}],"about":[{"href":"http:\/\/www.arqueroszamora.es\/index.php\/wp-json\/wp\/v2\/types\/post"}],"author":[{"embeddable":true,"href":"http:\/\/www.arqueroszamora.es\/index.php\/wp-json\/wp\/v2\/users\/1"}],"replies":[{"embeddable":true,"href":"http:\/\/www.arqueroszamora.es\/index.php\/wp-json\/wp\/v2\/comments?post=1769"}],"version-history":[{"count":0,"href":"http:\/\/www.arqueroszamora.es\/index.php\/wp-json\/wp\/v2\/posts\/1769\/revisions"}],"wp:attachment":[{"href":"http:\/\/www.arqueroszamora.es\/index.php\/wp-json\/wp\/v2\/media?parent=1769"}],"wp:term":[{"taxonomy":"category","embeddable":true,"href":"http:\/\/www.arqueroszamora.es\/index.php\/wp-json\/wp\/v2\/categories?post=1769"},{"taxonomy":"post_tag","embeddable":true,"href":"http:\/\/www.arqueroszamora.es\/index.php\/wp-json\/wp\/v2\/tags?post=1769"}],"curies":[{"name":"wp","href":"https:\/\/api.w.org\/{rel}","templated":true}]}}