{"id":1774,"date":"2018-05-19T09:42:59","date_gmt":"2018-05-19T08:42:59","guid":{"rendered":"http:\/\/www.arqueroszamora.es\/?p=1774"},"modified":"2018-05-19T09:42:59","modified_gmt":"2018-05-19T08:42:59","slug":"henar-quintano-consigue-la-plata-en-el-gran-premio-de-espana-de-valladolid","status":"publish","type":"post","link":"http:\/\/www.arqueroszamora.es\/index.php\/2018\/05\/19\/henar-quintano-consigue-la-plata-en-el-gran-premio-de-espana-de-valladolid\/","title":{"rendered":"HENAR QUINTANO CONSIGUE LA PLATA EN EL GRAN PREMIO DE ESPA\u00d1A DE VALLADOLID."},"content":{"rendered":"<p><a href=\"http:\/\/www.arqueroszamora.es\/wp-content\/uploads\/2018\/05\/HENAR-POSA-ORGULLOSA-CON-SU-PLATA.jpg\" target=\"_blank\" rel=\"noopener\"><img loading=\"lazy\" decoding=\"async\" class=\"alignleft wp-image-1776 size-medium\" src=\"http:\/\/www.arqueroszamora.es\/wp-content\/uploads\/2018\/05\/HENAR-POSA-ORGULLOSA-CON-SU-PLATA-180x300.jpg\" alt=\"\" width=\"180\" height=\"300\" srcset=\"http:\/\/www.arqueroszamora.es\/wp-content\/uploads\/2018\/05\/HENAR-POSA-ORGULLOSA-CON-SU-PLATA-180x300.jpg 180w, http:\/\/www.arqueroszamora.es\/wp-content\/uploads\/2018\/05\/HENAR-POSA-ORGULLOSA-CON-SU-PLATA.jpg 614w\" sizes=\"auto, (max-width: 180px) 100vw, 180px\" \/><\/a>La arquera del CD Arqueros Zamora, <strong>Henar Quintano<\/strong>, volvi\u00f3 a poner el nombre de Zamora en una de las pruebas m\u00e1s importantes del calendario nacional de la RFETA al conseguir una valios\u00edsima plata este fin de semana en Valladolid.<\/p>\n<p>Este Gran Premio de Espa\u00f1a, al que acudieron cerca de 300 arqueros y arqueras de toda Espa\u00f1a y que tambi\u00e9n era valedero para el ranking del Campeonato Nacional de Clubes, estuvo organizado por la Delegaci\u00f3n Provincial de Valladolid y celebrado en las pistas de atletismo de Renedo con una climatolog\u00eda adversa por el viento, fr\u00edo y llovizna.<\/p>\n<p>Desde el club capitalino acudieron a este evento tres tiradores <strong>Henar Quintano<\/strong> con arco recurvo, <strong>Mati Pe\u00f1a<\/strong> y <strong>Juan M\u00e9ndez<\/strong> con arco compuesto. Les acompa\u00f1aron los t\u00e9cnicos <strong>Jos\u00e9 Manuel Quintano<\/strong> y <strong>Daniel Garc\u00eda<\/strong>.<\/p>\n<p>El s\u00e1bado se disputaron las 72 fechas clasificatorias y los tres entraron en las eliminatorias. El mismo s\u00e1bado fueron los veinticuatro y dieciseisavos y en ellas pasaron sin dificultad <strong>Henar<\/strong> y <strong>Mati<\/strong>, no as\u00ed <strong>Juan, <\/strong>al que los problemas con el viento le causaron estragos y cay\u00f3 eliminado.<\/p>\n<p>El domingo por la ma\u00f1ana, en octavos caer\u00eda <strong>Mati<\/strong> en la \u00faltima entrada despu\u00e9s de desaprovechar una ventaja de dos puntos quedando finalmente novena. Sin ser mal resultado dado que ven\u00eda de medio superar una lesi\u00f3n, le supo a poco porque sus sensaciones eran buenas y estaba sabiendo gestionar las rachas de viento.<a href=\"http:\/\/www.arqueroszamora.es\/wp-content\/uploads\/2018\/05\/PODIO-DE-ARCO-RECURVO-FEMENINO.jpg\" target=\"_blank\" rel=\"noopener\"><img loading=\"lazy\" decoding=\"async\" class=\"wp-image-1777 size-medium alignright\" src=\"http:\/\/www.arqueroszamora.es\/wp-content\/uploads\/2018\/05\/PODIO-DE-ARCO-RECURVO-FEMENINO-300x180.jpg\" alt=\"\" width=\"300\" height=\"180\" srcset=\"http:\/\/www.arqueroszamora.es\/wp-content\/uploads\/2018\/05\/PODIO-DE-ARCO-RECURVO-FEMENINO-300x180.jpg 300w, http:\/\/www.arqueroszamora.es\/wp-content\/uploads\/2018\/05\/PODIO-DE-ARCO-RECURVO-FEMENINO-768x461.jpg 768w, http:\/\/www.arqueroszamora.es\/wp-content\/uploads\/2018\/05\/PODIO-DE-ARCO-RECURVO-FEMENINO.jpg 1024w\" sizes=\"auto, (max-width: 300px) 100vw, 300px\" \/><\/a><\/p>\n<p>Paralelamente <strong>Henar<\/strong> se estaba enfrentando con la salmantina <strong>Alba Garrote<\/strong>.<\/p>\n<p><strong>Henar<\/strong> tir\u00f3 muy bien, pero a pesar de todo hubo alternancia en los puntos de set y eso las llev\u00f3 a empatar a cinco y tener que desempatar a una flecha, flecha con la que <strong>Henar<\/strong> alcanz\u00f3 un 9 frente a un 8 su rival.<\/p>\n<p>Pasaba a cuartos y ah\u00ed su enfrentamiento ser\u00eda contra la madrile\u00f1a <strong>Adriana L\u00e1zaro<\/strong>, gran arquera varias veces campeona de Espa\u00f1a. <strong>Henar<\/strong> subi\u00f3 su rendimiento y alcanz\u00f3 un nuevo empate a cinco: de nuevo todo o nada a una flecha. Bingo para <strong>Henar<\/strong> con un 10 por 7 de <strong>Adriana<\/strong>. <strong>Henar<\/strong> estaba con una din\u00e1mica positiva, pod\u00eda acceder a la final si lograba vencer a otra madrile\u00f1a, joven pero consolidada arquera <strong>Ocean\u00eda Morago<\/strong>. Consigui\u00f3 vencerla con menos esfuerzo del previsto inicialmente, 7-1. Enorme alegr\u00eda pero al mismo tiempo preocupaci\u00f3n porque el fr\u00edo empezaba a hacer mella en <strong>Henar<\/strong> y hasta que le tocara su enfrentamiento iba a pasar cerca de una hora parada.<\/p>\n<p>La final ser\u00eda contra <strong>Irati<\/strong>, navarra, joven tambi\u00e9n, pero muy curtida en finales como esta. Y como se tem\u00edan los zamoranos, <strong>Henar<\/strong> entr\u00f3 a la l\u00ednea de tiro con fr\u00edo, entumecida, lo que le cost\u00f3 el oro. A\u00fan as\u00ed le plant\u00f3 cara y perdi\u00f3 con un honroso tanteador de 6-4. La plata supo a oro a la zamorana y acompa\u00f1antes.<\/p>\n<p>Nuevo \u00e9xito del club zamorano en un evento muy importante y dif\u00edcil por la calidad de los arqueros que acuden a \u00e9l.<\/p>\n<p><a href=\"http:\/\/www.arqueroszamora.es\/wp-content\/uploads\/2018\/05\/HENAR-EN-EL-PODIO-CON-SUS-COMPA\u00d1ERAS.jpg\" target=\"_blank\" rel=\"noopener\"><img loading=\"lazy\" decoding=\"async\" class=\"aligncenter wp-image-1775\" src=\"http:\/\/www.arqueroszamora.es\/wp-content\/uploads\/2018\/05\/HENAR-EN-EL-PODIO-CON-SUS-COMPA\u00d1ERAS.jpg\" alt=\"\" width=\"700\" height=\"420\" srcset=\"http:\/\/www.arqueroszamora.es\/wp-content\/uploads\/2018\/05\/HENAR-EN-EL-PODIO-CON-SUS-COMPA\u00d1ERAS.jpg 1024w, http:\/\/www.arqueroszamora.es\/wp-content\/uploads\/2018\/05\/HENAR-EN-EL-PODIO-CON-SUS-COMPA\u00d1ERAS-300x180.jpg 300w, http:\/\/www.arqueroszamora.es\/wp-content\/uploads\/2018\/05\/HENAR-EN-EL-PODIO-CON-SUS-COMPA\u00d1ERAS-768x461.jpg 768w\" sizes=\"auto, (max-width: 700px) 100vw, 700px\" \/><\/a><\/p>\n","protected":false},"excerpt":{"rendered":"<p>La arquera del CD Arqueros Zamora, Henar Quintano, volvi\u00f3 a poner el nombre de Zamora en una de las pruebas m\u00e1s importantes del calendario nacional de la RFETA al conseguir una valios\u00edsima plata este fin de semana en Valladolid. Este Gran Premio de Espa\u00f1a, al que acudieron cerca de 300 arqueros y arqueras de toda\u2026 <span class=\"read-more\"><a href=\"http:\/\/www.arqueroszamora.es\/index.php\/2018\/05\/19\/henar-quintano-consigue-la-plata-en-el-gran-premio-de-espana-de-valladolid\/\">Leer m\u00e1s &raquo;<\/a><\/span><\/p>\n","protected":false},"author":1,"featured_media":0,"comment_status":"open","ping_status":"open","sticky":false,"template":"","format":"standard","meta":{"footnotes":""},"categories":[7],"tags":[],"class_list":["post-1774","post","type-post","status-publish","format-standard","hentry","category-noticias"],"_links":{"self":[{"href":"http:\/\/www.arqueroszamora.es\/index.php\/wp-json\/wp\/v2\/posts\/1774","targetHints":{"allow":["GET"]}}],"collection":[{"href":"http:\/\/www.arqueroszamora.es\/index.php\/wp-json\/wp\/v2\/posts"}],"about":[{"href":"http:\/\/www.arqueroszamora.es\/index.php\/wp-json\/wp\/v2\/types\/post"}],"author":[{"embeddable":true,"href":"http:\/\/www.arqueroszamora.es\/index.php\/wp-json\/wp\/v2\/users\/1"}],"replies":[{"embeddable":true,"href":"http:\/\/www.arqueroszamora.es\/index.php\/wp-json\/wp\/v2\/comments?post=1774"}],"version-history":[{"count":0,"href":"http:\/\/www.arqueroszamora.es\/index.php\/wp-json\/wp\/v2\/posts\/1774\/revisions"}],"wp:attachment":[{"href":"http:\/\/www.arqueroszamora.es\/index.php\/wp-json\/wp\/v2\/media?parent=1774"}],"wp:term":[{"taxonomy":"category","embeddable":true,"href":"http:\/\/www.arqueroszamora.es\/index.php\/wp-json\/wp\/v2\/categories?post=1774"},{"taxonomy":"post_tag","embeddable":true,"href":"http:\/\/www.arqueroszamora.es\/index.php\/wp-json\/wp\/v2\/tags?post=1774"}],"curies":[{"name":"wp","href":"https:\/\/api.w.org\/{rel}","templated":true}]}}