{"id":1795,"date":"2018-07-04T21:21:46","date_gmt":"2018-07-04T20:21:46","guid":{"rendered":"http:\/\/www.arqueroszamora.es\/?p=1795"},"modified":"2019-05-29T20:08:48","modified_gmt":"2019-05-29T19:08:48","slug":"xxi-torneo-nacional-de-san-pedro-y-el-vi-trofeo-ciudad-de-zamora","status":"publish","type":"post","link":"http:\/\/www.arqueroszamora.es\/index.php\/2018\/07\/04\/xxi-torneo-nacional-de-san-pedro-y-el-vi-trofeo-ciudad-de-zamora\/","title":{"rendered":"XXI Torneo Nacional de San Pedro y el VI Trofeo Ciudad de Zamora."},"content":{"rendered":"<p><a href=\"http:\/\/www.arqueroszamora.es\/wp-content\/uploads\/2018\/07\/SanPedro3.jpg\" target=\"_blank\" rel=\"noopener noreferrer\"><img loading=\"lazy\" decoding=\"async\" class=\"alignleft wp-image-1798 size-medium\" src=\"http:\/\/www.arqueroszamora.es\/wp-content\/uploads\/2018\/07\/SanPedro3-300x225.jpg\" alt=\"\" width=\"300\" height=\"225\" srcset=\"http:\/\/www.arqueroszamora.es\/wp-content\/uploads\/2018\/07\/SanPedro3-300x225.jpg 300w, http:\/\/www.arqueroszamora.es\/wp-content\/uploads\/2018\/07\/SanPedro3-768x576.jpg 768w, http:\/\/www.arqueroszamora.es\/wp-content\/uploads\/2018\/07\/SanPedro3.jpg 814w\" sizes=\"auto, (max-width: 300px) 100vw, 300px\" \/><\/a>La Delegaci\u00f3n Provincial de Tiro con Arco, como organizadora, y el CD Arqueros Zamora, como colaborador en la organizaci\u00f3n, sacaron delante de forma brillante, una nueva edici\u00f3n del XXI Torneo Nacional de San Pedro y el VI Trofeo Ciudad de Zamora la ma\u00f1ana del domingo en el campo de futbol de la Ciudad Deportiva de Zamora.<\/p>\n<p>Acudieron un total de 63 arqueros de pr\u00e1cticamente toda Castilla y Le\u00f3n, adem\u00e1s de arqueros gallegos, catalanes, madrile\u00f1os y asturianos en cuatro modalidades: arco tradicional, long bow, compuesto y ol\u00edmpico.<\/p>\n<p>La competici\u00f3n del XXI Torneo, en principio se iba a realizar en dos turnos, pero las altas temperaturas aconsejaron hacerlo en uno s\u00f3lo y as\u00ed hacerlo m\u00e1s \u00e1gil y estar menos tiempo expuestos al sol. La decisi\u00f3n fue muy bien acogida y agradecida entre los tiradores.<\/p>\n<p>Diecis\u00e9is fueron los arqueros locales que entraron en liza contra arqueros y arqueras de gran categor\u00eda como el abulense <strong>Gonzalo S\u00e1nchez Notario<\/strong> en arco compuesto, la palentina <strong>Mar\u00eda G\u00f3mez<\/strong>, tambi\u00e9n en arco compuesto, el vallisoletano <strong>\u00c1lvaro Sim\u00f3<\/strong> con arco ol\u00edmpico. Todos ellos con amplio curr\u00edculum nacional e internacional y que a la postre no defraudaron.<a href=\"http:\/\/www.arqueroszamora.es\/wp-content\/uploads\/2018\/07\/SanPedro4.jpg\" target=\"_blank\" rel=\"noopener noreferrer\"><img loading=\"lazy\" decoding=\"async\" class=\"alignright wp-image-1799 size-thumbnail\" src=\"http:\/\/www.arqueroszamora.es\/wp-content\/uploads\/2018\/07\/SanPedro4-150x150.jpg\" alt=\"\" width=\"150\" height=\"150\" \/><\/a><\/p>\n<p>Comenz\u00f3 la competici\u00f3n del XXI Torneo nacional de San Pedro a las nueve de la ma\u00f1ana con una climatolog\u00eda que ya adelantaba lo que vendr\u00eda en unas horas. La competici\u00f3n consisti\u00f3 en disparar 72 flechas de seis en seis. Al acabar no hubo eliminatorias, por lo que el podio se establec\u00eda por las tres mejores puntuaciones de cada modalidad despu\u00e9s de las 72 flechas.<\/p>\n<p>Los zamoranos tuvieron una gran regularidad pero sin llegar a ser de los mejores. En arco recurvo u ol\u00edmpico <strong>Jos\u00e9 Luis Delgado<\/strong> consegu\u00eda el bronce y completaba el podio con la plata del gallego <strong>Antonio Otero<\/strong> y el oro de <strong>\u00c1lvaro Sim\u00f3<\/strong>. Por detr\u00e1s el 4\u00ba, 5\u00ba, 7\u00ba, y 8\u00ba puestos eran para los zamoranos. En esta modalidad quiso competir el cadete <strong>Jorge \u00c1lvarez<\/strong>, que hab\u00eda estado el s\u00e1bado compitiendo en Madrid en la \u00faltima jornada de Liga Nacional cadete. El resultado fue mucho mejor de lo esperado.<\/p>\n<p>En recurvo mujer el oro y la plata fueron para las zamoranas <strong>Henar Quintano<\/strong>, que est\u00e1 haciendo una muy buena temporada, y la cadete <strong>Laura Merayo<\/strong>, que a pesar de haber estado compitiendo en Madrid en la Liga Nacional cadete el s\u00e1bado, no dud\u00f3 en estar presente en la tirada de Zamora, como senior y alcanzar una puntuaci\u00f3n extraordinaria que le daba una merecid\u00edsima plata.<\/p>\n<p><a href=\"http:\/\/www.arqueroszamora.es\/wp-content\/uploads\/2018\/07\/SanPedro5.jpg\"><img loading=\"lazy\" decoding=\"async\" class=\"alignleft wp-image-1800 size-medium\" src=\"http:\/\/www.arqueroszamora.es\/wp-content\/uploads\/2018\/07\/SanPedro5-300x225.jpg\" alt=\"\" width=\"300\" height=\"225\" srcset=\"http:\/\/www.arqueroszamora.es\/wp-content\/uploads\/2018\/07\/SanPedro5-300x225.jpg 300w, http:\/\/www.arqueroszamora.es\/wp-content\/uploads\/2018\/07\/SanPedro5-768x576.jpg 768w, http:\/\/www.arqueroszamora.es\/wp-content\/uploads\/2018\/07\/SanPedro5.jpg 814w\" sizes=\"auto, (max-width: 300px) 100vw, 300px\" \/><\/a>En arco compuesto masculino nuestros representantes no pudieron estar cerca de los puestos de cabeza. En esta modalidad el ganador fue <strong>Gonzalo S\u00e1nchez Notario<\/strong>, haciendo honor al cartel de favorito. Debut\u00f3 en esta modalidad el zamorano <strong>\u00c1ngel Fern\u00e1ndez<\/strong> y su marca es para pensar que en un a\u00f1o puede estar dando serios problemas a muchos tiradores veteranos<\/p>\n<p>La que s\u00ed estuvo muy cerca de conseguir el bronce fue <strong>Mati Pe\u00f1a<\/strong>, con arco compuesto, pero por culpa de una flecha nula hubo de conformarse con un cuarto puesto.<\/p>\n<p><strong>Iv\u00e1n D\u00edez, Beatriz Mart\u00edn<\/strong> y <strong>Elena N\u00fa\u00f1ez<\/strong>, oro, plata y bronce, conformaron el podio de una modalidad mixta que esta vez la organizaci\u00f3n incluy\u00f3 para los arqueros noveles de Zamora y que lo hicieron bien, mostraron buenas maneras y en un futuro cercano dar\u00e1n alegr\u00edas.<\/p>\n<p>Acabado este torneo dio comienzo el VI Torneo Ciudad de Zamora, el torneo del K.O. Hay que hacer la puntuaci\u00f3n que ese establece para cada entrada, si no se consigue el arquero queda eliminado. Cada modalidad es mixta, el mejor se lleva un gran queso curado de oveja Montelarreina. Al haber cuatro modalidades, cuatro eran los quesos puestos en liza.<\/p>\n<p>Se comenzaba en 25 puntos para arcos de precisi\u00f3n ( recurvo y compuesto) y nueve puntos para arco tradicional y long bow. Se iba subiendo en un punto hasta llegar a 30 puntos en precisi\u00f3n y 18 en arco tradicional y long bow. En arco tradicional el ganador fue el abulense <strong>Luis Ca\u00eddas,<\/strong> experimentado tirador. En long bow el excelente l\u00e1cteo se fue para Valladolid de la mano de <strong>\u00c1ngel Lorenzo Rojo<\/strong>. En arco compuesto <strong>Gonzalo S\u00e1nchez<\/strong> volvi\u00f3 a ganar al imponerse a <strong>Mar\u00eda G\u00f3mez<\/strong> y en arco recurvo fue nuestra arquera <strong>Laura Merayo<\/strong> la que se llev\u00f3 el gato al agua frente al excelente tirador <strong>\u00c1lvaro Sim\u00f3<\/strong>, completando as\u00ed un muy buen torneo y haciendo so\u00f1ar con lo que podr\u00eda haber hecho de haber estado bien descansada si no hubiese competido 18 horas antes en Madrid.<\/p>\n<p>Acabada la competici\u00f3n se hizo entrega de trofeos, a la que asisti\u00f3 el concejal de deportes, don <strong>Manuel Alesander,<\/strong> y posteriormente la organizaci\u00f3n agasaj\u00f3 a todos los participantes con un \u00e1gape.<\/p>\n<p style=\"text-align: center;\"><a href=\"https:\/\/photos.google.com\/share\/AF1QipNIhJd7K6tRvDi_ypNkLWEZVLBfZzRJ8TetQto0wFHtbWYAAMFiu5sRbII9Rf5oiA?key=dDJnWkU0VWJQMEliazhadzNILXpXdzNNRlQ2eWdn\" target=\"_blank\" rel=\"noopener noreferrer\">GALER\u00cdA FOTOGR\u00c1FICA<\/a><\/p>\n<p style=\"text-align: center;\"><span style=\"color: #008080;\">Queremos agradecer a <strong>Jacinto Rodrigo<\/strong> su buen hacer fotogr\u00e1fico, muchos de los momentos que aparecen en la galer\u00eda se los debemos a \u00e9l.<\/span><\/p>\n<p><a href=\"http:\/\/www.arqueroszamora.es\/wp-content\/uploads\/2018\/07\/SanPedro1.jpg\"><img loading=\"lazy\" decoding=\"async\" class=\"alignleft wp-image-1796\" src=\"http:\/\/www.arqueroszamora.es\/wp-content\/uploads\/2018\/07\/SanPedro1.jpg\" alt=\"\" width=\"700\" height=\"525\" srcset=\"http:\/\/www.arqueroszamora.es\/wp-content\/uploads\/2018\/07\/SanPedro1.jpg 814w, http:\/\/www.arqueroszamora.es\/wp-content\/uploads\/2018\/07\/SanPedro1-300x225.jpg 300w, http:\/\/www.arqueroszamora.es\/wp-content\/uploads\/2018\/07\/SanPedro1-768x576.jpg 768w\" sizes=\"auto, (max-width: 700px) 100vw, 700px\" \/><\/a><\/p>\n","protected":false},"excerpt":{"rendered":"<p>La Delegaci\u00f3n Provincial de Tiro con Arco, como organizadora, y el CD Arqueros Zamora, como colaborador en la organizaci\u00f3n, sacaron delante de forma brillante, una nueva edici\u00f3n del XXI Torneo Nacional de San Pedro y el VI Trofeo Ciudad de Zamora la ma\u00f1ana del domingo en el campo de futbol de la Ciudad Deportiva de\u2026 <span class=\"read-more\"><a href=\"http:\/\/www.arqueroszamora.es\/index.php\/2018\/07\/04\/xxi-torneo-nacional-de-san-pedro-y-el-vi-trofeo-ciudad-de-zamora\/\">Leer m\u00e1s &raquo;<\/a><\/span><\/p>\n","protected":false},"author":5,"featured_media":0,"comment_status":"open","ping_status":"open","sticky":false,"template":"","format":"standard","meta":{"footnotes":""},"categories":[4,7],"tags":[],"class_list":["post-1795","post","type-post","status-publish","format-standard","hentry","category-competiciones","category-noticias"],"_links":{"self":[{"href":"http:\/\/www.arqueroszamora.es\/index.php\/wp-json\/wp\/v2\/posts\/1795","targetHints":{"allow":["GET"]}}],"collection":[{"href":"http:\/\/www.arqueroszamora.es\/index.php\/wp-json\/wp\/v2\/posts"}],"about":[{"href":"http:\/\/www.arqueroszamora.es\/index.php\/wp-json\/wp\/v2\/types\/post"}],"author":[{"embeddable":true,"href":"http:\/\/www.arqueroszamora.es\/index.php\/wp-json\/wp\/v2\/users\/5"}],"replies":[{"embeddable":true,"href":"http:\/\/www.arqueroszamora.es\/index.php\/wp-json\/wp\/v2\/comments?post=1795"}],"version-history":[{"count":0,"href":"http:\/\/www.arqueroszamora.es\/index.php\/wp-json\/wp\/v2\/posts\/1795\/revisions"}],"wp:attachment":[{"href":"http:\/\/www.arqueroszamora.es\/index.php\/wp-json\/wp\/v2\/media?parent=1795"}],"wp:term":[{"taxonomy":"category","embeddable":true,"href":"http:\/\/www.arqueroszamora.es\/index.php\/wp-json\/wp\/v2\/categories?post=1795"},{"taxonomy":"post_tag","embeddable":true,"href":"http:\/\/www.arqueroszamora.es\/index.php\/wp-json\/wp\/v2\/tags?post=1795"}],"curies":[{"name":"wp","href":"https:\/\/api.w.org\/{rel}","templated":true}]}}