{"id":1802,"date":"2018-07-04T21:45:25","date_gmt":"2018-07-04T20:45:25","guid":{"rendered":"http:\/\/www.arqueroszamora.es\/?p=1802"},"modified":"2019-05-29T20:18:02","modified_gmt":"2019-05-29T19:18:02","slug":"campeonatos-territoriales-aire-libre-2018","status":"publish","type":"post","link":"http:\/\/www.arqueroszamora.es\/index.php\/2018\/07\/04\/campeonatos-territoriales-aire-libre-2018\/","title":{"rendered":"Campeonatos Territoriales aire libre 2018"},"content":{"rendered":"<p>El campo de tiro con arco de la Ciudad Deportiva de Valladolid acogi\u00f3 este fin de semana una maratoniana sesi\u00f3n de tiro con arco a la que asistieron, como no iba a ser menos, tiradores del <strong>C.D Aqrueros Zamora Reny Picot.<\/strong><\/p>\n<p>Los resultados no han podido ser mejores. Tanto que entre las tres competiciones que han disputado el n\u00famero de medallas cosechadas han dado el primer lugar en el medallero territorial al club zamorano con 5 oros, 6 platas, 4 bronces y 2 cuartos puestos. El s\u00e1bado por la tarde fue el Campeonato de menores y cadetes al que acudieron ocho j\u00f3venes arqueros zamoranos. <strong>Aar\u00f3n Mu\u00f1oz, Enma Piedra, Olivia Loreno, Luc\u00eda Barroso, Mario Mart\u00edn, Raquel Gonz\u00e1lez, Jorge \u00c1lvarez <\/strong>y<strong> Laura Merayo<\/strong>. Este campeonato era valedero como cuarta y \u00faltima prueba para la Liga Territorial de Menores. Estuvieron acompa\u00f1ados de <strong>Daniel Garc\u00eda, Javier Alonso <\/strong>y<strong> \u00c1lvaro Artime<\/strong> como entrenadores.<a href=\"http:\/\/www.arqueroszamora.es\/wp-content\/uploads\/2018\/07\/equipo-menores-cadestes-y-veteranos.jpg\"><img loading=\"lazy\" decoding=\"async\" class=\"aligncenter wp-image-1803\" src=\"http:\/\/www.arqueroszamora.es\/wp-content\/uploads\/2018\/07\/equipo-menores-cadestes-y-veteranos.jpg\" alt=\"\" width=\"512\" height=\"384\" srcset=\"http:\/\/www.arqueroszamora.es\/wp-content\/uploads\/2018\/07\/equipo-menores-cadestes-y-veteranos.jpg 1024w, http:\/\/www.arqueroszamora.es\/wp-content\/uploads\/2018\/07\/equipo-menores-cadestes-y-veteranos-300x225.jpg 300w, http:\/\/www.arqueroszamora.es\/wp-content\/uploads\/2018\/07\/equipo-menores-cadestes-y-veteranos-768x576.jpg 768w\" sizes=\"auto, (max-width: 512px) 100vw, 512px\" \/><\/a><\/p>\n<p>Paralelamente a este campeonato se desarrollaba el Campeonato de Veteranos de Aire Libre al que acudieron dos zamoranos: <strong>Manuel Artime <\/strong>y<strong> Jos\u00e9 Manuel Quintano<\/strong>.<\/p>\n<p>El domingo se celebr\u00f3 el campeonato Junior y Senior en el tomaron parte Raquel Gonz\u00e1lez, Jorge \u00c1lvarez y Laura Merayo como junior. <strong>Mati Pe\u00f1a, Daniel Garc\u00eda, Manuel Artime, \u00c1lvaro Artime, Jos\u00e9 Manuel Quintano <\/strong>y<strong> Ramiro Portales.<\/strong><\/p>\n<p>En la competici\u00f3n de veteranos <strong>Manuel Artime<\/strong> lograba el oro frente a su compa\u00f1ero de club, <strong>Jos\u00e9 Manuel Quintano<\/strong> que con su plata casi coparon el podio de arco recurvo.<\/p>\n<p>Entre los menores y cadetes <strong>Olivia Lorenzo<\/strong>, alev\u00edn de arco recurvo, se colgaba merecidamente el oro y su compa\u00f1era de club, <strong>Enma Piedra<\/strong>, el bronce, conformando un podio donde la bandera del club zamorano destacaba. En esta categor\u00eda <strong>Aar\u00f3n Mu\u00f1oz<\/strong> consegu\u00eda un re\u00f1ido 4\u00ba puesto.<\/p>\n<p>Entre los infantiles de arco compuesto <strong>Mario Mart\u00edn<\/strong> se trajo para Zamora la plata. En esta categor\u00eda, con arco recurvo, <strong>Luc\u00eda Barroso<\/strong> no tuvo su mejor d\u00eda y no pudo acercarse a puestos de podio.<\/p>\n<p>En la categor\u00eda cadete femenino de arco recurvo <strong>Laura Merayo<\/strong>, que est\u00e1 en un buen momento de forma, hizo un campeonato espectacular, con marca personal incluida y alcanzando un merecido oro despu\u00e9s de eliminar a buenas tiradoras. En esta misma categor\u00eda y modalidad <strong>Jorge \u00c1lvarez<\/strong> quedaba 4\u00ba y <strong>Raquel Gonz\u00e1lez<\/strong> 5\u00aa. Los tres hicieron muy buen campeonato.<\/p>\n<p>En la entrega de medallas a los menores y cadetes tambi\u00e9n se hizo entrega de las medallas a los ganadores de la Liga Territorial de Menores y Cadetes, y entre ellos estuvieron de nuevo <strong>Olivia Lorenzo<\/strong> con un nuevo oro, <strong>Laura Merayo<\/strong>, <strong>Mario Mart\u00edn<\/strong> y <strong>Aar\u00f3n Mu\u00f1oz<\/strong> con sendas platas y dos bronces de la mano de <strong>Enma Piedra <\/strong>y<strong> Jorge \u00c1lvarez.Mati Pe\u00f1a,<\/strong><\/p>\n<p>El domingo fue el campeonato junior y senior. Al de junior se apuntaron los tres cadetes que hab\u00edan participado el d\u00eda anterior: <strong>Laura, Raquel <\/strong>y<strong> Jorge<\/strong> y lo hicieron fenomenal. <strong>Laura<\/strong> volvi\u00f3 a demostrar su buen momento de forma al quedar en primer lugar de la clasificaci\u00f3n con una marca excelente; sin embargo en la eliminatoria por el oro no logr\u00f3 vencer a su oponente, quiz\u00e1 por el cansancio acumulado, y hubo de conformarse con la plata.<a href=\"http:\/\/www.arqueroszamora.es\/wp-content\/uploads\/2018\/07\/JuniorSenior.jpg\"><img loading=\"lazy\" decoding=\"async\" class=\"aligncenter wp-image-1804\" src=\"http:\/\/www.arqueroszamora.es\/wp-content\/uploads\/2018\/07\/JuniorSenior.jpg\" alt=\"\" width=\"512\" height=\"308\" srcset=\"http:\/\/www.arqueroszamora.es\/wp-content\/uploads\/2018\/07\/JuniorSenior.jpg 946w, http:\/\/www.arqueroszamora.es\/wp-content\/uploads\/2018\/07\/JuniorSenior-300x180.jpg 300w, http:\/\/www.arqueroszamora.es\/wp-content\/uploads\/2018\/07\/JuniorSenior-768x462.jpg 768w\" sizes=\"auto, (max-width: 512px) 100vw, 512px\" \/><\/a><\/p>\n<p><strong>Jorge \u00c1lvarez<\/strong> por su parte tambi\u00e9n estuvo fino y alcanz\u00f3 una nueva plata para los zamoranos.<\/p>\n<p>Entre los adultos <strong>Henar Quintano<\/strong> subi\u00f3, una vez m\u00e1s esta temporada, al podio para recoger el oro en arco recurvo femenino.<\/p>\n<p>Por \u00faltimo, <strong>Mati Pe\u00f1a,<\/strong> que fue de menos a m\u00e1s, logr\u00f3 subir al podio y colgarse el bronce en arco compuesto.<\/p>\n<p>Con estos campeonatos se echaba el cierre a las competiciones territoriales de aire libre y los resultados fueron muy buenos.<\/p>\n<p>Los adultos tendr\u00e1n que afrontar el campeonato de Espa\u00f1a en Santander este fin de semana y el siguiente la final del campeonato de Espa\u00f1a de Clubes. Los cadetes a\u00fan tienen que disputar el campeonato de Espa\u00f1a en Almusafes el 22 y 23 de julio.<\/p>\n","protected":false},"excerpt":{"rendered":"<p>El campo de tiro con arco de la Ciudad Deportiva de Valladolid acogi\u00f3 este fin de semana una maratoniana sesi\u00f3n de tiro con arco a la que asistieron, como no iba a ser menos, tiradores del C.D Aqrueros Zamora Reny Picot. Los resultados no han podido ser mejores. Tanto que entre las tres competiciones que\u2026 <span class=\"read-more\"><a href=\"http:\/\/www.arqueroszamora.es\/index.php\/2018\/07\/04\/campeonatos-territoriales-aire-libre-2018\/\">Leer m\u00e1s &raquo;<\/a><\/span><\/p>\n","protected":false},"author":5,"featured_media":1804,"comment_status":"closed","ping_status":"closed","sticky":false,"template":"","format":"standard","meta":{"footnotes":""},"categories":[7],"tags":[],"class_list":["post-1802","post","type-post","status-publish","format-standard","has-post-thumbnail","hentry","category-noticias"],"_links":{"self":[{"href":"http:\/\/www.arqueroszamora.es\/index.php\/wp-json\/wp\/v2\/posts\/1802","targetHints":{"allow":["GET"]}}],"collection":[{"href":"http:\/\/www.arqueroszamora.es\/index.php\/wp-json\/wp\/v2\/posts"}],"about":[{"href":"http:\/\/www.arqueroszamora.es\/index.php\/wp-json\/wp\/v2\/types\/post"}],"author":[{"embeddable":true,"href":"http:\/\/www.arqueroszamora.es\/index.php\/wp-json\/wp\/v2\/users\/5"}],"replies":[{"embeddable":true,"href":"http:\/\/www.arqueroszamora.es\/index.php\/wp-json\/wp\/v2\/comments?post=1802"}],"version-history":[{"count":0,"href":"http:\/\/www.arqueroszamora.es\/index.php\/wp-json\/wp\/v2\/posts\/1802\/revisions"}],"wp:featuredmedia":[{"embeddable":true,"href":"http:\/\/www.arqueroszamora.es\/index.php\/wp-json\/wp\/v2\/media\/1804"}],"wp:attachment":[{"href":"http:\/\/www.arqueroszamora.es\/index.php\/wp-json\/wp\/v2\/media?parent=1802"}],"wp:term":[{"taxonomy":"category","embeddable":true,"href":"http:\/\/www.arqueroszamora.es\/index.php\/wp-json\/wp\/v2\/categories?post=1802"},{"taxonomy":"post_tag","embeddable":true,"href":"http:\/\/www.arqueroszamora.es\/index.php\/wp-json\/wp\/v2\/tags?post=1802"}],"curies":[{"name":"wp","href":"https:\/\/api.w.org\/{rel}","templated":true}]}}