{"id":1805,"date":"2018-07-11T22:16:00","date_gmt":"2018-07-11T21:16:00","guid":{"rendered":"http:\/\/www.arqueroszamora.es\/?p=1805"},"modified":"2019-05-29T20:16:18","modified_gmt":"2019-05-29T19:16:18","slug":"campeonato-de-espana-absoluto-de-aire-libre-y-de-comunidades-autonomas","status":"publish","type":"post","link":"http:\/\/www.arqueroszamora.es\/index.php\/2018\/07\/11\/campeonato-de-espana-absoluto-de-aire-libre-y-de-comunidades-autonomas\/","title":{"rendered":"Campeonato de Espa\u00f1a Absoluto de Aire Libre y de Comunidades Aut\u00f3nomas"},"content":{"rendered":"<p><strong>Henar Quintano<\/strong> y <strong>Mati Pe\u00f1a<\/strong> fueron las dos arqueras que representaron al CD Arqueros Zamora Reny Picot en el Campeonato de Espa\u00f1a Absoluto de Aire Libre y de Comunidades Aut\u00f3nomas que se celebr\u00f3 este fin de semana en Santander en el espl\u00e9ndido marco del Parque de la Magdalena y al que asistieron cerca de 300 arqueros de toda la geograf\u00eda espa\u00f1ola.<a href=\"http:\/\/www.arqueroszamora.es\/wp-content\/uploads\/2018\/07\/Henar-muestra-el-codiciado-metal-de-plata.jpg\"><img loading=\"lazy\" decoding=\"async\" class=\"alignright size-medium wp-image-1806\" src=\"http:\/\/www.arqueroszamora.es\/wp-content\/uploads\/2018\/07\/Henar-muestra-el-codiciado-metal-de-plata-225x300.jpg\" alt=\"\" width=\"225\" height=\"300\" srcset=\"http:\/\/www.arqueroszamora.es\/wp-content\/uploads\/2018\/07\/Henar-muestra-el-codiciado-metal-de-plata-225x300.jpg 225w, http:\/\/www.arqueroszamora.es\/wp-content\/uploads\/2018\/07\/Henar-muestra-el-codiciado-metal-de-plata-768x1024.jpg 768w, http:\/\/www.arqueroszamora.es\/wp-content\/uploads\/2018\/07\/Henar-muestra-el-codiciado-metal-de-plata.jpg 1056w\" sizes=\"auto, (max-width: 225px) 100vw, 225px\" \/><\/a><\/p>\n<p>Comenzaron las series clasificatorias el jueves para los arqueros de arco adaptado y el viernes por la ma\u00f1ana tirar\u00edan los de arco ol\u00edmpico. Aqu\u00ed entr\u00f3 en escena <strong>Henar<\/strong> que, sin hacer una de sus mejores tiradas, 552 puntos, lograba colocarse la catorce y de cara a las eliminatorias no era mala posici\u00f3n porque lograba pase directo de veinticuatroavos a dieciseisavos de final. En esta eliminatoria le toc\u00f3 un hueso duro, <strong>Ocean\u00eda Morago<\/strong>, a la que venci\u00f3 con un rotundo 6-2. Los octavos los tirar\u00eda el s\u00e1bado por la ma\u00f1ana contra <strong>Nerea L\u00f3pez<\/strong>, arquera muy consolidada, que no le dio opci\u00f3n a nuestra arquera acabando el periplo individual de <strong>Henar<\/strong> en este campeonato en el noveno lugar final. Sin embargo la marca que consigui\u00f3 en las tandas clasificatorias la metieron en el equipo de Castilla y Le\u00f3n junto a las salmantinas <strong>Alba Garrote<\/strong> y <strong>Jimena Bl\u00e1zquez<\/strong> para luchar en el campeonato por comunidades el s\u00e1bado por la tarde y domingo por la ma\u00f1ana. Y en este campeonato, este equipo lo hizo fenomenal eliminando a equipos en teor\u00eda m\u00e1s fuertes hasta plantarse en la final contra el potente equipo de Madrid, formado por tres componentes del equipo nacional y contra el que lograron ara\u00f1arle un set de tres. Finalmente plata para el equipo muy apreciada por la dificultad que entra\u00f1\u00f3 conseguirla. Gran satisfacci\u00f3n entre los zamoranos presentes porque <strong>Henar<\/strong> volv\u00eda a subir este a\u00f1o al caj\u00f3n con las mejores.<\/p>\n<p>La participaci\u00f3n de <strong>Mati<\/strong> comenz\u00f3 el viernes por la tarde en las tandas clasificatorias. Fue de menos a m\u00e1s y consigui\u00f3 una buena marca, 639 puntos, que la situaban en la decimocuarta posici\u00f3n que le daba pase directo a dieciseisavos. El enfrentamiento fue contra la arquera manchega, <strong>Ana Rodr\u00edguez<\/strong>, contra la que empez\u00f3 muy bien con tres puntos de ventaja pero poco a poco se fue descentrando y perdiendo confianza en su tiro hasta perder la ventaja y el enfrentamiento. Una l\u00e1stima porque adem\u00e1s no hab\u00eda logrado entrar en el equipo de Castilla y Le\u00f3n de arco compuesto femenino por s\u00f3lo ocho puntos. Su posici\u00f3n final ser\u00eda la diecisete.<\/p>\n<p>El pr\u00f3ximo fin de semana ser\u00e1 la final del campeonato de clubes en la que tanto <strong>Henar<\/strong> como <strong>Mati<\/strong> volver\u00e1n a competir con sus equipos en Alcal\u00e1 de Henares.<\/p>\n<p><a href=\"http:\/\/www.arqueroszamora.es\/wp-content\/uploads\/2018\/07\/Henar-orgullosa-con-su-medalla-en-el-podio.jpg\" target=\"_blank\" rel=\"noopener noreferrer\"><img loading=\"lazy\" decoding=\"async\" class=\"aligncenter wp-image-1807\" src=\"http:\/\/www.arqueroszamora.es\/wp-content\/uploads\/2018\/07\/Henar-orgullosa-con-su-medalla-en-el-podio-1024x768.jpg\" alt=\"\" width=\"700\" height=\"525\" srcset=\"http:\/\/www.arqueroszamora.es\/wp-content\/uploads\/2018\/07\/Henar-orgullosa-con-su-medalla-en-el-podio-1024x768.jpg 1024w, http:\/\/www.arqueroszamora.es\/wp-content\/uploads\/2018\/07\/Henar-orgullosa-con-su-medalla-en-el-podio-300x225.jpg 300w, http:\/\/www.arqueroszamora.es\/wp-content\/uploads\/2018\/07\/Henar-orgullosa-con-su-medalla-en-el-podio-768x576.jpg 768w, http:\/\/www.arqueroszamora.es\/wp-content\/uploads\/2018\/07\/Henar-orgullosa-con-su-medalla-en-el-podio.jpg 1408w\" sizes=\"auto, (max-width: 700px) 100vw, 700px\" \/><\/a><\/p>\n","protected":false},"excerpt":{"rendered":"<p>Henar Quintano y Mati Pe\u00f1a fueron las dos arqueras que representaron al CD Arqueros Zamora Reny Picot en el Campeonato de Espa\u00f1a Absoluto de Aire Libre y de Comunidades Aut\u00f3nomas que se celebr\u00f3 este fin de semana en Santander en el espl\u00e9ndido marco del Parque de la Magdalena y al que asistieron cerca de 300\u2026 <span class=\"read-more\"><a href=\"http:\/\/www.arqueroszamora.es\/index.php\/2018\/07\/11\/campeonato-de-espana-absoluto-de-aire-libre-y-de-comunidades-autonomas\/\">Leer m\u00e1s &raquo;<\/a><\/span><\/p>\n","protected":false},"author":5,"featured_media":1806,"comment_status":"closed","ping_status":"closed","sticky":false,"template":"","format":"standard","meta":{"footnotes":""},"categories":[7],"tags":[],"class_list":["post-1805","post","type-post","status-publish","format-standard","has-post-thumbnail","hentry","category-noticias"],"_links":{"self":[{"href":"http:\/\/www.arqueroszamora.es\/index.php\/wp-json\/wp\/v2\/posts\/1805","targetHints":{"allow":["GET"]}}],"collection":[{"href":"http:\/\/www.arqueroszamora.es\/index.php\/wp-json\/wp\/v2\/posts"}],"about":[{"href":"http:\/\/www.arqueroszamora.es\/index.php\/wp-json\/wp\/v2\/types\/post"}],"author":[{"embeddable":true,"href":"http:\/\/www.arqueroszamora.es\/index.php\/wp-json\/wp\/v2\/users\/5"}],"replies":[{"embeddable":true,"href":"http:\/\/www.arqueroszamora.es\/index.php\/wp-json\/wp\/v2\/comments?post=1805"}],"version-history":[{"count":0,"href":"http:\/\/www.arqueroszamora.es\/index.php\/wp-json\/wp\/v2\/posts\/1805\/revisions"}],"wp:featuredmedia":[{"embeddable":true,"href":"http:\/\/www.arqueroszamora.es\/index.php\/wp-json\/wp\/v2\/media\/1806"}],"wp:attachment":[{"href":"http:\/\/www.arqueroszamora.es\/index.php\/wp-json\/wp\/v2\/media?parent=1805"}],"wp:term":[{"taxonomy":"category","embeddable":true,"href":"http:\/\/www.arqueroszamora.es\/index.php\/wp-json\/wp\/v2\/categories?post=1805"},{"taxonomy":"post_tag","embeddable":true,"href":"http:\/\/www.arqueroszamora.es\/index.php\/wp-json\/wp\/v2\/tags?post=1805"}],"curies":[{"name":"wp","href":"https:\/\/api.w.org\/{rel}","templated":true}]}}