{"id":1809,"date":"2018-07-24T19:59:45","date_gmt":"2018-07-24T18:59:45","guid":{"rendered":"http:\/\/www.arqueroszamora.es\/?p=1809"},"modified":"2019-05-29T20:15:23","modified_gmt":"2019-05-29T19:15:23","slug":"liga-nacional-de-clubes","status":"publish","type":"post","link":"http:\/\/www.arqueroszamora.es\/index.php\/2018\/07\/24\/liga-nacional-de-clubes\/","title":{"rendered":"Liga Nacional de Clubes"},"content":{"rendered":"<p><a href=\"http:\/\/www.arqueroszamora.es\/wp-content\/uploads\/2018\/07\/Mati-y-Henar-con-us-medallas-de-plata-.jpg\" target=\"_blank\" rel=\"noopener noreferrer\"><img loading=\"lazy\" decoding=\"async\" class=\"wp-image-1810 alignleft\" src=\"http:\/\/www.arqueroszamora.es\/wp-content\/uploads\/2018\/07\/Mati-y-Henar-con-us-medallas-de-plata--614x1024.jpg\" alt=\"\" width=\"250\" height=\"417\" srcset=\"http:\/\/www.arqueroszamora.es\/wp-content\/uploads\/2018\/07\/Mati-y-Henar-con-us-medallas-de-plata-.jpg 614w, http:\/\/www.arqueroszamora.es\/wp-content\/uploads\/2018\/07\/Mati-y-Henar-con-us-medallas-de-plata--180x300.jpg 180w\" sizes=\"auto, (max-width: 250px) 100vw, 250px\" \/><\/a>La final de la Liga Nacional de Clubes ( antiguo Campeonato Nacional de Clubes y Copa de la Reina) celebrado este fin de semana en Alcal\u00e1 de Henares tuvo representaci\u00f3n por parte del <strong>CD Arqueros Zamora Reny Picot,<\/strong> el cual ten\u00eda inscrito un equipo, <strong>Ocellun Duri,<\/strong> de arco compuesto femenino formado por <strong>Mati Pe\u00f1a<\/strong>, <strong>Sonsoles Bouzas<\/strong>, <strong>Gema Corral<\/strong>, <strong>Juana Pedregosa<\/strong>, <strong>Sandra Garc\u00eda<\/strong> y <strong>Daniel Garc\u00eda<\/strong> como entrenador y capit\u00e1n del equipo.<\/p>\n<p>Tambi\u00e9n participaba en otro equipo de arco recurvo femenino <strong>Henar Quintano<\/strong> junto a <strong>Lara Herrero<\/strong>, <strong>Mar\u00eda Arranz<\/strong> y <strong>Raquel L\u00f3pez<\/strong>. Este equipo pertenec\u00eda al club Arcolid, de Valladolid. Dado que no siempre hay en los clubes mujeres suficientes de calidad para formar equipos, la RFETA permite a las mujeres formar equipo con otros clubes de la misma comunidad. Y dado que el club zamorano no presentaba equipo de arco recurvo, <strong>Henar Quintano<\/strong> pidi\u00f3 permiso al club para participar con las vallisoletanas, permiso que se le concedi\u00f3.<\/p>\n<p>Asistieron a esta fase final del campeonato 39 equipos formados por un m\u00ednimo de tres tiradores. Previamente a esta fase ha habido cinco Grandes Premios de Espa\u00f1a que eran valederos para la clasificaci\u00f3n de esta final. Las dos tiradoras zamoranas con sus equipos se hab\u00edan clasificado claramente para estar en Alcal\u00e1 para medirse a las mejores.<\/p>\n<p>En esta ocasi\u00f3n, de nuevo el club capitalino volvi\u00f3 a plantarse en el podio.<\/p>\n<p>El equipo de arco compuesto disput\u00f3 el s\u00e1bado por la ma\u00f1ana una primera ronda clasificatoria de 72 flechas para ver c\u00f3mo quedaban los emparejamientos en semifinales. Con una puntuaci\u00f3n de 1864 puntos lograron meterse en las eliminatorias de cuartos en cuarta posici\u00f3n. Tuvo tres enfrentamientos y de los cuales perdi\u00f3 dos, pero a\u00fan as\u00ed sacaba plaza en cuarta posici\u00f3n para la lucha por los metales del domingo; empresa nada f\u00e1cil porque le tocaba contra el equipo de Valladolid formado por las recientes campeonas de Espa\u00f1a por comunidades y claras favoritas al oro. Este enfrentamiento dio la campanada porque aunque las <a href=\"http:\/\/www.arqueroszamora.es\/wp-content\/uploads\/2018\/07\/Equipo-Ocellun-Duri-del-CD-Arqueros-Zamora-Subcame\u00f3n-de-Espa\u00f1a.jpg\" target=\"_blank\" rel=\"noopener noreferrer\"><img loading=\"lazy\" decoding=\"async\" class=\"alignright wp-image-1811 size-medium\" src=\"http:\/\/www.arqueroszamora.es\/wp-content\/uploads\/2018\/07\/Equipo-Ocellun-Duri-del-CD-Arqueros-Zamora-Subcame\u00f3n-de-Espa\u00f1a-300x180.jpg\" alt=\"\" width=\"300\" height=\"180\" srcset=\"http:\/\/www.arqueroszamora.es\/wp-content\/uploads\/2018\/07\/Equipo-Ocellun-Duri-del-CD-Arqueros-Zamora-Subcame\u00f3n-de-Espa\u00f1a-300x180.jpg 300w, http:\/\/www.arqueroszamora.es\/wp-content\/uploads\/2018\/07\/Equipo-Ocellun-Duri-del-CD-Arqueros-Zamora-Subcame\u00f3n-de-Espa\u00f1a-768x461.jpg 768w, http:\/\/www.arqueroszamora.es\/wp-content\/uploads\/2018\/07\/Equipo-Ocellun-Duri-del-CD-Arqueros-Zamora-Subcame\u00f3n-de-Espa\u00f1a.jpg 1024w\" sizes=\"auto, (max-width: 300px) 100vw, 300px\" \/><\/a>vallisoletanas comenzaron ganando de dos puntos, en el siguiente encuentro las nuestras remontaban y ganaban de dos. Esto debi\u00f3 poner nervioso al equipo de Valladolid dado que no est\u00e1n acostumbradas a ir por debajo en el marcador y as\u00ed se lo hizo saber <strong>Daniel Garc\u00eda<\/strong> a las zamoranas para motivarlas a\u00fan m\u00e1s. Fuera cierto o no la realidad es que en la pen\u00faltima entrada, muy nerviosas ellas, las nuestras volvieron a aumentarle la ventaja hasta los 9 puntos. La gesta parec\u00eda hecha y las zamoranas se pusieron nerviosas ante lo cerca que ve\u00edan la posibilidad de vencer a las favoritas. Este nerviosismo se dej\u00f3 notar en la \u00faltima entrada, en la cual las pucelanas se rehicieron recortando 5 puntos pero insuficientes para derrotar a las zamoranas. Alegr\u00eda inmensa en el equipo porque ya estaba en la final por el oro. Final que disputar\u00eda contra el equipo Inform\u00e1tica, de Madrid, que hab\u00eda sido ganador en la otra semifinal.<\/p>\n<p>La final de las nuestras, a\u00fan nerviosas por la haza\u00f1a anterior, y tambi\u00e9n por ser a tiro alterno y cantado por megafon\u00eda al p\u00fablico, no tuvo nada que ver con la semifinal. Estuvieron inconsistentes, descentradas y por ende poco finas. Las rivales, buenas ya de por s\u00ed, aprovecharon su oportunidad y ganaron justamente. Plata para el equipo del <strong>CD. Arqueros Zamora<\/strong>. Rese\u00f1ar que este mismo equipo ya ha sido en ediciones anteriores Oro, Plata, Bronce y este a\u00f1o plata de nuevo.<\/p>\n<p>Andadura semejante a las chicas de arco compuesto llev\u00f3 <strong>Henar<\/strong> con su equipo de recurvo. Comenz\u00f3 la ronda clas<a href=\"http:\/\/www.arqueroszamora.es\/wp-content\/uploads\/2018\/07\/Henar-subcampeona-con-Equipo-Arcolid.jpg\" target=\"_blank\" rel=\"noopener noreferrer\"><img loading=\"lazy\" decoding=\"async\" class=\"alignleft wp-image-1812 size-medium\" src=\"http:\/\/www.arqueroszamora.es\/wp-content\/uploads\/2018\/07\/Henar-subcampeona-con-Equipo-Arcolid-300x180.jpg\" alt=\"\" width=\"300\" height=\"180\" srcset=\"http:\/\/www.arqueroszamora.es\/wp-content\/uploads\/2018\/07\/Henar-subcampeona-con-Equipo-Arcolid-300x180.jpg 300w, http:\/\/www.arqueroszamora.es\/wp-content\/uploads\/2018\/07\/Henar-subcampeona-con-Equipo-Arcolid-768x461.jpg 768w, http:\/\/www.arqueroszamora.es\/wp-content\/uploads\/2018\/07\/Henar-subcampeona-con-Equipo-Arcolid-1024x614.jpg 1024w, http:\/\/www.arqueroszamora.es\/wp-content\/uploads\/2018\/07\/Henar-subcampeona-con-Equipo-Arcolid.jpg 1600w\" sizes=\"auto, (max-width: 300px) 100vw, 300px\" \/><\/a>ificatoria el s\u00e1bado por la tarde y tambi\u00e9n consiguieron clasificarse en cuarto lugar. En los enfrentamiento por entrar en las eliminatorias de semifinales derrotaron a Arco Ibiza y Arco Soto, de Madrid, perdiendo con el equipo Ankara, de Madrid. Se clasificaban como segundas y hab\u00eda esperanzas para el domingo. Y fueron fundadas porque en su enfrentamiento, de nuevo, contra Arco Soto salieron ganadoras y derechas a la final contra el potente equipo Ankara, final que tambi\u00e9n les pas\u00f3 factura ser a tiro alterno. La perdieron pero la plata supo a oro.<\/p>\n<p>Excelentes resultados a nivel individual de las arqueras zamoranas y a nivel del club zamorano que, siendo de los m\u00e1s modestos de Espa\u00f1a en masa social y recursos materiales, sigue ingeni\u00e1ndoselas para estar entre los m\u00e1s grandes y hacer que muchos se pregunten c\u00f3mo lo hacen.<\/p>\n<p>A\u00fan queda una competici\u00f3n oficial nacional de aire libre: el Campeonato de Espa\u00f1a de Menores y Cadetes. Ser\u00e1 el pr\u00f3ximo fin de semana en Valencia y el CD Arqueros Zamora presentar\u00e1 a tres cadetes: <strong>Laura Merayo, Raquel Gonz\u00e1lez y Jorge \u00c1lvarez<\/strong>. Si alguno logra estar entre los cuatro finalistas ya ser\u00e1 otro \u00e9xito para el club.<\/p>\n","protected":false},"excerpt":{"rendered":"<p>La final de la Liga Nacional de Clubes ( antiguo Campeonato Nacional de Clubes y Copa de la Reina) celebrado este fin de semana en Alcal\u00e1 de Henares tuvo representaci\u00f3n por parte del CD Arqueros Zamora Reny Picot, el cual ten\u00eda inscrito un equipo, Ocellun Duri, de arco compuesto femenino formado por Mati Pe\u00f1a, Sonsoles\u2026 <span class=\"read-more\"><a href=\"http:\/\/www.arqueroszamora.es\/index.php\/2018\/07\/24\/liga-nacional-de-clubes\/\">Leer m\u00e1s &raquo;<\/a><\/span><\/p>\n","protected":false},"author":5,"featured_media":1811,"comment_status":"closed","ping_status":"closed","sticky":false,"template":"","format":"standard","meta":{"footnotes":""},"categories":[7],"tags":[],"class_list":["post-1809","post","type-post","status-publish","format-standard","has-post-thumbnail","hentry","category-noticias"],"_links":{"self":[{"href":"http:\/\/www.arqueroszamora.es\/index.php\/wp-json\/wp\/v2\/posts\/1809","targetHints":{"allow":["GET"]}}],"collection":[{"href":"http:\/\/www.arqueroszamora.es\/index.php\/wp-json\/wp\/v2\/posts"}],"about":[{"href":"http:\/\/www.arqueroszamora.es\/index.php\/wp-json\/wp\/v2\/types\/post"}],"author":[{"embeddable":true,"href":"http:\/\/www.arqueroszamora.es\/index.php\/wp-json\/wp\/v2\/users\/5"}],"replies":[{"embeddable":true,"href":"http:\/\/www.arqueroszamora.es\/index.php\/wp-json\/wp\/v2\/comments?post=1809"}],"version-history":[{"count":0,"href":"http:\/\/www.arqueroszamora.es\/index.php\/wp-json\/wp\/v2\/posts\/1809\/revisions"}],"wp:featuredmedia":[{"embeddable":true,"href":"http:\/\/www.arqueroszamora.es\/index.php\/wp-json\/wp\/v2\/media\/1811"}],"wp:attachment":[{"href":"http:\/\/www.arqueroszamora.es\/index.php\/wp-json\/wp\/v2\/media?parent=1809"}],"wp:term":[{"taxonomy":"category","embeddable":true,"href":"http:\/\/www.arqueroszamora.es\/index.php\/wp-json\/wp\/v2\/categories?post=1809"},{"taxonomy":"post_tag","embeddable":true,"href":"http:\/\/www.arqueroszamora.es\/index.php\/wp-json\/wp\/v2\/tags?post=1809"}],"curies":[{"name":"wp","href":"https:\/\/api.w.org\/{rel}","templated":true}]}}