{"id":1813,"date":"2018-07-24T20:06:56","date_gmt":"2018-07-24T19:06:56","guid":{"rendered":"http:\/\/www.arqueroszamora.es\/?p=1813"},"modified":"2019-05-29T20:14:10","modified_gmt":"2019-05-29T19:14:10","slug":"campeonato-de-espana-cadete-de-aire-libre","status":"publish","type":"post","link":"http:\/\/www.arqueroszamora.es\/index.php\/2018\/07\/24\/campeonato-de-espana-cadete-de-aire-libre\/","title":{"rendered":"Campeonato de Espa\u00f1a cadete de aire libre."},"content":{"rendered":"<p>Durante el fin de semana se celebr\u00f3 en Almusafes, Valencia, el campeonato de Espa\u00f1a cadete de aire libre, al que acudieron desde el <strong>CD Arqueros Zamora Reny Picot<\/strong> tres arqueros: <strong>Laura Merayo<\/strong>, <strong>Raque Gonz\u00e1lez<\/strong> y <strong>Jorge \u00c1lvarez<\/strong> acompa\u00f1ados por <strong>Daniel Garc\u00eda<\/strong> Y <strong>\u00c1lvaro Artime<\/strong> como entrenadores. Los cinco acud\u00edan con esperanzas de hacer un buen campeonato que refrendara la buena forma con la llegaban.<a href=\"http:\/\/www.arqueroszamora.es\/wp-content\/uploads\/2018\/07\/EXPEDICI\u00d3N-ZAMORA-A-ALMUSAFES.jpg\" target=\"_blank\" rel=\"noopener noreferrer\"><img loading=\"lazy\" decoding=\"async\" class=\"alignright wp-image-1814\" src=\"http:\/\/www.arqueroszamora.es\/wp-content\/uploads\/2018\/07\/EXPEDICI\u00d3N-ZAMORA-A-ALMUSAFES.jpg\" alt=\"\" width=\"400\" height=\"300\" srcset=\"http:\/\/www.arqueroszamora.es\/wp-content\/uploads\/2018\/07\/EXPEDICI\u00d3N-ZAMORA-A-ALMUSAFES.jpg 1024w, http:\/\/www.arqueroszamora.es\/wp-content\/uploads\/2018\/07\/EXPEDICI\u00d3N-ZAMORA-A-ALMUSAFES-300x225.jpg 300w, http:\/\/www.arqueroszamora.es\/wp-content\/uploads\/2018\/07\/EXPEDICI\u00d3N-ZAMORA-A-ALMUSAFES-768x576.jpg 768w\" sizes=\"auto, (max-width: 400px) 100vw, 400px\" \/><\/a><\/p>\n<p>El s\u00e1bado por la ma\u00f1ana tiraron las series clasificatorias, setenta y dos flechas, en las que destac\u00f3 una vez m\u00e1s <strong>Laura<\/strong> que con 609 puntos se colocaba sexta en la general y le daba el pase libre en las eliminatorias de veinticuatroavos.<\/p>\n<p><strong>Raquel<\/strong> estuvo en un buen nivel, lo suficiente para pasar libre tambi\u00e9n gracias a los 563 puntos alcanzados.<\/p>\n<p><strong>Jorge<\/strong> hizo una buena primera tanda de treinta y seis flechas pero en la segunda baj\u00f3, lo que hizo que acabara con 542 puntos que lo relegaron a la puesto 31 y tuviera que disputar la primera eliminatoria contra el madrile\u00f1o <strong>Alejandro Andamayo<\/strong> al que gano despu\u00e9s de algunos titubeos. En dieciseisavos el enfrentamiento fue contra un muy buen arquero, <strong>Yun S\u00e1nchez<\/strong>, de Madrid, contra el que hizo un buen papel pero no le tuvo opciones y cay\u00f3 eliminado terminando con una posici\u00f3n final del diecisiete.<\/p>\n<p><strong>Raquel<\/strong> en dieciseisavos se enfrent\u00f3 a <strong>Cristina de Guzm\u00e1n<\/strong> en una eliminatoria de que fue de menos a m\u00e1s. Comenz\u00f3 perdiendo pero le fue remontando hasta llegar a empatar 5-5 y tener que lanzar la flecha de desempate en la que la zamorana lograba un 9 frente al 7 de su rival. Pasaba a octavos para pelear contra la catalana <strong>Elia Canales<\/strong>, un hueso duro y muy veterana ya pese a su juventud. <strong>Raquel<\/strong> tir\u00f3 muy bien con series de 26,27,28-27-26, pero <strong>Elia<\/strong> estuvo inconmesurable y fue la justa ganadora. <strong>Raquel<\/strong>, a\u00fan perdiendo, sali\u00f3 reforzada y en el noveno puesto final.<\/p>\n<p>a nivel de club y personal dado que los objetivos de hacer un buen clasificatorio, terminar entre las diez primeras, en el caso de las chicas, y entrar en el equipo mixto alguno, se consiguieron.<\/p>\n<p>Con este campeonato acaba la temporada de aire libre nacional y auton\u00f3mica. A\u00fan har\u00e1n m\u00e1s competiciones pero ser\u00e1n torneos veraniegos donde la exigencia mental es menor.<\/p>\n<p>En diecis\u00e9isavos de final <strong>Laura<\/strong> se enfrent\u00f3 a la madrile\u00f1a <strong>Andrea Ortega<\/strong> a la que venci\u00f3 sin grandes problemas para plantarse en octavos contra la asturiana <strong>Vanesa Berdasco<\/strong> a la que comenz\u00f3 ganando, pero una flecha mal gestionada por parte de <strong>Laura<\/strong> le baj\u00f3 la concentraci\u00f3n y le dio alas a <strong>Vanesa<\/strong> que termin\u00f3 ganando a la zamorana, terminando su andadura individual en el noveno puesto.<\/p>\n<div id=\"attachment_1815\" style=\"width: 410px\" class=\"wp-caption alignleft\"><a href=\"http:\/\/www.arqueroszamora.es\/wp-content\/uploads\/2018\/07\/LAURA-MERAYO-EN-EL-EQUIPO-MIXTO-DE-CASTILLA-Y-LE\u00d3N.jpg\" target=\"_blank\" rel=\"noopener noreferrer\"><img loading=\"lazy\" decoding=\"async\" aria-describedby=\"caption-attachment-1815\" class=\"wp-image-1815\" src=\"http:\/\/www.arqueroszamora.es\/wp-content\/uploads\/2018\/07\/LAURA-MERAYO-EN-EL-EQUIPO-MIXTO-DE-CASTILLA-Y-LE\u00d3N.jpg\" alt=\"\" width=\"400\" height=\"300\" srcset=\"http:\/\/www.arqueroszamora.es\/wp-content\/uploads\/2018\/07\/LAURA-MERAYO-EN-EL-EQUIPO-MIXTO-DE-CASTILLA-Y-LE\u00d3N.jpg 1024w, http:\/\/www.arqueroszamora.es\/wp-content\/uploads\/2018\/07\/LAURA-MERAYO-EN-EL-EQUIPO-MIXTO-DE-CASTILLA-Y-LE\u00d3N-300x225.jpg 300w, http:\/\/www.arqueroszamora.es\/wp-content\/uploads\/2018\/07\/LAURA-MERAYO-EN-EL-EQUIPO-MIXTO-DE-CASTILLA-Y-LE\u00d3N-768x576.jpg 768w\" sizes=\"auto, (max-width: 400px) 100vw, 400px\" \/><\/a><p id=\"caption-attachment-1815\" class=\"wp-caption-text\">cof<\/p><\/div>\n<p>El domingo se tirar\u00edan las finales de equipos mixtos por comunidades y aqu\u00ed volvi\u00f3 a entrar en escena <strong>Laura<\/strong>. Los equipos se formaban con el mejor chico y chica de cada comunidad que hubieran participado en la Liga Nacional Cadete. Y en esta liga los mejores fueron <strong>Daniel Medina<\/strong>, de Salamanca y la zamorana <strong>Laura Merayo<\/strong>. El equipo formado por estos dos arqueros part\u00edan como cuartos por debajo de Madrid, Catalu\u00f1a e Ibiza. Bajo la direcci\u00f3n de <strong>Daniel Garc\u00eda<\/strong> como capit\u00e1n, se enfrentaron en semifinales contra el equipo de Madrid, muy superior al nuestro, y perdieron la opci\u00f3n de pelear por el oro. En el enfrenamiento por el bronce frente a Catalu\u00f1a, a priori mejor que los nuestros, estuvieron a punto de dar la sorpresa pero no se consum\u00f3 acabando como hab\u00edan empezado, cuartos y medalla de chocolate.<\/p>\n<p>No ha sido mal resultado a nivel de club y personal dado que los objetivos de hacer un buen clasificatorio, terminar entre las diez primeras, en el caso de las chicas, y entrar en el equipo mixto alguno, se consiguieron.<\/p>\n<p>Con este campeonato acaba la temporada de aire libre nacional y auton\u00f3mica. A\u00fan har\u00e1n m\u00e1s competiciones pero ser\u00e1n torneos veraniegos donde la exigencia mental es menor.<\/p>\n","protected":false},"excerpt":{"rendered":"<p>Durante el fin de semana se celebr\u00f3 en Almusafes, Valencia, el campeonato de Espa\u00f1a cadete de aire libre, al que acudieron desde el CD Arqueros Zamora Reny Picot tres arqueros: Laura Merayo, Raque Gonz\u00e1lez y Jorge \u00c1lvarez acompa\u00f1ados por Daniel Garc\u00eda Y \u00c1lvaro Artime como entrenadores. Los cinco acud\u00edan con esperanzas de hacer un buen\u2026 <span class=\"read-more\"><a href=\"http:\/\/www.arqueroszamora.es\/index.php\/2018\/07\/24\/campeonato-de-espana-cadete-de-aire-libre\/\">Leer m\u00e1s &raquo;<\/a><\/span><\/p>\n","protected":false},"author":5,"featured_media":1815,"comment_status":"closed","ping_status":"closed","sticky":false,"template":"","format":"standard","meta":{"footnotes":""},"categories":[7],"tags":[],"class_list":["post-1813","post","type-post","status-publish","format-standard","has-post-thumbnail","hentry","category-noticias"],"_links":{"self":[{"href":"http:\/\/www.arqueroszamora.es\/index.php\/wp-json\/wp\/v2\/posts\/1813","targetHints":{"allow":["GET"]}}],"collection":[{"href":"http:\/\/www.arqueroszamora.es\/index.php\/wp-json\/wp\/v2\/posts"}],"about":[{"href":"http:\/\/www.arqueroszamora.es\/index.php\/wp-json\/wp\/v2\/types\/post"}],"author":[{"embeddable":true,"href":"http:\/\/www.arqueroszamora.es\/index.php\/wp-json\/wp\/v2\/users\/5"}],"replies":[{"embeddable":true,"href":"http:\/\/www.arqueroszamora.es\/index.php\/wp-json\/wp\/v2\/comments?post=1813"}],"version-history":[{"count":0,"href":"http:\/\/www.arqueroszamora.es\/index.php\/wp-json\/wp\/v2\/posts\/1813\/revisions"}],"wp:featuredmedia":[{"embeddable":true,"href":"http:\/\/www.arqueroszamora.es\/index.php\/wp-json\/wp\/v2\/media\/1815"}],"wp:attachment":[{"href":"http:\/\/www.arqueroszamora.es\/index.php\/wp-json\/wp\/v2\/media?parent=1813"}],"wp:term":[{"taxonomy":"category","embeddable":true,"href":"http:\/\/www.arqueroszamora.es\/index.php\/wp-json\/wp\/v2\/categories?post=1813"},{"taxonomy":"post_tag","embeddable":true,"href":"http:\/\/www.arqueroszamora.es\/index.php\/wp-json\/wp\/v2\/tags?post=1813"}],"curies":[{"name":"wp","href":"https:\/\/api.w.org\/{rel}","templated":true}]}}