{"id":1822,"date":"2018-10-15T16:52:56","date_gmt":"2018-10-15T15:52:56","guid":{"rendered":"http:\/\/www.arqueroszamora.es\/?p=1822"},"modified":"2019-05-29T20:12:04","modified_gmt":"2019-05-29T19:12:04","slug":"inauguracion-de-la-escuela-de-tiro-con-arco-curso-2018-19","status":"publish","type":"post","link":"http:\/\/www.arqueroszamora.es\/index.php\/2018\/10\/15\/inauguracion-de-la-escuela-de-tiro-con-arco-curso-2018-19\/","title":{"rendered":"Inauguraci\u00f3n de la escuela de tiro con arco. Curso 2018-19"},"content":{"rendered":"<p><a href=\"http:\/\/www.arqueroszamora.es\/wp-content\/uploads\/2018\/10\/inauguracion-escuela.jpg\" target=\"_blank\" rel=\"noopener noreferrer\"><img loading=\"lazy\" decoding=\"async\" class=\"alignright wp-image-1823\" src=\"http:\/\/www.arqueroszamora.es\/wp-content\/uploads\/2018\/10\/inauguracion-escuela.jpg\" alt=\"\" width=\"700\" height=\"397\" srcset=\"http:\/\/www.arqueroszamora.es\/wp-content\/uploads\/2018\/10\/inauguracion-escuela.jpg 1428w, http:\/\/www.arqueroszamora.es\/wp-content\/uploads\/2018\/10\/inauguracion-escuela-300x170.jpg 300w, http:\/\/www.arqueroszamora.es\/wp-content\/uploads\/2018\/10\/inauguracion-escuela-768x436.jpg 768w, http:\/\/www.arqueroszamora.es\/wp-content\/uploads\/2018\/10\/inauguracion-escuela-1024x581.jpg 1024w\" sizes=\"auto, (max-width: 700px) 100vw, 700px\" \/><\/a>La Delegaci\u00f3n de Tiro con Arco de Zamora y la Junta Directiva del CD. Arqueros Zamora inauguraron el viernes pasado una nueva edici\u00f3n de la Escuela Municipal de Tiro con Arco para el curso escolar 2018\/2019.<\/p>\n<p>Al acto asisti\u00f3 el Concejal de Deportes, D. Manuel Alesandre, que con su presencia quiso realzar esta escuela por su dilatada trayectoria y por su calidad y cantidad de ni\u00f1os que cada vez m\u00e1s demandan una plaza para aprender y disfrutar de este deporte minoritario.<\/p>\n<p>Con los objetivos muy claros por parte de sus responsables: Conocer y disfrutar la pr\u00e1ctica de un deporte en el tiempo de ocio, mejorar las habilidades y capacidades f\u00edsicas personales y contribuir con la pr\u00e1ctica deportiva al desarrollo integral de los j\u00f3venes arranca la escuela de tiro con arco con el m\u00e1ximo de ni\u00f1os posibles acorde con los monitores y espacio disponibles para que sea de la m\u00e1xima calidad la docencia impartida y el aprendizaje obtenido.<\/p>\n<p>&nbsp;<\/p>\n<p>&nbsp;<\/p>\n","protected":false},"excerpt":{"rendered":"<p>La Delegaci\u00f3n de Tiro con Arco de Zamora y la Junta Directiva del CD. Arqueros Zamora inauguraron el viernes pasado una nueva edici\u00f3n de la Escuela Municipal de Tiro con Arco para el curso escolar 2018\/2019. Al acto asisti\u00f3 el Concejal de Deportes, D. Manuel Alesandre, que con su presencia quiso realzar esta escuela por\u2026 <span class=\"read-more\"><a href=\"http:\/\/www.arqueroszamora.es\/index.php\/2018\/10\/15\/inauguracion-de-la-escuela-de-tiro-con-arco-curso-2018-19\/\">Leer m\u00e1s &raquo;<\/a><\/span><\/p>\n","protected":false},"author":5,"featured_media":1823,"comment_status":"open","ping_status":"open","sticky":false,"template":"","format":"standard","meta":{"footnotes":""},"categories":[7],"tags":[],"class_list":["post-1822","post","type-post","status-publish","format-standard","has-post-thumbnail","hentry","category-noticias"],"_links":{"self":[{"href":"http:\/\/www.arqueroszamora.es\/index.php\/wp-json\/wp\/v2\/posts\/1822","targetHints":{"allow":["GET"]}}],"collection":[{"href":"http:\/\/www.arqueroszamora.es\/index.php\/wp-json\/wp\/v2\/posts"}],"about":[{"href":"http:\/\/www.arqueroszamora.es\/index.php\/wp-json\/wp\/v2\/types\/post"}],"author":[{"embeddable":true,"href":"http:\/\/www.arqueroszamora.es\/index.php\/wp-json\/wp\/v2\/users\/5"}],"replies":[{"embeddable":true,"href":"http:\/\/www.arqueroszamora.es\/index.php\/wp-json\/wp\/v2\/comments?post=1822"}],"version-history":[{"count":0,"href":"http:\/\/www.arqueroszamora.es\/index.php\/wp-json\/wp\/v2\/posts\/1822\/revisions"}],"wp:featuredmedia":[{"embeddable":true,"href":"http:\/\/www.arqueroszamora.es\/index.php\/wp-json\/wp\/v2\/media\/1823"}],"wp:attachment":[{"href":"http:\/\/www.arqueroszamora.es\/index.php\/wp-json\/wp\/v2\/media?parent=1822"}],"wp:term":[{"taxonomy":"category","embeddable":true,"href":"http:\/\/www.arqueroszamora.es\/index.php\/wp-json\/wp\/v2\/categories?post=1822"},{"taxonomy":"post_tag","embeddable":true,"href":"http:\/\/www.arqueroszamora.es\/index.php\/wp-json\/wp\/v2\/tags?post=1822"}],"curies":[{"name":"wp","href":"https:\/\/api.w.org\/{rel}","templated":true}]}}