{"id":1852,"date":"2018-12-27T11:07:03","date_gmt":"2018-12-27T10:07:03","guid":{"rendered":"http:\/\/www.arqueroszamora.es\/?p=1852"},"modified":"2019-05-29T20:09:39","modified_gmt":"2019-05-29T19:09:39","slug":"exito-de-particcipacion-y-resultados-en-el-xx-torneo-nacional-de-navidad-y-vii-trofeo-reny-picot-de-tiro-con-arco","status":"publish","type":"post","link":"http:\/\/www.arqueroszamora.es\/index.php\/2018\/12\/27\/exito-de-particcipacion-y-resultados-en-el-xx-torneo-nacional-de-navidad-y-vii-trofeo-reny-picot-de-tiro-con-arco\/","title":{"rendered":"\u00c9XITO DE PARTICIPACI\u00d3N Y RESULTADOS EN EL XX TORNEO NACIONAL DE NAVIDAD Y VII TROFEO RENY PICOT DE TIRO CON ARCO."},"content":{"rendered":"<p>De nuevo el pabell\u00f3n azul de la Ciudad Deportiva de Zamora fue escenario este domingo de una prueba de tiro con arco de car\u00e1cter nacional.<\/p>\n<p>La XX Edici\u00f3n del veterano Torneo Nacional de Navidad, organizada brillantemente por el <strong>CD Arqueros Zamora<\/strong>, tuvo un doble \u00e9xito: uno de participaci\u00f3n al conseguir reunir a 92 arqueros de pr\u00e1cticamente toda la geograf\u00eda nacional y por primera vez del pa\u00eds vecino al venir desde Viseu, Portugal, dos tiradores, uno de ellos de alto nivel. Con ello el torneo se convirti\u00f3 en internacional. A\u00fan as\u00ed quedaron en lista de espera<\/p>\n<p><a href=\"http:\/\/www.arqueroszamora.es\/wp-content\/uploads\/2018\/12\/pan\u00f3ramica-de-la-excelente-l\u00ednea-de-tiro.jpg\" target=\"_blank\" rel=\"noopener noreferrer\"><img loading=\"lazy\" decoding=\"async\" class=\"alignright wp-image-1855 size-medium\" src=\"http:\/\/www.arqueroszamora.es\/wp-content\/uploads\/2018\/12\/pan\u00f3ramica-de-la-excelente-l\u00ednea-de-tiro-300x225.jpg\" alt=\"\" width=\"300\" height=\"225\" srcset=\"http:\/\/www.arqueroszamora.es\/wp-content\/uploads\/2018\/12\/pan\u00f3ramica-de-la-excelente-l\u00ednea-de-tiro-300x225.jpg 300w, http:\/\/www.arqueroszamora.es\/wp-content\/uploads\/2018\/12\/pan\u00f3ramica-de-la-excelente-l\u00ednea-de-tiro-768x576.jpg 768w, http:\/\/www.arqueroszamora.es\/wp-content\/uploads\/2018\/12\/pan\u00f3ramica-de-la-excelente-l\u00ednea-de-tiro.jpg 1024w\" sizes=\"auto, (max-width: 300px) 100vw, 300px\" \/><\/a>bastantes arqueros que hab\u00edan solicitado participar pero ya no hab\u00eda espacio suficiente. El otro \u00e9xito fue de resultados; hubo un nivel alto, tanto que el arquero portugu\u00e9s <strong>Rui Baptista Pereira<\/strong> bati\u00f3 el record nacional de Portugal en arco compuesto. Muy cerca de alcanzar el record de Espa\u00f1a con arco longbow estuvo <strong>Jos\u00e9 Prieto Prieto<\/strong>, zamorano afincado en Ciudad Rodrigo, aunque s\u00ed consigui\u00f3 el record de Cartilla y Le\u00f3n.<\/p>\n<p>A la prueba se presentaban una veintena de zamoranos, algunos con serias posibilidades de alcanzar podios como as\u00ed qued\u00f3 demostrado m\u00e1s tarde. Entre ellos estaban <strong>Laura Merayo, Henar Quintano, \u00c1lvaro Artime, Ramiro Portales, Mati Pe\u00f1a, Jos\u00e9 Luis Delgado, Benjam\u00edn Rodr\u00edguez y Carlos Garc\u00eda<\/strong>, que a pesar de no entrenar, cuando acude a Zamora participa si puede y siempre es un seguro contar con su participaci\u00f3n por aquello \u201c del que tuvo, retuvo\u201d. Debut\u00f3 en competici\u00f3n oficial <strong>Mercedes Garrido<\/strong> que acab\u00f3 con muy buenas sensaciones.<\/p>\n<p>La prueba, homologada por la Word Archery, constaba de 60 flechas tiradas de tres en tres; comenz\u00f3 guardando un minuto de riguroso silencio por las v\u00edctimas de la violencia de g\u00e9nero.<\/p>\n<p><a href=\"http:\/\/www.arqueroszamora.es\/wp-content\/uploads\/2018\/12\/linea-de-tiro-completa.jpg\"><img loading=\"lazy\" decoding=\"async\" class=\"alignleft wp-image-1853 size-medium\" src=\"http:\/\/www.arqueroszamora.es\/wp-content\/uploads\/2018\/12\/linea-de-tiro-completa-300x200.jpg\" alt=\"\" width=\"300\" height=\"200\" srcset=\"http:\/\/www.arqueroszamora.es\/wp-content\/uploads\/2018\/12\/linea-de-tiro-completa-300x200.jpg 300w, http:\/\/www.arqueroszamora.es\/wp-content\/uploads\/2018\/12\/linea-de-tiro-completa-768x512.jpg 768w, http:\/\/www.arqueroszamora.es\/wp-content\/uploads\/2018\/12\/linea-de-tiro-completa.jpg 1024w\" sizes=\"auto, (max-width: 300px) 100vw, 300px\" \/><\/a>Cuando acab\u00f3 esta prueba los resultados daban un r\u00e9cord nacional de Portugal conseguido por <strong>Rui Baptista<\/strong> al batir los 589 puntos en los que estaba y conseguir 590 con dos parciales de 294 y 296 puntos. Adem\u00e1s consegu\u00eda el primer puesto de la competici\u00f3n de arco compuesto. En esta modalidad <strong>Carlos Garc\u00eda<\/strong> se qued\u00f3 a s\u00f3lo cinco puntos de subir al podio.<\/p>\n<p>Y si Carlos se qued\u00f3 cerca, m\u00e1s a\u00fan <strong>Mati Pe\u00f1a<\/strong> que por un solo punto no subi\u00f3 al caj\u00f3n en tercer lugar. Una pena para ambos.<\/p>\n<p>El \u00e9xito zamorano vino de la mano de las f\u00e9minas de arco recurvo. <strong>Laura Merayo<\/strong>, junior a\u00fan, hizo una gran primera parte que, aunque baj\u00f3 ligeramente en la segunda tanda, le vali\u00f3 para llevarse el torneo y proclamarse campeona frente a otra zamorana, <strong>Henar Quintano<\/strong>, que su trayectoria fue la inversa a Laura: comenz\u00f3 floja pero en la segunda tanda a punto estuvo de batir a Laura. S\u00f3lo dos puntos la separaron del primer puesto. Buen podio para las dos zamoranas que siguen acreditando ser de las mejores. Estas dos arqueras junto a <strong>Raquel Gonz\u00e1lez<\/strong> y <strong>Jorge \u00c1lvarez<\/strong> van a dar muchas alegr\u00edas al club zamorano.<\/p>\n<p>En hombres de arco recurvo fue <strong>Ramiro Portales<\/strong>, incombustible y valor seguro en las competiciones, el \u00fanico que logro subir al caj\u00f3n en tercer lugar a cinco puntos del segundo.<\/p>\n<p><strong>Benjam\u00edn Gonz\u00e1lez<\/strong>, otro zamorano del club, con arco tradicional, se alz\u00f3 con el bronce a pesar de llevar muy poco tiempo practicando este deporte y modalidad. Su alegr\u00eda era alta por ser la primera vez que lograba estar en el caj\u00f3n entre los mejores.<\/p>\n<p>Buen balance para los zamoranos en esta primera prueba: oro, plata y dos bronces.<\/p>\n<p>En la segunda prueba, <strong>VII Trofeo Reny Picot<\/strong>, torneo del k.o. los arqueros tienen que ir superando la puntuaci\u00f3n m\u00ednima establecida hasta llegar a la final con 30 puntos conseguidos con tres flechas. Ning\u00fan zamorano lo alcanz\u00f3 siendo <strong>Daniel Garc\u00eda<\/strong> quien m\u00e1s lejos lleg\u00f3 al superar los 29 puntos y caer en el intento de los 30.<a href=\"http:\/\/www.arqueroszamora.es\/wp-content\/uploads\/2018\/12\/Mati-Pe\u00f1a-segunda-por-la-derecha-fijando-su-objetivo-.jpg\"><img loading=\"lazy\" decoding=\"async\" class=\"alignright wp-image-1854 size-medium\" src=\"http:\/\/www.arqueroszamora.es\/wp-content\/uploads\/2018\/12\/Mati-Pe\u00f1a-segunda-por-la-derecha-fijando-su-objetivo--300x225.jpg\" alt=\"\" width=\"300\" height=\"225\" srcset=\"http:\/\/www.arqueroszamora.es\/wp-content\/uploads\/2018\/12\/Mati-Pe\u00f1a-segunda-por-la-derecha-fijando-su-objetivo--300x225.jpg 300w, http:\/\/www.arqueroszamora.es\/wp-content\/uploads\/2018\/12\/Mati-Pe\u00f1a-segunda-por-la-derecha-fijando-su-objetivo--768x576.jpg 768w, http:\/\/www.arqueroszamora.es\/wp-content\/uploads\/2018\/12\/Mati-Pe\u00f1a-segunda-por-la-derecha-fijando-su-objetivo-.jpg 960w\" sizes=\"auto, (max-width: 300px) 100vw, 300px\" \/><\/a><\/p>\n<p>En este trofeo los cuatro quesos Reny Picot fueron para <strong>Juan Antonio Prieto Redondo<\/strong> ( Arqueros Tradicionales de Valladolid), <strong>Jos\u00e9 Francisco Prieto Prieto<\/strong> ( Arcomir\u00f3briga), <strong>Carlos Iglesias Mart\u00edn<\/strong> ( Arqueros de Sol XIV) y <strong>Elvis Garc\u00eda Garc\u00eda<\/strong> ( Tiro con Arco Ponferrada) con arco tradicional, Lonbow, recurvo y compuesto respectivamente.<\/p>\n<p>Este a\u00f1o la organizaci\u00f3n meti\u00f3 otra prueba para dar m\u00e1s mordiente y posibilidades de premio a todos los participantes. En este caso s\u00f3lo tirar\u00edan dos flechas en un minuto a un sobre colocado en la diana. En el sobre estaba escrito el nombre de un regalo. Si pinchaban el sobre el regalo que hubiese era para el arquero. Fue un \u00e9xito porque los regalos, donados por colaboradores, eran buenos y todos quer\u00edan llevarse uno.<\/p>\n<p>Acabada la competici\u00f3n se hizo entrega de trofeos, a la que acudi\u00f3 el Concejal de Deportes, <strong>Manuel Alessander<\/strong>. Posteriormente todos los asistentes acudieron a la sala de entrenamiento del club para degustar unas viandas de la tierra y recoger los regalos que hab\u00edan conseguido con la \u00faltima prueba.<\/p>\n<p>La siguiente prueba, oficial, ser\u00e1 en Le\u00f3n los d\u00edas 12 de enero los menores y cadetes y el 13 los junior y senior que disputaran el Campeonato Territorial de Sala.<\/p>\n<p style=\"text-align: center;\"><a href=\"http:\/\/www.arqueroszamora.es\/wp-content\/uploads\/2018\/12\/CLASIFICACION-INDIVIDUAL-NAVIDAD.pdf\" target=\"_blank\" rel=\"noopener noreferrer\">RESULTADOS<\/a><\/p>\n<p>&nbsp;<\/p>\n<div id=\"attachment_1856\" style=\"width: 610px\" class=\"wp-caption aligncenter\"><a href=\"http:\/\/www.arqueroszamora.es\/wp-content\/uploads\/2018\/12\/Zamoranos-en-el-torneo.jpg\" target=\"_blank\" rel=\"noopener noreferrer\"><img loading=\"lazy\" decoding=\"async\" aria-describedby=\"caption-attachment-1856\" class=\"wp-image-1856\" src=\"http:\/\/www.arqueroszamora.es\/wp-content\/uploads\/2018\/12\/Zamoranos-en-el-torneo.jpg\" alt=\"\" width=\"600\" height=\"450\" srcset=\"http:\/\/www.arqueroszamora.es\/wp-content\/uploads\/2018\/12\/Zamoranos-en-el-torneo.jpg 1024w, http:\/\/www.arqueroszamora.es\/wp-content\/uploads\/2018\/12\/Zamoranos-en-el-torneo-300x225.jpg 300w, http:\/\/www.arqueroszamora.es\/wp-content\/uploads\/2018\/12\/Zamoranos-en-el-torneo-768x576.jpg 768w\" sizes=\"auto, (max-width: 600px) 100vw, 600px\" \/><\/a><p id=\"caption-attachment-1856\" class=\"wp-caption-text\">OLYMPUS DIGITAL CAMERA<\/p><\/div>\n<p>&nbsp;<\/p>\n","protected":false},"excerpt":{"rendered":"<p>De nuevo el pabell\u00f3n azul de la Ciudad Deportiva de Zamora fue escenario este domingo de una prueba de tiro con arco de car\u00e1cter nacional. La XX Edici\u00f3n del veterano Torneo Nacional de Navidad, organizada brillantemente por el CD Arqueros Zamora, tuvo un doble \u00e9xito: uno de participaci\u00f3n al conseguir reunir a 92 arqueros de\u2026 <span class=\"read-more\"><a href=\"http:\/\/www.arqueroszamora.es\/index.php\/2018\/12\/27\/exito-de-particcipacion-y-resultados-en-el-xx-torneo-nacional-de-navidad-y-vii-trofeo-reny-picot-de-tiro-con-arco\/\">Leer m\u00e1s &raquo;<\/a><\/span><\/p>\n","protected":false},"author":5,"featured_media":1855,"comment_status":"closed","ping_status":"closed","sticky":false,"template":"","format":"standard","meta":{"footnotes":""},"categories":[4,7],"tags":[],"class_list":["post-1852","post","type-post","status-publish","format-standard","has-post-thumbnail","hentry","category-competiciones","category-noticias"],"_links":{"self":[{"href":"http:\/\/www.arqueroszamora.es\/index.php\/wp-json\/wp\/v2\/posts\/1852","targetHints":{"allow":["GET"]}}],"collection":[{"href":"http:\/\/www.arqueroszamora.es\/index.php\/wp-json\/wp\/v2\/posts"}],"about":[{"href":"http:\/\/www.arqueroszamora.es\/index.php\/wp-json\/wp\/v2\/types\/post"}],"author":[{"embeddable":true,"href":"http:\/\/www.arqueroszamora.es\/index.php\/wp-json\/wp\/v2\/users\/5"}],"replies":[{"embeddable":true,"href":"http:\/\/www.arqueroszamora.es\/index.php\/wp-json\/wp\/v2\/comments?post=1852"}],"version-history":[{"count":0,"href":"http:\/\/www.arqueroszamora.es\/index.php\/wp-json\/wp\/v2\/posts\/1852\/revisions"}],"wp:featuredmedia":[{"embeddable":true,"href":"http:\/\/www.arqueroszamora.es\/index.php\/wp-json\/wp\/v2\/media\/1855"}],"wp:attachment":[{"href":"http:\/\/www.arqueroszamora.es\/index.php\/wp-json\/wp\/v2\/media?parent=1852"}],"wp:term":[{"taxonomy":"category","embeddable":true,"href":"http:\/\/www.arqueroszamora.es\/index.php\/wp-json\/wp\/v2\/categories?post=1852"},{"taxonomy":"post_tag","embeddable":true,"href":"http:\/\/www.arqueroszamora.es\/index.php\/wp-json\/wp\/v2\/tags?post=1852"}],"curies":[{"name":"wp","href":"https:\/\/api.w.org\/{rel}","templated":true}]}}